{"id":1014,"date":"2026-03-01T21:53:08","date_gmt":"2026-03-01T20:53:08","guid":{"rendered":"http:\/\/powiatwwl.pl\/?p=1014"},"modified":"2026-03-02T11:41:02","modified_gmt":"2026-03-02T10:41:02","slug":"dla-pani-ani","status":"publish","type":"post","link":"https:\/\/powiatwwl.pl\/?p=1014","title":{"rendered":"Koncert dla Pani Ani"},"content":{"rendered":"\n<p>KONCERT CHARATATYWNY DLA PANI ANI !<\/p>\n\n\n<div class=\"wp-block-image\">\n<figure class=\"aligncenter size-full\"><img loading=\"lazy\" decoding=\"async\" width=\"509\" height=\"720\" src=\"https:\/\/powiatwwl.pl\/wp-content\/uploads\/2026\/02\/641273135_1488285139968619_8317522085996889837_n.jpg\" alt=\"\" class=\"wp-image-1015\" srcset=\"https:\/\/powiatwwl.pl\/wp-content\/uploads\/2026\/02\/641273135_1488285139968619_8317522085996889837_n.jpg 509w, https:\/\/powiatwwl.pl\/wp-content\/uploads\/2026\/02\/641273135_1488285139968619_8317522085996889837_n-212x300.jpg 212w\" sizes=\"auto, (max-width: 509px) 100vw, 509px\" \/><\/figure>\n<\/div>\n\n\n<p>Spo\u0142eczno\u015b\u0107 Szkolna <a href=\"https:\/\/www.facebook.com\/ILOPULWolomin?__cft__[0]=AZbSlg2r2F8G87qhIoy84FVRzFao2BJKNXPEWLJCVWBp1l0018OSLul8KPOPI_S3RnmlCylT90UCj6-9EFyX0zre3KFBGgebXQV4IzpuubEQ5F_fUY5w3rvrANaMcY5S3sPp0OSKhnSFT8_4_tREmuu-vRq7sxzz45iHFoADoXCKzcvEZCiZyzyIF-sbQzMuynUM3d5IUaSs-R-dQv30Z9fo&amp;__tn__=-]K-R\">I LO PUL w Wo\u0142ominie<\/a> serdecznie zaprasza na wyj\u0105tkowy koncert charytatywny \u201eGramy dla Pani Ani\u201d<\/p>\n\n\n\n<p>Termin: <img loading=\"lazy\" decoding=\"async\" height=\"16\" width=\"16\" src=\"https:\/\/static.xx.fbcdn.net\/images\/emoji.php\/v9\/t53\/1\/16\/38_20e3.png\" alt=\"8\ufe0f\u20e3\">.<img loading=\"lazy\" decoding=\"async\" height=\"16\" width=\"16\" src=\"https:\/\/static.xx.fbcdn.net\/images\/emoji.php\/v9\/t5b\/1\/16\/30_20e3.png\" alt=\"0\ufe0f\u20e3\"><img loading=\"lazy\" decoding=\"async\" height=\"16\" width=\"16\" src=\"https:\/\/static.xx.fbcdn.net\/images\/emoji.php\/v9\/tb8\/1\/16\/33_20e3.png\" alt=\"3\ufe0f\u20e3\">.<img loading=\"lazy\" decoding=\"async\" height=\"16\" width=\"16\" src=\"https:\/\/static.xx.fbcdn.net\/images\/emoji.php\/v9\/t99\/1\/16\/32_20e3.png\" alt=\"2\ufe0f\u20e3\"><img loading=\"lazy\" decoding=\"async\" height=\"16\" width=\"16\" src=\"https:\/\/static.xx.fbcdn.net\/images\/emoji.php\/v9\/t5b\/1\/16\/30_20e3.png\" alt=\"0\ufe0f\u20e3\"><img loading=\"lazy\" decoding=\"async\" height=\"16\" width=\"16\" src=\"https:\/\/static.xx.fbcdn.net\/images\/emoji.php\/v9\/t99\/1\/16\/32_20e3.png\" alt=\"2\ufe0f\u20e3\"><img loading=\"lazy\" decoding=\"async\" height=\"16\" width=\"16\" src=\"https:\/\/static.xx.fbcdn.net\/images\/emoji.php\/v9\/t15\/1\/16\/36_20e3.png\" alt=\"6\ufe0f\u20e3\">r. DZIE\u0143 KOBIET .Miejsce: Hala szkolna <a href=\"https:\/\/www.facebook.com\/ILOPULWolomin?__cft__[0]=AZbSlg2r2F8G87qhIoy84FVRzFao2BJKNXPEWLJCVWBp1l0018OSLul8KPOPI_S3RnmlCylT90UCj6-9EFyX0zre3KFBGgebXQV4IzpuubEQ5F_fUY5w3rvrANaMcY5S3sPp0OSKhnSFT8_4_tREmuu-vRq7sxzz45iHFoADoXCKzcvEZCiZyzyIF-sbQzMuynUM3d5IUaSs-R-dQv30Z9fo&amp;__tn__=-]K-R\">I LO PUL w Wo\u0142ominie<\/a> Laskowa 4 godz. 16.30 &#8211; 19.00<\/p>\n\n\n\n<p>Podczas wydarzenia b\u0119dzie prowadzona zbi\u00f3rka na rzecz leczenia i rehabilitacj\u0119 wspania\u0142ej nauczycielki j\u0119zyka angielskiego i wychowawczyni klasy 1C <a href=\"https:\/\/www.facebook.com\/ILOPULWolomin?__cft__[0]=AZbSlg2r2F8G87qhIoy84FVRzFao2BJKNXPEWLJCVWBp1l0018OSLul8KPOPI_S3RnmlCylT90UCj6-9EFyX0zre3KFBGgebXQV4IzpuubEQ5F_fUY5w3rvrANaMcY5S3sPp0OSKhnSFT8_4_tREmuu-vRq7sxzz45iHFoADoXCKzcvEZCiZyzyIF-sbQzMuynUM3d5IUaSs-R-dQv30Z9fo&amp;__tn__=-]K-R\">I LO PUL w Wo\u0142ominie<\/a> &#8211; Pani Anny Kacperskiej  \u2014 osoby niezwykle serdecznej, zaanga\u017cowanej i cenionej przez ca\u0142\u0105 szkoln\u0105 spo\u0142eczno\u015b\u0107. <\/p>\n\n\n\n<p>W programie wydarzenia: Wyst\u0119py wokalne Kadet\u00f3w oraz Kadry <a href=\"https:\/\/www.facebook.com\/ILOPULWolomin?__cft__[0]=AZbSlg2r2F8G87qhIoy84FVRzFao2BJKNXPEWLJCVWBp1l0018OSLul8KPOPI_S3RnmlCylT90UCj6-9EFyX0zre3KFBGgebXQV4IzpuubEQ5F_fUY5w3rvrANaMcY5S3sPp0OSKhnSFT8_4_tREmuu-vRq7sxzz45iHFoADoXCKzcvEZCiZyzyIF-sbQzMuynUM3d5IUaSs-R-dQv30Z9fo&amp;__tn__=-]K-R\">I LO PUL w Wo\u0142ominie<\/a>, Pokazy taneczne Kadet\u00f3w <a href=\"https:\/\/www.facebook.com\/ILOPULWolomin?__cft__[0]=AZbSlg2r2F8G87qhIoy84FVRzFao2BJKNXPEWLJCVWBp1l0018OSLul8KPOPI_S3RnmlCylT90UCj6-9EFyX0zre3KFBGgebXQV4IzpuubEQ5F_fUY5w3rvrANaMcY5S3sPp0OSKhnSFT8_4_tREmuu-vRq7sxzz45iHFoADoXCKzcvEZCiZyzyIF-sbQzMuynUM3d5IUaSs-R-dQv30Z9fo&amp;__tn__=-]K-R\">I LO PUL w Wo\u0142ominie<\/a>. Aukcje charytatywne na rzecz Pani Ani (ogrom przepi\u0119knych prac oraz wyj\u0105tkowych us\u0142ug i atrakcji proponowanych przez Kadet\u00f3w, Rodzic\u00f3w, Kadr\u0119 i Przyjaci\u00f3\u0142 szko\u0142y !. Stoiska promocyjne, Kiermasz szkolny, S\u0142odki pocz\u0119stunek. To b\u0119dzie wyj\u0105tkowe popo\u0142udnie pe\u0142ne muzyki, emocji, wsparcia i wsp\u00f3lnego dzia\u0142ania.<\/p>\n\n\n\n<p>Do\u0142\u0105cz do nas i pom\u00f3\u017cmy razem Pani Ani! Serdecznie zapraszamy! <\/p>\n\n\n\n<p>Partnerzy: <a href=\"https:\/\/www.facebook.com\/profile.php?id=100079900584413&amp;__cft__[0]=AZbSlg2r2F8G87qhIoy84FVRzFao2BJKNXPEWLJCVWBp1l0018OSLul8KPOPI_S3RnmlCylT90UCj6-9EFyX0zre3KFBGgebXQV4IzpuubEQ5F_fUY5w3rvrANaMcY5S3sPp0OSKhnSFT8_4_tREmuu-vRq7sxzz45iHFoADoXCKzcvEZCiZyzyIF-sbQzMuynUM3d5IUaSs-R-dQv30Z9fo&amp;__tn__=-]K-R\">Fundacja Niezawodni<\/a><a href=\"https:\/\/www.facebook.com\/DajMiSkrzydla?__cft__[0]=AZbSlg2r2F8G87qhIoy84FVRzFao2BJKNXPEWLJCVWBp1l0018OSLul8KPOPI_S3RnmlCylT90UCj6-9EFyX0zre3KFBGgebXQV4IzpuubEQ5F_fUY5w3rvrANaMcY5S3sPp0OSKhnSFT8_4_tREmuu-vRq7sxzz45iHFoADoXCKzcvEZCiZyzyIF-sbQzMuynUM3d5IUaSs-R-dQv30Z9fo&amp;__tn__=-]K-R\">Fundacja Daj Mi Skrzyd\u0142a<\/a><a href=\"https:\/\/www.facebook.com\/ospwolomin?__cft__[0]=AZbSlg2r2F8G87qhIoy84FVRzFao2BJKNXPEWLJCVWBp1l0018OSLul8KPOPI_S3RnmlCylT90UCj6-9EFyX0zre3KFBGgebXQV4IzpuubEQ5F_fUY5w3rvrANaMcY5S3sPp0OSKhnSFT8_4_tREmuu-vRq7sxzz45iHFoADoXCKzcvEZCiZyzyIF-sbQzMuynUM3d5IUaSs-R-dQv30Z9fo&amp;__tn__=-]K-R\">Ochotnicza Stra\u017c Po\u017carna Wo\u0142omin<\/a><a href=\"https:\/\/www.facebook.com\/FAMAWolomin?__cft__[0]=AZbSlg2r2F8G87qhIoy84FVRzFao2BJKNXPEWLJCVWBp1l0018OSLul8KPOPI_S3RnmlCylT90UCj6-9EFyX0zre3KFBGgebXQV4IzpuubEQ5F_fUY5w3rvrANaMcY5S3sPp0OSKhnSFT8_4_tREmuu-vRq7sxzz45iHFoADoXCKzcvEZCiZyzyIF-sbQzMuynUM3d5IUaSs-R-dQv30Z9fo&amp;__tn__=-]K-R\">Radio FAMA Wo\u0142omin 94,7 FM<\/a><a href=\"https:\/\/www.facebook.com\/salwa.bractwostrzeleckie?__cft__[0]=AZbSlg2r2F8G87qhIoy84FVRzFao2BJKNXPEWLJCVWBp1l0018OSLul8KPOPI_S3RnmlCylT90UCj6-9EFyX0zre3KFBGgebXQV4IzpuubEQ5F_fUY5w3rvrANaMcY5S3sPp0OSKhnSFT8_4_tREmuu-vRq7sxzz45iHFoADoXCKzcvEZCiZyzyIF-sbQzMuynUM3d5IUaSs-R-dQv30Z9fo&amp;__tn__=-]K-R\">Salwa Bractwo Strzeleckie<\/a><a href=\"https:\/\/www.facebook.com\/SP2SLUPNO?__cft__[0]=AZbSlg2r2F8G87qhIoy84FVRzFao2BJKNXPEWLJCVWBp1l0018OSLul8KPOPI_S3RnmlCylT90UCj6-9EFyX0zre3KFBGgebXQV4IzpuubEQ5F_fUY5w3rvrANaMcY5S3sPp0OSKhnSFT8_4_tREmuu-vRq7sxzz45iHFoADoXCKzcvEZCiZyzyIF-sbQzMuynUM3d5IUaSs-R-dQv30Z9fo&amp;__tn__=-]K-R\">Szko\u0142a Podstawowa Nr 2 im. M.Che\u0142mo\u0144skiej-Szczepankowskiej w S\u0142upnie<\/a> FranZ audio &#8211; Maciej Fr\u0105ckowiak, Pracownia Florystyczna Agnieszka \u017bebrowska <img loading=\"lazy\" decoding=\"async\" height=\"16\" width=\"16\" alt=\"\u2764\" src=\"https:\/\/static.xx.fbcdn.net\/images\/emoji.php\/v9\/t6c\/1\/16\/2764.png\"><\/p>\n\n\n\n<p>Fundacja Daj Mi Skrzyd\u0142a konto na darowizny dla p. Ani: 30 2130 0004 2001 0616 8835 0005. Odpisz 1,5% podatku: KRS: 0000438879: Anna Kacperska<\/p>\n\n\n<div class=\"wp-block-image\">\n<figure class=\"aligncenter size-full\"><img loading=\"lazy\" decoding=\"async\" width=\"526\" height=\"789\" src=\"https:\/\/powiatwwl.pl\/wp-content\/uploads\/2026\/02\/641320318_1488293409967792_2164569553914131913_n.jpg\" alt=\"\" class=\"wp-image-1016\" srcset=\"https:\/\/powiatwwl.pl\/wp-content\/uploads\/2026\/02\/641320318_1488293409967792_2164569553914131913_n.jpg 526w, https:\/\/powiatwwl.pl\/wp-content\/uploads\/2026\/02\/641320318_1488293409967792_2164569553914131913_n-200x300.jpg 200w\" sizes=\"auto, (max-width: 526px) 100vw, 526px\" \/><\/figure>\n<\/div>\n\n<div class=\"wp-block-image\">\n<figure class=\"alignleft size-large is-resized\"><img loading=\"lazy\" decoding=\"async\" width=\"943\" height=\"1024\" src=\"https:\/\/powiatwwl.pl\/wp-content\/uploads\/2026\/02\/406918724_834110852052721_785468657989585474_n-943x1024.jpg\" alt=\"\" class=\"wp-image-1577\" style=\"width:105px;height:auto\" srcset=\"https:\/\/powiatwwl.pl\/wp-content\/uploads\/2026\/02\/406918724_834110852052721_785468657989585474_n-943x1024.jpg 943w, https:\/\/powiatwwl.pl\/wp-content\/uploads\/2026\/02\/406918724_834110852052721_785468657989585474_n-276x300.jpg 276w, https:\/\/powiatwwl.pl\/wp-content\/uploads\/2026\/02\/406918724_834110852052721_785468657989585474_n-768x834.jpg 768w, https:\/\/powiatwwl.pl\/wp-content\/uploads\/2026\/02\/406918724_834110852052721_785468657989585474_n-1415x1536.jpg 1415w, https:\/\/powiatwwl.pl\/wp-content\/uploads\/2026\/02\/406918724_834110852052721_785468657989585474_n.jpg 1886w\" sizes=\"auto, (max-width: 943px) 100vw, 943px\" \/><\/figure>\n<\/div>\n\n\n<h2 class=\"wp-block-heading has-text-align-left\"><strong><a href=\"https:\/\/www.facebook.com\/ILOPULWolomin\">I LO PUL<\/a><\/strong><\/h2>\n\n\n\n<hr class=\"wp-block-separator aligncenter has-alpha-channel-opacity\"\/>\n\n\n<div class=\"wp-block-image\">\n<figure class=\"alignleft size-large is-resized\"><img loading=\"lazy\" decoding=\"async\" width=\"943\" height=\"1024\" src=\"https:\/\/powiatwwl.pl\/wp-content\/uploads\/2026\/02\/406918724_834110852052721_785468657989585474_n-943x1024.jpg\" alt=\"\" class=\"wp-image-1577\" style=\"aspect-ratio:0.9209033649998261;width:89px;height:auto\" srcset=\"https:\/\/powiatwwl.pl\/wp-content\/uploads\/2026\/02\/406918724_834110852052721_785468657989585474_n-943x1024.jpg 943w, https:\/\/powiatwwl.pl\/wp-content\/uploads\/2026\/02\/406918724_834110852052721_785468657989585474_n-276x300.jpg 276w, https:\/\/powiatwwl.pl\/wp-content\/uploads\/2026\/02\/406918724_834110852052721_785468657989585474_n-768x834.jpg 768w, https:\/\/powiatwwl.pl\/wp-content\/uploads\/2026\/02\/406918724_834110852052721_785468657989585474_n-1415x1536.jpg 1415w, https:\/\/powiatwwl.pl\/wp-content\/uploads\/2026\/02\/406918724_834110852052721_785468657989585474_n.jpg 1886w\" sizes=\"auto, (max-width: 943px) 100vw, 943px\" \/><\/figure>\n<\/div>\n\n\n<h2 class=\"wp-block-heading\"><strong><a href=\"https:\/\/www.facebook.com\/ILOPULWolomin\">I LO PUL w WO\u0141OMINIE FACEBOOK<\/a><\/strong><\/h2>\n","protected":false},"excerpt":{"rendered":"<p>Spo\u0142eczno\u015b\u0107 Szkolna I LO PUL w Wo\u0142ominie serdecznie zaprasza na wyj\u0105tkowy koncert charytatywny \u201eGramy dla Pani Ani\u201d<\/p>\n<p>Termin: ..r. DZIE\u0143 KOBIET .Miejsce: Hala szkolna I LO PUL w Wo\u0142ominie Laskowa 4 godz. 16.30 &#8211; 19.00<\/p>\n<p>Podczas wydarzenia b\u0119dzie prowadzona zbi\u00f3rka na rzecz leczenia i rehabilitacj\u0119 wspania\u0142ej nauczycielki j\u0119zyka angielskiego i wychowawczyni klasy 1C I LO PUL w Wo\u0142ominie &#8211; Pani Anny Kacperskiej  \u2014 osoby niezwykle serdecznej, zaanga\u017cowanej i cenionej przez ca\u0142\u0105 szkoln\u0105 spo\u0142eczno\u015b\u0107. <\/p>\n<p>W programie wydarzenia: Wyst\u0119py wokalne Kadet\u00f3w oraz Kadry I LO PUL w Wo\u0142ominie, Pokazy taneczne Kadet\u00f3w I LO PUL w Wo\u0142ominie. Aukcje charytatywne na rzecz Pani Ani (ogrom przepi\u0119knych prac oraz wyj\u0105tkowych us\u0142ug i atrakcji proponowanych przez Kadet\u00f3w, Rodzic\u00f3w, Kadr\u0119 i Przyjaci\u00f3\u0142 szko\u0142y !&#8230;<\/p>\n","protected":false},"author":1,"featured_media":1015,"comment_status":"open","ping_status":"open","sticky":false,"template":"","format":"standard","meta":{"footnotes":""},"categories":[1],"tags":[],"class_list":["post-1014","post","type-post","status-publish","format-standard","has-post-thumbnail","hentry","category-aktualnosci"],"_links":{"self":[{"href":"https:\/\/powiatwwl.pl\/index.php?rest_route=\/wp\/v2\/posts\/1014","targetHints":{"allow":["GET"]}}],"collection":[{"href":"https:\/\/powiatwwl.pl\/index.php?rest_route=\/wp\/v2\/posts"}],"about":[{"href":"https:\/\/powiatwwl.pl\/index.php?rest_route=\/wp\/v2\/types\/post"}],"author":[{"embeddable":true,"href":"https:\/\/powiatwwl.pl\/index.php?rest_route=\/wp\/v2\/users\/1"}],"replies":[{"embeddable":true,"href":"https:\/\/powiatwwl.pl\/index.php?rest_route=%2Fwp%2Fv2%2Fcomments&post=1014"}],"version-history":[{"count":7,"href":"https:\/\/powiatwwl.pl\/index.php?rest_route=\/wp\/v2\/posts\/1014\/revisions"}],"predecessor-version":[{"id":1613,"href":"https:\/\/powiatwwl.pl\/index.php?rest_route=\/wp\/v2\/posts\/1014\/revisions\/1613"}],"wp:featuredmedia":[{"embeddable":true,"href":"https:\/\/powiatwwl.pl\/index.php?rest_route=\/wp\/v2\/media\/1015"}],"wp:attachment":[{"href":"https:\/\/powiatwwl.pl\/index.php?rest_route=%2Fwp%2Fv2%2Fmedia&parent=1014"}],"wp:term":[{"taxonomy":"category","embeddable":true,"href":"https:\/\/powiatwwl.pl\/index.php?rest_route=%2Fwp%2Fv2%2Fcategories&post=1014"},{"taxonomy":"post_tag","embeddable":true,"href":"https:\/\/powiatwwl.pl\/index.php?rest_route=%2Fwp%2Fv2%2Ftags&post=1014"}],"curies":[{"name":"wp","href":"https:\/\/api.w.org\/{rel}","templated":true}]}}