{"id":1021,"date":"2026-02-28T19:26:00","date_gmt":"2026-02-28T18:26:00","guid":{"rendered":"http:\/\/powiatwwl.pl\/?p=1021"},"modified":"2026-03-01T19:39:31","modified_gmt":"2026-03-01T18:39:31","slug":"powiatowa-inwestycja-drogowa-w-zabkach","status":"publish","type":"post","link":"https:\/\/powiatwwl.pl\/?p=1021","title":{"rendered":"Powiatowa Inwestycja drogowa w Z\u0105bkach &#8211; wkr\u00f3tce \/VIDEO\/"},"content":{"rendered":"\n<figure class=\"wp-block-image size-full is-resized\"><img loading=\"lazy\" decoding=\"async\" width=\"1280\" height=\"720\" src=\"https:\/\/powiatwwl.pl\/wp-content\/uploads\/2026\/02\/ZP1.jpg\" alt=\"\" class=\"wp-image-1426\" style=\"width:748px;height:auto\" srcset=\"https:\/\/powiatwwl.pl\/wp-content\/uploads\/2026\/02\/ZP1.jpg 1280w, https:\/\/powiatwwl.pl\/wp-content\/uploads\/2026\/02\/ZP1-300x169.jpg 300w, https:\/\/powiatwwl.pl\/wp-content\/uploads\/2026\/02\/ZP1-1024x576.jpg 1024w, https:\/\/powiatwwl.pl\/wp-content\/uploads\/2026\/02\/ZP1-768x432.jpg 768w\" sizes=\"auto, (max-width: 1280px) 100vw, 1280px\" \/><\/figure>\n\n\n\n<p>W dniu 19 lutego Wojewoda Mazowiecki og\u0142osi\u0142 przyznanie \ud835\udfed\ud835\udfee \ud835\udff5\ud835\udfee\ud835\udff2 \ud835\udff0\ud835\udff1\ud835\udff0,\ud835\udff0\ud835\udff5 \ud835\ude6f\u0142 dla Powiatu Wo\u0142omi\u0144skiego na rozbudow\u0119 drogi powiatowej nr 4363W \u2013 \ud835\ude02\ud835\uddf9. \ud835\udde3\ud835\uddf6\u0142\ud835\ude00\ud835\ude02\ud835\uddf1\ud835\ude00\ud835\uddf8\ud835\uddf6\ud835\uddf2\ud835\uddf4\ud835\uddfc w naszym Mie\u015bcie Z\u0105bki (od skrzy\u017cowania z DW 634 do km 0+936,28). \u015arodki pochodz\u0105 z Rz\u0105dowego Funduszu Rozwoju Dr\u00f3g. To bardzo wa\u017cna inwestycja drogowa w Z\u0105bkach oraz w tej cz\u0119\u015bci powiatu \u2013 poprawi bezpiecze\u0144stwo, usprawni ruch i znacz\u0105co podniesie komfort codziennego funkcjonowania nas, mieszka\u0144c\u00f3w Z\u0105bek. Konsekwentnie realizujemy wa\u017cne inwestycje infrastrukturalne i skutecznie pozyskujemy \u015brodki zewn\u0119trzne na rozw\u00f3j miast i gmin Powiatu Wo\u0142omi\u0144skiego. (TK)<\/p>\n\n\n\n<figure class=\"wp-block-embed is-type-video is-provider-youtube wp-block-embed-youtube wp-embed-aspect-16-9 wp-has-aspect-ratio\"><div class=\"wp-block-embed__wrapper\">\n<div class=\"video-container\"><iframe loading=\"lazy\" title=\"Droga Powiatowa w Z\u0105bkach ulica Pi\u0142sudskiego b\u0119dzie zmodernizowana, marzec 2026\" width=\"500\" height=\"281\" src=\"https:\/\/www.youtube.com\/embed\/fFsb23pRlp4?feature=oembed&#038;wmode=opaque\" frameborder=\"0\" allow=\"accelerometer; autoplay; clipboard-write; encrypted-media; gyroscope; picture-in-picture; web-share\" referrerpolicy=\"strict-origin-when-cross-origin\" allowfullscreen><\/iframe><\/div>\n<\/div><\/figure>\n\n\n<div class=\"wp-block-image\">\n<figure class=\"alignleft size-full is-resized\"><a href=\"https:\/\/www.facebook.com\/share\/r\/1H5kPek4rh\/\"><img loading=\"lazy\" decoding=\"async\" width=\"688\" height=\"688\" src=\"https:\/\/powiatwwl.pl\/wp-content\/uploads\/2026\/02\/Colorful-Live-News-Free-Logo.jpg\" alt=\"\" class=\"wp-image-371\" style=\"width:109px;height:auto\" srcset=\"https:\/\/powiatwwl.pl\/wp-content\/uploads\/2026\/02\/Colorful-Live-News-Free-Logo.jpg 688w, https:\/\/powiatwwl.pl\/wp-content\/uploads\/2026\/02\/Colorful-Live-News-Free-Logo-300x300.jpg 300w, https:\/\/powiatwwl.pl\/wp-content\/uploads\/2026\/02\/Colorful-Live-News-Free-Logo-150x150.jpg 150w, https:\/\/powiatwwl.pl\/wp-content\/uploads\/2026\/02\/Colorful-Live-News-Free-Logo-80x80.jpg 80w, https:\/\/powiatwwl.pl\/wp-content\/uploads\/2026\/02\/Colorful-Live-News-Free-Logo-320x320.jpg 320w\" sizes=\"auto, (max-width: 688px) 100vw, 688px\" \/><\/a><\/figure>\n<\/div>\n\n\n<h2 class=\"wp-block-heading\"><strong><a href=\"https:\/\/www.facebook.com\/share\/r\/15cCn8Ao8S7\/\">Rolka VIDEO<\/a><\/strong> 1<\/h2>\n\n\n\n<p><\/p>\n\n\n\n<p><\/p>\n\n\n\n<hr class=\"wp-block-separator aligncenter has-alpha-channel-opacity\"\/>\n\n\n<div class=\"wp-block-image\">\n<figure class=\"alignleft size-full is-resized\"><img loading=\"lazy\" decoding=\"async\" width=\"688\" height=\"688\" src=\"https:\/\/powiatwwl.pl\/wp-content\/uploads\/2026\/02\/Colorful-Live-News-Free-Logo.jpg\" alt=\"\" class=\"wp-image-371\" style=\"width:107px;height:auto\" srcset=\"https:\/\/powiatwwl.pl\/wp-content\/uploads\/2026\/02\/Colorful-Live-News-Free-Logo.jpg 688w, https:\/\/powiatwwl.pl\/wp-content\/uploads\/2026\/02\/Colorful-Live-News-Free-Logo-300x300.jpg 300w, https:\/\/powiatwwl.pl\/wp-content\/uploads\/2026\/02\/Colorful-Live-News-Free-Logo-150x150.jpg 150w, https:\/\/powiatwwl.pl\/wp-content\/uploads\/2026\/02\/Colorful-Live-News-Free-Logo-80x80.jpg 80w, https:\/\/powiatwwl.pl\/wp-content\/uploads\/2026\/02\/Colorful-Live-News-Free-Logo-320x320.jpg 320w\" sizes=\"auto, (max-width: 688px) 100vw, 688px\" \/><\/figure>\n<\/div>\n\n\n<h2 class=\"wp-block-heading\"><strong><a href=\"https:\/\/www.facebook.com\/reel\/926118379999835\">Rolka VIDEO<\/a> 2<\/strong><\/h2>\n\n\n\n<hr class=\"wp-block-separator aligncenter has-alpha-channel-opacity\"\/>\n\n\n<div class=\"wp-block-image\">\n<figure class=\"alignleft size-large is-resized\"><img loading=\"lazy\" decoding=\"async\" width=\"1024\" height=\"699\" src=\"https:\/\/powiatwwl.pl\/wp-content\/uploads\/2026\/02\/1920x810-1024x699.jpg\" alt=\"\" class=\"wp-image-643\" style=\"aspect-ratio:1.4650753277245157;width:105px;height:auto\" srcset=\"https:\/\/powiatwwl.pl\/wp-content\/uploads\/2026\/02\/1920x810-1024x699.jpg 1024w, https:\/\/powiatwwl.pl\/wp-content\/uploads\/2026\/02\/1920x810-300x205.jpg 300w, https:\/\/powiatwwl.pl\/wp-content\/uploads\/2026\/02\/1920x810-768x524.jpg 768w, https:\/\/powiatwwl.pl\/wp-content\/uploads\/2026\/02\/1920x810.jpg 1187w\" sizes=\"auto, (max-width: 1024px) 100vw, 1024px\" \/><\/figure>\n<\/div>\n\n\n<h2 class=\"wp-block-heading\"><strong><a href=\"https:\/\/www.facebook.com\/profile.php?id=61561185435479\">Tomasz KALATA<\/a><\/strong><\/h2>\n\n\n\n<p><\/p>\n","protected":false},"excerpt":{"rendered":"<p>W dniu 19 lutego Wojewoda Mazowiecki og\u0142osi\u0142 przyznanie \ud835\udfed\ud835\udfee \ud835\udff5\ud835\udfee\ud835\udff2 \ud835\udff0\ud835\udff1\ud835\udff0,\ud835\udff0\ud835\udff5 \ud835\ude6f\u0142 dla Powiatu Wo\u0142omi\u0144skiego na rozbudow\u0119 drogi powiatowej nr 4363W \u2013 \ud835\ude02\ud835\uddf9. \ud835\udde3\ud835\uddf6\u0142\ud835\ude00\ud835\ude02\ud835\uddf1\ud835\ude00\ud835\uddf8\ud835\uddf6\ud835\uddf2\ud835\uddf4\ud835\uddfc w naszym Mie\u015bcie Z\u0105bki (od skrzy\u017cowania z DW 634 do km 0+936,28). \u015arodki pochodz\u0105 z Rz\u0105dowego Funduszu Rozwoju Dr\u00f3g&#8230;<\/p>\n","protected":false},"author":1,"featured_media":1022,"comment_status":"open","ping_status":"open","sticky":false,"template":"","format":"standard","meta":{"footnotes":""},"categories":[1],"tags":[],"class_list":["post-1021","post","type-post","status-publish","format-standard","has-post-thumbnail","hentry","category-aktualnosci"],"_links":{"self":[{"href":"https:\/\/powiatwwl.pl\/index.php?rest_route=\/wp\/v2\/posts\/1021","targetHints":{"allow":["GET"]}}],"collection":[{"href":"https:\/\/powiatwwl.pl\/index.php?rest_route=\/wp\/v2\/posts"}],"about":[{"href":"https:\/\/powiatwwl.pl\/index.php?rest_route=\/wp\/v2\/types\/post"}],"author":[{"embeddable":true,"href":"https:\/\/powiatwwl.pl\/index.php?rest_route=\/wp\/v2\/users\/1"}],"replies":[{"embeddable":true,"href":"https:\/\/powiatwwl.pl\/index.php?rest_route=%2Fwp%2Fv2%2Fcomments&post=1021"}],"version-history":[{"count":11,"href":"https:\/\/powiatwwl.pl\/index.php?rest_route=\/wp\/v2\/posts\/1021\/revisions"}],"predecessor-version":[{"id":1588,"href":"https:\/\/powiatwwl.pl\/index.php?rest_route=\/wp\/v2\/posts\/1021\/revisions\/1588"}],"wp:featuredmedia":[{"embeddable":true,"href":"https:\/\/powiatwwl.pl\/index.php?rest_route=\/wp\/v2\/media\/1022"}],"wp:attachment":[{"href":"https:\/\/powiatwwl.pl\/index.php?rest_route=%2Fwp%2Fv2%2Fmedia&parent=1021"}],"wp:term":[{"taxonomy":"category","embeddable":true,"href":"https:\/\/powiatwwl.pl\/index.php?rest_route=%2Fwp%2Fv2%2Fcategories&post=1021"},{"taxonomy":"post_tag","embeddable":true,"href":"https:\/\/powiatwwl.pl\/index.php?rest_route=%2Fwp%2Fv2%2Ftags&post=1021"}],"curies":[{"name":"wp","href":"https:\/\/api.w.org\/{rel}","templated":true}]}}