{"id":1033,"date":"2026-02-22T10:01:15","date_gmt":"2026-02-22T09:01:15","guid":{"rendered":"http:\/\/powiatwwl.pl\/?p=1033"},"modified":"2026-02-28T12:56:53","modified_gmt":"2026-02-28T11:56:53","slug":"mma-df-w-tluszczu","status":"publish","type":"post","link":"https:\/\/powiatwwl.pl\/?p=1033","title":{"rendered":"MMA DF w T\u0142uszczu \/VIDEO\/"},"content":{"rendered":"<div class=\"wp-block-image\">\n<figure class=\"aligncenter size-large is-resized\"><img loading=\"lazy\" decoding=\"async\" width=\"724\" height=\"1024\" src=\"https:\/\/powiatwwl.pl\/wp-content\/uploads\/2026\/02\/638163525_1580643597401676_3923540329176747217_n-724x1024.jpg\" alt=\"\" class=\"wp-image-1034\" style=\"width:467px;height:auto\" srcset=\"https:\/\/powiatwwl.pl\/wp-content\/uploads\/2026\/02\/638163525_1580643597401676_3923540329176747217_n-724x1024.jpg 724w, https:\/\/powiatwwl.pl\/wp-content\/uploads\/2026\/02\/638163525_1580643597401676_3923540329176747217_n-212x300.jpg 212w, https:\/\/powiatwwl.pl\/wp-content\/uploads\/2026\/02\/638163525_1580643597401676_3923540329176747217_n-768x1086.jpg 768w, https:\/\/powiatwwl.pl\/wp-content\/uploads\/2026\/02\/638163525_1580643597401676_3923540329176747217_n-1086x1536.jpg 1086w, https:\/\/powiatwwl.pl\/wp-content\/uploads\/2026\/02\/638163525_1580643597401676_3923540329176747217_n.jpg 1448w\" sizes=\"auto, (max-width: 724px) 100vw, 724px\" \/><\/figure>\n<\/div>\n\n\n<p>T\u0142uszcz, 20 luty 2026. \ud835\uddd7\ud835\udde5\ud835\uddd4\ud835\uddda\ud835\udde2\ud835\udde1 \ud835\uddd9\ud835\udddc\ud835\uddda\ud835\udddb\ud835\udde7 \ud835\udde1\ud835\udddc\ud835\uddda\ud835\udddb\ud835\udde7 \ud835\udde0\ud835\udde0\ud835\uddd4! Za nami wyj\u0105tkowe sportowe emocje podczas gali <a href=\"https:\/\/www.facebook.com\/gala.dfn?__cft__[0]=AZZ4exehOZums9r_V90BU-DEjNAwNqPlEVZMDU97XGG0M8MMBEoVxvzOP9JE17MrZZQDkeyxz1E3x6XAKUhKm8VASFoDJbPqrfmN3ikA9mFS_h4TNr52Qp-aiS-pNcKnCr0G60X1hgt8DPqBtfr9nGn0H5AlKeyhpEsuNNMZjXyMGnxwBwo2Zrx55DqzXVYZgxoHg1FfNezYfLbS2wajrTQ7&amp;__tn__=-]K-R\">Dragon Fight Night MMA<\/a>, kt\u00f3ra odby\u0142a si\u0119 w <a href=\"https:\/\/www.facebook.com\/gminatluszcz?__cft__[0]=AZZ4exehOZums9r_V90BU-DEjNAwNqPlEVZMDU97XGG0M8MMBEoVxvzOP9JE17MrZZQDkeyxz1E3x6XAKUhKm8VASFoDJbPqrfmN3ikA9mFS_h4TNr52Qp-aiS-pNcKnCr0G60X1hgt8DPqBtfr9nGn0H5AlKeyhpEsuNNMZjXyMGnxwBwo2Zrx55DqzXVYZgxoHg1FfNezYfLbS2wajrTQ7&amp;__tn__=-]K-R\">Gmina T\u0142uszcz<\/a>. To kolejne wydarzenie sportowe, kt\u00f3re wspar\u0142 <a href=\"https:\/\/www.facebook.com\/Powiat.Wolominski?__cft__[0]=AZZ4exehOZums9r_V90BU-DEjNAwNqPlEVZMDU97XGG0M8MMBEoVxvzOP9JE17MrZZQDkeyxz1E3x6XAKUhKm8VASFoDJbPqrfmN3ikA9mFS_h4TNr52Qp-aiS-pNcKnCr0G60X1hgt8DPqBtfr9nGn0H5AlKeyhpEsuNNMZjXyMGnxwBwo2Zrx55DqzXVYZgxoHg1FfNezYfLbS2wajrTQ7&amp;__tn__=-]K-R\">Powiat Wo\u0142omi\u0144ski<\/a>.Widowiskowa realizacja gali, atmosfera oraz prawdziwy \ud835\udc1d\ud835\udc2e\ud835\udc1c\ud835\udc21 \ud835\udc30\ud835\udc1a\ud835\udc25\ud835\udc24\ud835\udc22 zawodnik\u00f3w zrobi\u0142y naprawd\u0119 du\u017ce wra\u017cenie. Na ringu zobaczyli\u015bmy nie tylko \u015bwietne przygotowanie sportowe, ale r\u00f3wnie\u017c charakter, determinacj\u0119 i pasj\u0119 do sport\u00f3w walki.Serdecznie \ud835\udc20\ud835\udc2b\ud835\udc1a\ud835\udc2d\ud835\udc2e\ud835\udc25\ud835\udc2e\ud835\udc23\ud835\udc1e\u0328 wszystkim zawodnikom wspania\u0142ych pojedynk\u00f3w i sportowej postawy, a organizatorom dzi\u0119kuj\u0119 za przygotowanie tak emocjonuj\u0105cego wydarzenia!Go\u015bciem specjalnym gali by\u0142 <a href=\"https:\/\/www.facebook.com\/watch\/hashtag\/przemys%C5%82awsaleta?__eep__=6%2F&amp;__cft__[0]=AZZ4exehOZums9r_V90BU-DEjNAwNqPlEVZMDU97XGG0M8MMBEoVxvzOP9JE17MrZZQDkeyxz1E3x6XAKUhKm8VASFoDJbPqrfmN3ikA9mFS_h4TNr52Qp-aiS-pNcKnCr0G60X1hgt8DPqBtfr9nGn0H5AlKeyhpEsuNNMZjXyMGnxwBwo2Zrx55DqzXVYZgxoHg1FfNezYfLbS2wajrTQ7&amp;__tn__=*NK-R\">#Przemys\u0142awSaleta<\/a> Zach\u0119cam do obejrzenia relacji video z tego wydarzenia! \ud835\udc0a\ud835\udc22\ud835\udc25\ud835\udc24\ud835\udc1a \ud835\udc20\ud835\udc28\ud835\udc1d\ud835\udc33\ud835\udc22\ud835\udc27 \ud835\udc33\ud835\udc26\ud835\udc1a\ud835\udc20\ud835\udc1a\ud835\udc27\u0301 \ud835\udc33\ud835\udc1a\ud835\udc30\ud835\udc28\ud835\udc1d\ud835\udc27\ud835\udc22\ud835\udc24\ud835\udc28\u0301\ud835\udc30 \ud835\udc2e\ud835\udc23\ud835\udc1e\u0328\ud835\udc2d\ud835\udc1e \ud835\udc30 \ud835\udfd0 \ud835\udc26\ud835\udc22\ud835\udc27\ud835\udc2e\ud835\udc2d\ud835\udc1a\ud835\udc1c\ud835\udc21. (AW)<\/p>\n\n\n<div class=\"wp-block-image\">\n<figure class=\"alignleft size-full is-resized\"><img loading=\"lazy\" decoding=\"async\" width=\"688\" height=\"688\" src=\"https:\/\/powiatwwl.pl\/wp-content\/uploads\/2026\/02\/Colorful-Live-News-Free-Logo.jpg\" alt=\"\" class=\"wp-image-371\" style=\"width:109px;height:auto\" srcset=\"https:\/\/powiatwwl.pl\/wp-content\/uploads\/2026\/02\/Colorful-Live-News-Free-Logo.jpg 688w, https:\/\/powiatwwl.pl\/wp-content\/uploads\/2026\/02\/Colorful-Live-News-Free-Logo-300x300.jpg 300w, https:\/\/powiatwwl.pl\/wp-content\/uploads\/2026\/02\/Colorful-Live-News-Free-Logo-150x150.jpg 150w, https:\/\/powiatwwl.pl\/wp-content\/uploads\/2026\/02\/Colorful-Live-News-Free-Logo-80x80.jpg 80w, https:\/\/powiatwwl.pl\/wp-content\/uploads\/2026\/02\/Colorful-Live-News-Free-Logo-320x320.jpg 320w\" sizes=\"auto, (max-width: 688px) 100vw, 688px\" \/><\/figure>\n<\/div>\n\n\n<h2 class=\"wp-block-heading\"><strong><a href=\"https:\/\/www.facebook.com\/share\/v\/1JDXfQiYDB\/\">Rolka VIDEO<\/a><\/strong><\/h2>\n\n\n\n<p><\/p>\n\n\n\n<p><\/p>\n\n\n\n<hr class=\"wp-block-separator aligncenter has-alpha-channel-opacity\"\/>\n\n\n<div class=\"wp-block-image\">\n<figure class=\"alignleft size-large is-resized\"><img loading=\"lazy\" decoding=\"async\" width=\"1024\" height=\"1024\" src=\"https:\/\/powiatwwl.pl\/wp-content\/uploads\/2026\/02\/ARKADIUSZ-WERELICH-1024x1024.jpg\" alt=\"\" class=\"wp-image-204\" style=\"width:108px;height:auto\" srcset=\"https:\/\/powiatwwl.pl\/wp-content\/uploads\/2026\/02\/ARKADIUSZ-WERELICH-1024x1024.jpg 1024w, https:\/\/powiatwwl.pl\/wp-content\/uploads\/2026\/02\/ARKADIUSZ-WERELICH-300x300.jpg 300w, https:\/\/powiatwwl.pl\/wp-content\/uploads\/2026\/02\/ARKADIUSZ-WERELICH-150x150.jpg 150w, https:\/\/powiatwwl.pl\/wp-content\/uploads\/2026\/02\/ARKADIUSZ-WERELICH-768x768.jpg 768w, https:\/\/powiatwwl.pl\/wp-content\/uploads\/2026\/02\/ARKADIUSZ-WERELICH-1536x1536.jpg 1536w, https:\/\/powiatwwl.pl\/wp-content\/uploads\/2026\/02\/ARKADIUSZ-WERELICH-80x80.jpg 80w, https:\/\/powiatwwl.pl\/wp-content\/uploads\/2026\/02\/ARKADIUSZ-WERELICH-320x320.jpg 320w, https:\/\/powiatwwl.pl\/wp-content\/uploads\/2026\/02\/ARKADIUSZ-WERELICH.jpg 2048w\" sizes=\"auto, (max-width: 1024px) 100vw, 1024px\" \/><\/figure>\n<\/div>\n\n\n<h2 class=\"wp-block-heading\"><strong><a href=\"https:\/\/www.facebook.com\/starostaWerelich\">Arkadiusz WERELICH<\/a><\/strong><\/h2>\n","protected":false},"excerpt":{"rendered":"<p>T\u0142uszcz, 20 luty 2026. \ud835\uddd7\ud835\udde5\ud835\uddd4\ud835\uddda\ud835\udde2\ud835\udde1 \ud835\uddd9\ud835\udddc\ud835\uddda\ud835\udddb\ud835\udde7 \ud835\udde1\ud835\udddc\ud835\uddda\ud835\udddb\ud835\udde7 \ud835\udde0\ud835\udde0\ud835\uddd4! Za nami wyj\u0105tkowe sportowe emocje podczas gali Dragon Fight Night MMA, kt\u00f3ra odby\u0142a si\u0119 w Gmina T\u0142uszcz. To kolejne wydarzenie sportowe, kt\u00f3re wspar\u0142 Powiat Wo\u0142omi\u0144ski.Widowiskowa realizacja gali, atmosfera oraz prawdziwy \ud835\udc1d\ud835\udc2e\ud835\udc1c\ud835\udc21 \ud835\udc30\ud835\udc1a\ud835\udc25\ud835\udc24\ud835\udc22 zawodnik\u00f3w zrobi\u0142y naprawd\u0119 du\u017ce wra\u017cenie. Na ringu zobaczyli\u015bmy nie tylko \u015bwietne przygotowanie sportowe, ale r\u00f3wnie\u017c charakter, determinacj\u0119 i pasj\u0119 do sport\u00f3w walki&#8230;<\/p>\n","protected":false},"author":1,"featured_media":1034,"comment_status":"open","ping_status":"open","sticky":false,"template":"","format":"standard","meta":{"footnotes":""},"categories":[1],"tags":[],"class_list":["post-1033","post","type-post","status-publish","format-standard","has-post-thumbnail","hentry","category-aktualnosci"],"_links":{"self":[{"href":"https:\/\/powiatwwl.pl\/index.php?rest_route=\/wp\/v2\/posts\/1033","targetHints":{"allow":["GET"]}}],"collection":[{"href":"https:\/\/powiatwwl.pl\/index.php?rest_route=\/wp\/v2\/posts"}],"about":[{"href":"https:\/\/powiatwwl.pl\/index.php?rest_route=\/wp\/v2\/types\/post"}],"author":[{"embeddable":true,"href":"https:\/\/powiatwwl.pl\/index.php?rest_route=\/wp\/v2\/users\/1"}],"replies":[{"embeddable":true,"href":"https:\/\/powiatwwl.pl\/index.php?rest_route=%2Fwp%2Fv2%2Fcomments&post=1033"}],"version-history":[{"count":4,"href":"https:\/\/powiatwwl.pl\/index.php?rest_route=\/wp\/v2\/posts\/1033\/revisions"}],"predecessor-version":[{"id":1429,"href":"https:\/\/powiatwwl.pl\/index.php?rest_route=\/wp\/v2\/posts\/1033\/revisions\/1429"}],"wp:featuredmedia":[{"embeddable":true,"href":"https:\/\/powiatwwl.pl\/index.php?rest_route=\/wp\/v2\/media\/1034"}],"wp:attachment":[{"href":"https:\/\/powiatwwl.pl\/index.php?rest_route=%2Fwp%2Fv2%2Fmedia&parent=1033"}],"wp:term":[{"taxonomy":"category","embeddable":true,"href":"https:\/\/powiatwwl.pl\/index.php?rest_route=%2Fwp%2Fv2%2Fcategories&post=1033"},{"taxonomy":"post_tag","embeddable":true,"href":"https:\/\/powiatwwl.pl\/index.php?rest_route=%2Fwp%2Fv2%2Ftags&post=1033"}],"curies":[{"name":"wp","href":"https:\/\/api.w.org\/{rel}","templated":true}]}}