{"id":1037,"date":"2026-02-23T12:00:55","date_gmt":"2026-02-23T11:00:55","guid":{"rendered":"http:\/\/powiatwwl.pl\/?p=1037"},"modified":"2026-02-28T10:39:41","modified_gmt":"2026-02-28T09:39:41","slug":"zabkovia-zabki-gotowa-do-rundy-wiosennej","status":"publish","type":"post","link":"https:\/\/powiatwwl.pl\/?p=1037","title":{"rendered":"Z\u0104BKOVIA Z\u0104BKI gotowa do rundy wiosennej \/VIDEO\/"},"content":{"rendered":"<div class=\"wp-block-image\">\n<figure class=\"aligncenter size-large\"><img loading=\"lazy\" decoding=\"async\" width=\"1024\" height=\"683\" src=\"https:\/\/powiatwwl.pl\/wp-content\/uploads\/2026\/02\/636867597_1357362369526179_1918096333017333615_n-1024x683.jpg\" alt=\"\" class=\"wp-image-1038\" srcset=\"https:\/\/powiatwwl.pl\/wp-content\/uploads\/2026\/02\/636867597_1357362369526179_1918096333017333615_n-1024x683.jpg 1024w, https:\/\/powiatwwl.pl\/wp-content\/uploads\/2026\/02\/636867597_1357362369526179_1918096333017333615_n-300x200.jpg 300w, https:\/\/powiatwwl.pl\/wp-content\/uploads\/2026\/02\/636867597_1357362369526179_1918096333017333615_n-768x512.jpg 768w, https:\/\/powiatwwl.pl\/wp-content\/uploads\/2026\/02\/636867597_1357362369526179_1918096333017333615_n-1536x1024.jpg 1536w, https:\/\/powiatwwl.pl\/wp-content\/uploads\/2026\/02\/636867597_1357362369526179_1918096333017333615_n.jpg 2048w\" sizes=\"auto, (max-width: 1024px) 100vw, 1024px\" \/><\/figure>\n<\/div>\n\n\n<p>Za nami wyj\u0105tkowy wiecz\u00f3r i oficjalna prezentacja zespo\u0142u przed dalsz\u0105 cz\u0119\u015bci\u0105 sezonu Betclic 3 Ligi gr. I. Dzi\u015b wracamy do tych chwil. Dzi\u0119kujemy wszystkim, kt\u00f3rzy byli z nami \u2013 na miejscu i przed ekranami. Szczeg\u00f3lne podzi\u0119kowania kierujemy do naszego partnera <a href=\"https:\/\/www.facebook.com\/salauartura?__cft__[0]=AZZF9j5wKNwQ-iFm8tr6MVmZsbqMOgrTBXDtCYa4zHrKg6X9mX_8uffmNDGEvnKi1BNJFtVEpVH7_5_33fElO-UrvMnVTKMr9rjBZ7hX6NnVraph2P-IWO9Bic5JdOoZ0XprWz8pdxMlM5q63ELVJI76moCpwxzTdyZsQe5aymW42BYlRA3cO0P4meYVmxGETwdOr2hpwyBecCk5eyI4gS-R&amp;__tn__=-]K-R\">SALA U Artura<\/a> \u2013 za pomoc w organizacji gali.SPONSORZY: Miasto Z\u0105bki | MULTICHEM Warszawa Rafa\u0142 Kucharski | MK Construction | MK Development | DOZBUD | Odlewnia Metali Nie\u017celaznych Bogdan \u017belazowski | SARANTE | RSP Legal Kacper Skalski | Praska Gie\u0142da Spo\u017cywcza | Sekret Elegancji &#8211; Galeria W\u0142oskich P\u0142ytek | Stan-Mar | Sala u Artura | PWiK w Z\u0105bkach | Drukarnia Benedysiuk | Fitsekta \/ Studio Treningowe si\u0142ownia Zielonka | Restauracja &#8222;Bez Okazji&#8221; | <a href=\"https:\/\/l.facebook.com\/l.php?u=http%3A%2F%2Fsuperbox.com.pl%2F%3Ffbclid%3DIwZXh0bgNhZW0CMTAAYnJpZBEwUm1UNmJQSFVBWER5TFhMOXNydGMGYXBwX2lkEDIyMjAzOTE3ODgyMDA4OTIAAR6txC6H8BAtYcffAap6-8D2j8_U5nP8T9mouYD9TzDDp4Y4QP2L4Tc3mkwUrQ_aem_8QzIIUy0NIzjw4-Bq9kdZw&amp;h=AT5wMGz_PWS74aUELbrRZdpheXIPEB6ZA-7c1c5W4aTHytxn3nM76dNN_lNNG1gZ0WyYKbgCsETmnc4IfNEV1Zi0slmaTTdSgAreYKsN3KYg8UF2C98o95RXKTkpvwnvFL7HTMHPfzewQ9Bg&amp;__tn__=-UK-R&amp;c[0]=AT6I46sugqZl2oY1Sj1hOQff2YgWG3-Bid4_GWghhGF7mkS3Do12V6BdxNYxfnzYOSFIW4ioTbx4FWBrSsxDvWrXgLVtYUC-Q_bzsQuH26pZ9XJZLURiIEjonhOmb4magkpbhhVI0n1WDwIhYvSWKslWzU9Bc0uETNnFsAlrYMsibF5lGhmmshbZbCkXTiAau69u1vItOYhQE8YcKnWrWgawUe6rnBNYZeI\" target=\"_blank\" rel=\"noreferrer noopener\">superbox.com.pl<\/a> | ARTPOL sp. z o.o.<\/p>\n\n\n\n<p>Partnerem wydarzenia jest Powiat Wo\u0142omi\u0144ski <a href=\"https:\/\/www.facebook.com\/Powiat.Wolominski?__cft__[0]=AZZF9j5wKNwQ-iFm8tr6MVmZsbqMOgrTBXDtCYa4zHrKg6X9mX_8uffmNDGEvnKi1BNJFtVEpVH7_5_33fElO-UrvMnVTKMr9rjBZ7hX6NnVraph2P-IWO9Bic5JdOoZ0XprWz8pdxMlM5q63ELVJI76moCpwxzTdyZsQe5aymW42BYlRA3cO0P4meYVmxGETwdOr2hpwyBecCk5eyI4gS-R&amp;__tn__=-]K-R\">Powiat Wo\u0142omi\u0144ski &#8211; Ziemia Norwida i &#8222;Cudu nad Wis\u0142\u0105&#8221;<\/a><\/p>\n\n\n\n<p>PARTNER TECHNICZNY: Vitasport<\/p>\n\n\n\n<p><strong><a href=\"https:\/\/www.facebook.com\/reel\/755082680705561\">ZOBACZ VIDEO<\/a><\/strong><\/p>\n\n\n\n<hr class=\"wp-block-separator aligncenter has-alpha-channel-opacity\"\/>\n\n\n<div class=\"wp-block-image\">\n<figure class=\"alignleft size-full is-resized\"><img loading=\"lazy\" decoding=\"async\" width=\"500\" height=\"500\" src=\"https:\/\/powiatwwl.pl\/wp-content\/uploads\/2026\/02\/zabkovia-herb.png\" alt=\"\" class=\"wp-image-926\" style=\"width:115px;height:auto\" srcset=\"https:\/\/powiatwwl.pl\/wp-content\/uploads\/2026\/02\/zabkovia-herb.png 500w, https:\/\/powiatwwl.pl\/wp-content\/uploads\/2026\/02\/zabkovia-herb-300x300.png 300w, https:\/\/powiatwwl.pl\/wp-content\/uploads\/2026\/02\/zabkovia-herb-150x150.png 150w, https:\/\/powiatwwl.pl\/wp-content\/uploads\/2026\/02\/zabkovia-herb-80x80.png 80w, https:\/\/powiatwwl.pl\/wp-content\/uploads\/2026\/02\/zabkovia-herb-320x320.png 320w\" sizes=\"auto, (max-width: 500px) 100vw, 500px\" \/><\/figure>\n<\/div>\n\n\n<h2 class=\"wp-block-heading\"><strong><a href=\"https:\/\/www.facebook.com\/zabkovia1927\">Z\u0104BKOVIA Z\u0104BKI<\/a><\/strong><\/h2>\n","protected":false},"excerpt":{"rendered":"<p>Za nami wyj\u0105tkowy wiecz\u00f3r i oficjalna prezentacja zespo\u0142u przed dalsz\u0105 cz\u0119\u015bci\u0105 sezonu Betclic 3 Ligi gr. I. Dzi\u015b wracamy do tych chwil. Dzi\u0119kujemy wszystkim, kt\u00f3rzy byli z nami \u2013 na miejscu i przed ekranami. Szczeg\u00f3lne podzi\u0119kowania kierujemy do naszego partnera SALA U Artura \u2013 za pomoc w organizacji gali&#8230;<\/p>\n","protected":false},"author":1,"featured_media":1038,"comment_status":"open","ping_status":"open","sticky":false,"template":"","format":"standard","meta":{"footnotes":""},"categories":[1],"tags":[],"class_list":["post-1037","post","type-post","status-publish","format-standard","has-post-thumbnail","hentry","category-aktualnosci"],"_links":{"self":[{"href":"https:\/\/powiatwwl.pl\/index.php?rest_route=\/wp\/v2\/posts\/1037","targetHints":{"allow":["GET"]}}],"collection":[{"href":"https:\/\/powiatwwl.pl\/index.php?rest_route=\/wp\/v2\/posts"}],"about":[{"href":"https:\/\/powiatwwl.pl\/index.php?rest_route=\/wp\/v2\/types\/post"}],"author":[{"embeddable":true,"href":"https:\/\/powiatwwl.pl\/index.php?rest_route=\/wp\/v2\/users\/1"}],"replies":[{"embeddable":true,"href":"https:\/\/powiatwwl.pl\/index.php?rest_route=%2Fwp%2Fv2%2Fcomments&post=1037"}],"version-history":[{"count":5,"href":"https:\/\/powiatwwl.pl\/index.php?rest_route=\/wp\/v2\/posts\/1037\/revisions"}],"predecessor-version":[{"id":1415,"href":"https:\/\/powiatwwl.pl\/index.php?rest_route=\/wp\/v2\/posts\/1037\/revisions\/1415"}],"wp:featuredmedia":[{"embeddable":true,"href":"https:\/\/powiatwwl.pl\/index.php?rest_route=\/wp\/v2\/media\/1038"}],"wp:attachment":[{"href":"https:\/\/powiatwwl.pl\/index.php?rest_route=%2Fwp%2Fv2%2Fmedia&parent=1037"}],"wp:term":[{"taxonomy":"category","embeddable":true,"href":"https:\/\/powiatwwl.pl\/index.php?rest_route=%2Fwp%2Fv2%2Fcategories&post=1037"},{"taxonomy":"post_tag","embeddable":true,"href":"https:\/\/powiatwwl.pl\/index.php?rest_route=%2Fwp%2Fv2%2Ftags&post=1037"}],"curies":[{"name":"wp","href":"https:\/\/api.w.org\/{rel}","templated":true}]}}