{"id":1049,"date":"2026-02-23T12:20:03","date_gmt":"2026-02-23T11:20:03","guid":{"rendered":"http:\/\/powiatwwl.pl\/?p=1049"},"modified":"2026-02-23T12:32:31","modified_gmt":"2026-02-23T11:32:31","slug":"800-000-zl-dla-ngo","status":"publish","type":"post","link":"https:\/\/powiatwwl.pl\/?p=1049","title":{"rendered":"800 000 z\u0142 dla NGO"},"content":{"rendered":"<div class=\"wp-block-image\">\n<figure class=\"aligncenter size-full\"><img loading=\"lazy\" decoding=\"async\" width=\"810\" height=\"450\" src=\"https:\/\/powiatwwl.pl\/wp-content\/uploads\/2026\/02\/tk-3.jpg\" alt=\"\" class=\"wp-image-1051\" srcset=\"https:\/\/powiatwwl.pl\/wp-content\/uploads\/2026\/02\/tk-3.jpg 810w, https:\/\/powiatwwl.pl\/wp-content\/uploads\/2026\/02\/tk-3-300x167.jpg 300w, https:\/\/powiatwwl.pl\/wp-content\/uploads\/2026\/02\/tk-3-768x427.jpg 768w\" sizes=\"auto, (max-width: 810px) 100vw, 810px\" \/><\/figure>\n<\/div>\n\n\n<p>Wyzwa\u0144 przed Zarz\u0105dem Powiatu nie brakuje. Na ostatnim posiedzeniu zadecydowali\u015bmy m.in. o przeznaczeniu dodatkowych pomieszcze\u0144 dla <a href=\"https:\/\/www.facebook.com\/profile.php?id=100028126795827&amp;__cft__[0]=AZa4YFzXLvVmg8c2bGHVuOH_iHlWxTP21XDFnJfBha-UtzrPmMpPzh0wQa8qOmi4n94l73GoZkOpBfC16pdBcSH6AvQzdeZ8di-tUV9c_Jvb6mZ2Xm4Lv9EmwYW5nV49lba_qmE2KCEfE5kt7JjJtFUyvhymHVboCXhbbnQDZ4MYTzTOdDRZtEYMG9xNPpLL3A5gJrM9TWkVblL0xpcHjC91&amp;__tn__=-]K-R\">Szko\u0142a Podstawowa Specjalna im. Marii Konopnickiej<\/a> w Radzyminie, rozdysponowali\u015bmy ponad 800.000 z\u0142 dla organizacji pozarz\u0105dowych <a href=\"https:\/\/www.facebook.com\/watch\/hashtag\/ngo?__eep__=6%2F&amp;__cft__[0]=AZa4YFzXLvVmg8c2bGHVuOH_iHlWxTP21XDFnJfBha-UtzrPmMpPzh0wQa8qOmi4n94l73GoZkOpBfC16pdBcSH6AvQzdeZ8di-tUV9c_Jvb6mZ2Xm4Lv9EmwYW5nV49lba_qmE2KCEfE5kt7JjJtFUyvhymHVboCXhbbnQDZ4MYTzTOdDRZtEYMG9xNPpLL3A5gJrM9TWkVblL0xpcHjC91&amp;__tn__=*NK-R\">#NGO<\/a> na zadania z zakresu kultury, ochrony zdrowia, o\u015bwiaty, sportu, ochrony \u015brodowiska i turystyki. Planujemy r\u00f3wnie\u017c remont pomieszcze\u0144 w g\u0142\u00f3wnym budynku Starostwa (KP)<\/p>\n\n\n<div class=\"wp-block-image\">\n<figure class=\"alignleft size-full is-resized\"><img loading=\"lazy\" decoding=\"async\" width=\"688\" height=\"688\" src=\"https:\/\/powiatwwl.pl\/wp-content\/uploads\/2026\/02\/Colorful-Live-News-Free-Logo.jpg\" alt=\"\" class=\"wp-image-371\" style=\"width:109px;height:auto\" srcset=\"https:\/\/powiatwwl.pl\/wp-content\/uploads\/2026\/02\/Colorful-Live-News-Free-Logo.jpg 688w, https:\/\/powiatwwl.pl\/wp-content\/uploads\/2026\/02\/Colorful-Live-News-Free-Logo-300x300.jpg 300w, https:\/\/powiatwwl.pl\/wp-content\/uploads\/2026\/02\/Colorful-Live-News-Free-Logo-150x150.jpg 150w, https:\/\/powiatwwl.pl\/wp-content\/uploads\/2026\/02\/Colorful-Live-News-Free-Logo-80x80.jpg 80w, https:\/\/powiatwwl.pl\/wp-content\/uploads\/2026\/02\/Colorful-Live-News-Free-Logo-320x320.jpg 320w\" sizes=\"auto, (max-width: 688px) 100vw, 688px\" \/><\/figure>\n<\/div>\n\n\n<h2 class=\"wp-block-heading\"><strong><a href=\"https:\/\/www.facebook.com\/share\/v\/1CDZcE8D8L\/\">Rolka VIDEO<\/a><\/strong><\/h2>\n\n\n\n<p><\/p>\n\n\n\n<p><\/p>\n\n\n\n<hr class=\"wp-block-separator aligncenter has-alpha-channel-opacity\"\/>\n\n\n<div class=\"wp-block-image\">\n<figure class=\"alignleft size-large is-resized\"><img loading=\"lazy\" decoding=\"async\" width=\"1024\" height=\"1024\" src=\"https:\/\/powiatwwl.pl\/wp-content\/uploads\/2026\/02\/KATARZYNA-PAZIO-1024x1024.jpg\" alt=\"\" class=\"wp-image-206\" style=\"width:113px;height:auto\" srcset=\"https:\/\/powiatwwl.pl\/wp-content\/uploads\/2026\/02\/KATARZYNA-PAZIO-1024x1024.jpg 1024w, https:\/\/powiatwwl.pl\/wp-content\/uploads\/2026\/02\/KATARZYNA-PAZIO-300x300.jpg 300w, https:\/\/powiatwwl.pl\/wp-content\/uploads\/2026\/02\/KATARZYNA-PAZIO-150x150.jpg 150w, https:\/\/powiatwwl.pl\/wp-content\/uploads\/2026\/02\/KATARZYNA-PAZIO-768x768.jpg 768w, https:\/\/powiatwwl.pl\/wp-content\/uploads\/2026\/02\/KATARZYNA-PAZIO-1536x1536.jpg 1536w, https:\/\/powiatwwl.pl\/wp-content\/uploads\/2026\/02\/KATARZYNA-PAZIO-80x80.jpg 80w, https:\/\/powiatwwl.pl\/wp-content\/uploads\/2026\/02\/KATARZYNA-PAZIO-320x320.jpg 320w, https:\/\/powiatwwl.pl\/wp-content\/uploads\/2026\/02\/KATARZYNA-PAZIO.jpg 2048w\" sizes=\"auto, (max-width: 1024px) 100vw, 1024px\" \/><\/figure>\n<\/div>\n\n\n<h2 class=\"wp-block-heading\"><strong><a href=\"https:\/\/www.facebook.com\/profile.php?id=100058322747273\">Katarzyna PAZIO<\/a><\/strong><\/h2>\n\n\n\n<p><\/p>\n","protected":false},"excerpt":{"rendered":"<p>Wyzwa\u0144 przed Zarz\u0105dem Powiatu nie brakuje. Na ostatnim posiedzeniu zadecydowali\u015bmy m.in. o przeznaczeniu dodatkowych pomieszcze\u0144 dla Szko\u0142a Podstawowa Specjalna im. Marii Konopnickiej w Radzyminie, rozdysponowali\u015bmy ponad 800.000 z\u0142&#8230;<\/p>\n","protected":false},"author":1,"featured_media":206,"comment_status":"open","ping_status":"open","sticky":false,"template":"","format":"standard","meta":{"footnotes":""},"categories":[1],"tags":[],"class_list":["post-1049","post","type-post","status-publish","format-standard","has-post-thumbnail","hentry","category-aktualnosci"],"_links":{"self":[{"href":"https:\/\/powiatwwl.pl\/index.php?rest_route=\/wp\/v2\/posts\/1049","targetHints":{"allow":["GET"]}}],"collection":[{"href":"https:\/\/powiatwwl.pl\/index.php?rest_route=\/wp\/v2\/posts"}],"about":[{"href":"https:\/\/powiatwwl.pl\/index.php?rest_route=\/wp\/v2\/types\/post"}],"author":[{"embeddable":true,"href":"https:\/\/powiatwwl.pl\/index.php?rest_route=\/wp\/v2\/users\/1"}],"replies":[{"embeddable":true,"href":"https:\/\/powiatwwl.pl\/index.php?rest_route=%2Fwp%2Fv2%2Fcomments&post=1049"}],"version-history":[{"count":2,"href":"https:\/\/powiatwwl.pl\/index.php?rest_route=\/wp\/v2\/posts\/1049\/revisions"}],"predecessor-version":[{"id":1052,"href":"https:\/\/powiatwwl.pl\/index.php?rest_route=\/wp\/v2\/posts\/1049\/revisions\/1052"}],"wp:featuredmedia":[{"embeddable":true,"href":"https:\/\/powiatwwl.pl\/index.php?rest_route=\/wp\/v2\/media\/206"}],"wp:attachment":[{"href":"https:\/\/powiatwwl.pl\/index.php?rest_route=%2Fwp%2Fv2%2Fmedia&parent=1049"}],"wp:term":[{"taxonomy":"category","embeddable":true,"href":"https:\/\/powiatwwl.pl\/index.php?rest_route=%2Fwp%2Fv2%2Fcategories&post=1049"},{"taxonomy":"post_tag","embeddable":true,"href":"https:\/\/powiatwwl.pl\/index.php?rest_route=%2Fwp%2Fv2%2Ftags&post=1049"}],"curies":[{"name":"wp","href":"https:\/\/api.w.org\/{rel}","templated":true}]}}