{"id":1072,"date":"2026-02-24T09:09:28","date_gmt":"2026-02-24T08:09:28","guid":{"rendered":"http:\/\/powiatwwl.pl\/?p=1072"},"modified":"2026-02-24T13:41:00","modified_gmt":"2026-02-24T12:41:00","slug":"hospicjum-dla-dzieci-w-wolominie","status":"publish","type":"post","link":"https:\/\/powiatwwl.pl\/?p=1072","title":{"rendered":"Hospicjum dla dzieci w Wo\u0142ominie &#8211; otwarcie coraz bli\u017cej"},"content":{"rendered":"<div class=\"wp-block-image\">\n<figure class=\"aligncenter size-full\"><img loading=\"lazy\" decoding=\"async\" width=\"705\" height=\"540\" src=\"https:\/\/powiatwwl.pl\/wp-content\/uploads\/2026\/02\/639583521_1464737158989872_4340190332321028685_n.jpg\" alt=\"\" class=\"wp-image-1073\" srcset=\"https:\/\/powiatwwl.pl\/wp-content\/uploads\/2026\/02\/639583521_1464737158989872_4340190332321028685_n.jpg 705w, https:\/\/powiatwwl.pl\/wp-content\/uploads\/2026\/02\/639583521_1464737158989872_4340190332321028685_n-300x230.jpg 300w\" sizes=\"auto, (max-width: 705px) 100vw, 705px\" \/><\/figure>\n<\/div>\n\n\n<p>Powoli zbli\u017ca si\u0119 moment otwarcia budowanej od kilku lat nowej cz\u0119\u015bci Hospicjum Opatrzno\u015bci Bo\u017cej w Wo\u0142ominie. Nowy okaza\u0142y budynek to super nowoczesne hospicjum dla dzieci oraz wszystkich, kt\u00f3rzy potrzebowa\u0107 b\u0119d\u0105 wsparcia i opieki paliatywnej. To b\u0119dzie najnowocze\u015bniejsze hospicjum tego typu w Polsce. Samorz\u0105d powiatowy od lat wspiera t\u0105 pi\u0119kn\u0105 inicjatyw\u0119 ksi\u0119\u017cy Orionist\u00f3w na czele z dyrektorem ksi\u0119dzem Dariuszem Czupry\u0144skim. W imieniu samorz\u0105du powiatowego wszelkie wsparcie zadeklarowa\u0142 Starosta Wo\u0142omi\u0144ski Arkadiusz Werelich oraz Wicestarosta Katarzyna Pazio. Z nieoficjalnych informacji prawdopodobne uroczyste otwarcie nowego hospicjum dla dzieci odb\u0119dzie si\u0119 w czerwcu br.<\/p>\n\n\n\n<hr class=\"wp-block-separator aligncenter has-alpha-channel-opacity\"\/>\n\n\n<div class=\"wp-block-image\">\n<figure class=\"alignleft size-large is-resized\"><img loading=\"lazy\" decoding=\"async\" width=\"1024\" height=\"1024\" src=\"https:\/\/powiatwwl.pl\/wp-content\/uploads\/2026\/02\/ARKADIUSZ-WERELICH-1024x1024.jpg\" alt=\"\" class=\"wp-image-204\" style=\"width:108px;height:auto\" srcset=\"https:\/\/powiatwwl.pl\/wp-content\/uploads\/2026\/02\/ARKADIUSZ-WERELICH-1024x1024.jpg 1024w, https:\/\/powiatwwl.pl\/wp-content\/uploads\/2026\/02\/ARKADIUSZ-WERELICH-300x300.jpg 300w, https:\/\/powiatwwl.pl\/wp-content\/uploads\/2026\/02\/ARKADIUSZ-WERELICH-150x150.jpg 150w, https:\/\/powiatwwl.pl\/wp-content\/uploads\/2026\/02\/ARKADIUSZ-WERELICH-768x768.jpg 768w, https:\/\/powiatwwl.pl\/wp-content\/uploads\/2026\/02\/ARKADIUSZ-WERELICH-1536x1536.jpg 1536w, https:\/\/powiatwwl.pl\/wp-content\/uploads\/2026\/02\/ARKADIUSZ-WERELICH-80x80.jpg 80w, https:\/\/powiatwwl.pl\/wp-content\/uploads\/2026\/02\/ARKADIUSZ-WERELICH-320x320.jpg 320w, https:\/\/powiatwwl.pl\/wp-content\/uploads\/2026\/02\/ARKADIUSZ-WERELICH.jpg 2048w\" sizes=\"auto, (max-width: 1024px) 100vw, 1024px\" \/><\/figure>\n<\/div>\n\n\n<h2 class=\"wp-block-heading\"><strong><a href=\"https:\/\/www.facebook.com\/starostaWerelich\">Arkadiusz WERELICH<\/a><\/strong><\/h2>\n","protected":false},"excerpt":{"rendered":"<p>Powoli zbli\u017ca si\u0119 moment otwarcia budowanej od kilku lat nowej cz\u0119\u015bci Hospicjum Opatrzno\u015bci Bo\u017cej w Wo\u0142ominie. Nowy okaza\u0142y budynek to super nowoczesne hospicjum dla dzieci oraz wszystkich, kt\u00f3rzy potrzebowa\u0107 b\u0119d\u0105 wsparcia i opieki paliatywnej&#8230;<\/p>\n","protected":false},"author":1,"featured_media":310,"comment_status":"open","ping_status":"open","sticky":false,"template":"","format":"standard","meta":{"footnotes":""},"categories":[1],"tags":[],"class_list":["post-1072","post","type-post","status-publish","format-standard","has-post-thumbnail","hentry","category-aktualnosci"],"_links":{"self":[{"href":"https:\/\/powiatwwl.pl\/index.php?rest_route=\/wp\/v2\/posts\/1072","targetHints":{"allow":["GET"]}}],"collection":[{"href":"https:\/\/powiatwwl.pl\/index.php?rest_route=\/wp\/v2\/posts"}],"about":[{"href":"https:\/\/powiatwwl.pl\/index.php?rest_route=\/wp\/v2\/types\/post"}],"author":[{"embeddable":true,"href":"https:\/\/powiatwwl.pl\/index.php?rest_route=\/wp\/v2\/users\/1"}],"replies":[{"embeddable":true,"href":"https:\/\/powiatwwl.pl\/index.php?rest_route=%2Fwp%2Fv2%2Fcomments&post=1072"}],"version-history":[{"count":3,"href":"https:\/\/powiatwwl.pl\/index.php?rest_route=\/wp\/v2\/posts\/1072\/revisions"}],"predecessor-version":[{"id":1089,"href":"https:\/\/powiatwwl.pl\/index.php?rest_route=\/wp\/v2\/posts\/1072\/revisions\/1089"}],"wp:featuredmedia":[{"embeddable":true,"href":"https:\/\/powiatwwl.pl\/index.php?rest_route=\/wp\/v2\/media\/310"}],"wp:attachment":[{"href":"https:\/\/powiatwwl.pl\/index.php?rest_route=%2Fwp%2Fv2%2Fmedia&parent=1072"}],"wp:term":[{"taxonomy":"category","embeddable":true,"href":"https:\/\/powiatwwl.pl\/index.php?rest_route=%2Fwp%2Fv2%2Fcategories&post=1072"},{"taxonomy":"post_tag","embeddable":true,"href":"https:\/\/powiatwwl.pl\/index.php?rest_route=%2Fwp%2Fv2%2Ftags&post=1072"}],"curies":[{"name":"wp","href":"https:\/\/api.w.org\/{rel}","templated":true}]}}