{"id":1085,"date":"2026-02-24T09:30:35","date_gmt":"2026-02-24T08:30:35","guid":{"rendered":"http:\/\/powiatwwl.pl\/?p=1085"},"modified":"2026-02-24T09:31:27","modified_gmt":"2026-02-24T08:31:27","slug":"pewne-zwyciestwo-szczypiornistek","status":"publish","type":"post","link":"https:\/\/powiatwwl.pl\/?p=1085","title":{"rendered":"Pewne zwyci\u0119stwo &#8222;szczypiornistek&#8221;"},"content":{"rendered":"<div class=\"wp-block-image\">\n<figure class=\"aligncenter size-large is-resized\"><img loading=\"lazy\" decoding=\"async\" width=\"1024\" height=\"768\" src=\"https:\/\/powiatwwl.pl\/wp-content\/uploads\/2026\/02\/640589015_1744244440258449_2002743828761553880_n-1024x768.jpg\" alt=\"\" class=\"wp-image-1086\" style=\"width:723px;height:auto\" srcset=\"https:\/\/powiatwwl.pl\/wp-content\/uploads\/2026\/02\/640589015_1744244440258449_2002743828761553880_n-1024x768.jpg 1024w, https:\/\/powiatwwl.pl\/wp-content\/uploads\/2026\/02\/640589015_1744244440258449_2002743828761553880_n-300x225.jpg 300w, https:\/\/powiatwwl.pl\/wp-content\/uploads\/2026\/02\/640589015_1744244440258449_2002743828761553880_n-768x576.jpg 768w, https:\/\/powiatwwl.pl\/wp-content\/uploads\/2026\/02\/640589015_1744244440258449_2002743828761553880_n-1536x1152.jpg 1536w, https:\/\/powiatwwl.pl\/wp-content\/uploads\/2026\/02\/640589015_1744244440258449_2002743828761553880_n.jpg 2048w\" sizes=\"auto, (max-width: 1024px) 100vw, 1024px\" \/><\/figure>\n<\/div>\n\n\n<h2 class=\"wp-block-heading\">ROKIS Radzymin MARCOVIA Marki &#8211; AGRYKOLA Warszawa 46:26<\/h2>\n\n\n\n<p><strong>Marki, 21 luty 2026. I liga kobiet.<\/strong> <a href=\"https:\/\/www.facebook.com\/kprrokis?__cft__[0]=AZb7jQVE7ZuoPtdRwH5Butfhdwbj0EqSBIhBCctCH5eczubYJ2yg9LT-8q1rQN-d9Nq-9ZeROnz7W8zhOw0dfgE_UXuY5YqlTy1w8IP5rPbp8AXLjcjn9PBJ64RJCkad30CarqYupVR3_5k7zttrXqb55Dt25Qip2bqBEllyJ4_5XxL-ZvB1IYHmnh1QNMpozMrOpMnQEniuDfnTp6E0ZNDM&amp;__tn__=-]K-R\">ROKiS Radzymin Marcovia Marki<\/a> wygra\u0142y \ud835\udff0\ud835\udff2 \ud835\uddf1\ud835\uddfc \ud835\udfee\ud835\udff2 z <a href=\"https:\/\/www.facebook.com\/profile.php?id=100063571001039&amp;__cft__[0]=AZb7jQVE7ZuoPtdRwH5Butfhdwbj0EqSBIhBCctCH5eczubYJ2yg9LT-8q1rQN-d9Nq-9ZeROnz7W8zhOw0dfgE_UXuY5YqlTy1w8IP5rPbp8AXLjcjn9PBJ64RJCkad30CarqYupVR3_5k7zttrXqb55Dt25Qip2bqBEllyJ4_5XxL-ZvB1IYHmnh1QNMpozMrOpMnQEniuDfnTp6E0ZNDM&amp;__tn__=-]K-R\">Agrykola pi\u0142ka r\u0119czna<\/a> i potwierdzi\u0142y swoj\u0105 pozycj\u0119 lidera I ligi grupy C. To du\u017cy krok w kierunku ligi centralnej, czyli bezpo\u015bredniego zaplecza <a href=\"https:\/\/www.facebook.com\/SLKobiet?__cft__[0]=AZb7jQVE7ZuoPtdRwH5Butfhdwbj0EqSBIhBCctCH5eczubYJ2yg9LT-8q1rQN-d9Nq-9ZeROnz7W8zhOw0dfgE_UXuY5YqlTy1w8IP5rPbp8AXLjcjn9PBJ64RJCkad30CarqYupVR3_5k7zttrXqb55Dt25Qip2bqBEllyJ4_5XxL-ZvB1IYHmnh1QNMpozMrOpMnQEniuDfnTp6E0ZNDM&amp;__tn__=-]K-R\">ORLEN Superliga Kobiet<\/a>. Brawo pokaza\u0142y\u015bcie dzi\u015b niebywa\u0142ego ducha walki. Tak trzyma\u0107. <a href=\"https:\/\/www.facebook.com\/Powiat.Wolominski?__cft__[0]=AZb7jQVE7ZuoPtdRwH5Butfhdwbj0EqSBIhBCctCH5eczubYJ2yg9LT-8q1rQN-d9Nq-9ZeROnz7W8zhOw0dfgE_UXuY5YqlTy1w8IP5rPbp8AXLjcjn9PBJ64RJCkad30CarqYupVR3_5k7zttrXqb55Dt25Qip2bqBEllyJ4_5XxL-ZvB1IYHmnh1QNMpozMrOpMnQEniuDfnTp6E0ZNDM&amp;__tn__=-]K-R\">Powiat Wo\u0142omi\u0144ski<\/a> jest z Was bardzo dumny. Serdecznie Gratulujemy !<\/p>\n\n\n\n<hr class=\"wp-block-separator aligncenter has-alpha-channel-opacity\"\/>\n\n\n<div class=\"wp-block-image\">\n<figure class=\"alignleft size-full is-resized\"><img loading=\"lazy\" decoding=\"async\" width=\"500\" height=\"500\" src=\"https:\/\/powiatwwl.pl\/wp-content\/uploads\/2026\/02\/277779969_647097359973168_4131644390357408655_n.jpg\" alt=\"\" class=\"wp-image-1079\" style=\"width:113px;height:auto\" srcset=\"https:\/\/powiatwwl.pl\/wp-content\/uploads\/2026\/02\/277779969_647097359973168_4131644390357408655_n.jpg 500w, https:\/\/powiatwwl.pl\/wp-content\/uploads\/2026\/02\/277779969_647097359973168_4131644390357408655_n-300x300.jpg 300w, https:\/\/powiatwwl.pl\/wp-content\/uploads\/2026\/02\/277779969_647097359973168_4131644390357408655_n-150x150.jpg 150w, https:\/\/powiatwwl.pl\/wp-content\/uploads\/2026\/02\/277779969_647097359973168_4131644390357408655_n-80x80.jpg 80w, https:\/\/powiatwwl.pl\/wp-content\/uploads\/2026\/02\/277779969_647097359973168_4131644390357408655_n-320x320.jpg 320w\" sizes=\"auto, (max-width: 500px) 100vw, 500px\" \/><\/figure>\n<\/div>\n\n\n<h2 class=\"wp-block-heading\"><strong><a href=\"https:\/\/www.facebook.com\/kprrokis\">ROKIS Radzymin MARCOVIA Marki<\/a><\/strong><\/h2>\n","protected":false},"excerpt":{"rendered":"<p>Marki, 21 luty 2026. I liga kobiet. ROKiS Radzymin Marcovia Marki wygra\u0142y \ud835\udff0\ud835\udff2 \ud835\uddf1\ud835\uddfc \ud835\udfee\ud835\udff2 z Agrykola pi\u0142ka r\u0119czna i potwierdzi\u0142y swoj\u0105 pozycj\u0119 lidera I ligi grupy C. To du\u017cy krok w kierunku ligi centralnej, czyli bezpo\u015bredniego zaplecza ORLEN Superliga Kobiet &#8230;<\/p>\n","protected":false},"author":1,"featured_media":1078,"comment_status":"open","ping_status":"open","sticky":false,"template":"","format":"standard","meta":{"footnotes":""},"categories":[1],"tags":[],"class_list":["post-1085","post","type-post","status-publish","format-standard","has-post-thumbnail","hentry","category-aktualnosci"],"_links":{"self":[{"href":"https:\/\/powiatwwl.pl\/index.php?rest_route=\/wp\/v2\/posts\/1085","targetHints":{"allow":["GET"]}}],"collection":[{"href":"https:\/\/powiatwwl.pl\/index.php?rest_route=\/wp\/v2\/posts"}],"about":[{"href":"https:\/\/powiatwwl.pl\/index.php?rest_route=\/wp\/v2\/types\/post"}],"author":[{"embeddable":true,"href":"https:\/\/powiatwwl.pl\/index.php?rest_route=\/wp\/v2\/users\/1"}],"replies":[{"embeddable":true,"href":"https:\/\/powiatwwl.pl\/index.php?rest_route=%2Fwp%2Fv2%2Fcomments&post=1085"}],"version-history":[{"count":2,"href":"https:\/\/powiatwwl.pl\/index.php?rest_route=\/wp\/v2\/posts\/1085\/revisions"}],"predecessor-version":[{"id":1088,"href":"https:\/\/powiatwwl.pl\/index.php?rest_route=\/wp\/v2\/posts\/1085\/revisions\/1088"}],"wp:featuredmedia":[{"embeddable":true,"href":"https:\/\/powiatwwl.pl\/index.php?rest_route=\/wp\/v2\/media\/1078"}],"wp:attachment":[{"href":"https:\/\/powiatwwl.pl\/index.php?rest_route=%2Fwp%2Fv2%2Fmedia&parent=1085"}],"wp:term":[{"taxonomy":"category","embeddable":true,"href":"https:\/\/powiatwwl.pl\/index.php?rest_route=%2Fwp%2Fv2%2Fcategories&post=1085"},{"taxonomy":"post_tag","embeddable":true,"href":"https:\/\/powiatwwl.pl\/index.php?rest_route=%2Fwp%2Fv2%2Ftags&post=1085"}],"curies":[{"name":"wp","href":"https:\/\/api.w.org\/{rel}","templated":true}]}}