{"id":1162,"date":"2026-02-25T11:55:00","date_gmt":"2026-02-25T10:55:00","guid":{"rendered":"http:\/\/powiatwwl.pl\/?p=1162"},"modified":"2026-02-28T11:31:44","modified_gmt":"2026-02-28T10:31:44","slug":"chrobrego-i-kazimierza-wielkiego-w-kobylce-beda-jak-nowe","status":"publish","type":"post","link":"https:\/\/powiatwwl.pl\/?p=1162","title":{"rendered":"&#8222;Chrobrego i Kazimierza Wielkiego&#8221; w Koby\u0142ce b\u0119d\u0105 jak nowe \/ VIDEO\/"},"content":{"rendered":"<div class=\"wp-block-image\">\n<figure class=\"aligncenter size-large is-resized\"><img loading=\"lazy\" decoding=\"async\" width=\"1024\" height=\"749\" src=\"https:\/\/powiatwwl.pl\/wp-content\/uploads\/2026\/02\/640936080_1241943294716133_5376646252553456548_n-1024x749.jpg\" alt=\"\" class=\"wp-image-1163\" style=\"width:811px;height:auto\" srcset=\"https:\/\/powiatwwl.pl\/wp-content\/uploads\/2026\/02\/640936080_1241943294716133_5376646252553456548_n-1024x749.jpg 1024w, https:\/\/powiatwwl.pl\/wp-content\/uploads\/2026\/02\/640936080_1241943294716133_5376646252553456548_n-300x219.jpg 300w, https:\/\/powiatwwl.pl\/wp-content\/uploads\/2026\/02\/640936080_1241943294716133_5376646252553456548_n-768x562.jpg 768w, https:\/\/powiatwwl.pl\/wp-content\/uploads\/2026\/02\/640936080_1241943294716133_5376646252553456548_n-1536x1124.jpg 1536w, https:\/\/powiatwwl.pl\/wp-content\/uploads\/2026\/02\/640936080_1241943294716133_5376646252553456548_n.jpg 2048w\" sizes=\"auto, (max-width: 1024px) 100vw, 1024px\" \/><\/figure>\n<\/div>\n\n\n<p>\ud835\udde8\ud835\uddfa\ud835\uddfc\ud835\ude04\ud835\uddee \ud835\uddfb\ud835\uddee \ud835\uddff\ud835\uddfc\ud835\ude07\ud835\uddef\ud835\ude02\ud835\uddf1\ud835\uddfc\ud835\ude04\ud835\uddf2\u0328 \ud835\ude02\ud835\uddf9\ud835\uddf6\ud835\uddf0 \ud835\uddd5\ud835\uddfc\ud835\uddf9\ud835\uddf2\ud835\ude00\u0142\ud835\uddee\ud835\ude04\ud835\uddee \ud835\uddd6\ud835\uddf5\ud835\uddff\ud835\uddfc\ud835\uddef\ud835\uddff\ud835\uddf2\ud835\uddf4\ud835\uddfc \ud835\uddf6 \ud835\uddde\ud835\uddee\ud835\ude07\ud835\uddf6\ud835\uddfa\ud835\uddf6\ud835\uddf2\ud835\uddff\ud835\ude07\ud835\uddee \ud835\uddea\ud835\uddf6\ud835\uddf2\ud835\uddf9\ud835\uddf8\ud835\uddf6\ud835\uddf2\ud835\uddf4\ud835\uddfc \ud835\ude04 <a href=\"https:\/\/www.facebook.com\/MojaKobylka?__cft__[0]=AZZUHmxm-EnPywF3_K-3hSBTFc03Ciu6-AA-giq4zE2ZzJiRbZO01-ssUIfYweCb6iRSe-jiyUbGnDGfYqM5ExOenSOD9M3cyD0DpsN4t-54QUs6GKKMxYx1QsN4R60MJHG3KmONQEuOM2FztjfcyKx0PHGSZbrBj_pt2sBpSy2LxcQSeR3hWFMLxAL1ICNV6mU&amp;__tn__=-]K-R\">Miasto Koby\u0142ka<\/a> \ud835\uddfd\ud835\uddfc\ud835\uddf1\ud835\uddfd\ud835\uddf6\ud835\ude00\ud835\uddee\ud835\uddfb\ud835\uddee! To jedna z kluczowych i najwi\u0119kszych inwestycji drogowych w tej cz\u0119\u015bci <a href=\"https:\/\/www.facebook.com\/Powiat.Wolominski?__cft__[0]=AZZUHmxm-EnPywF3_K-3hSBTFc03Ciu6-AA-giq4zE2ZzJiRbZO01-ssUIfYweCb6iRSe-jiyUbGnDGfYqM5ExOenSOD9M3cyD0DpsN4t-54QUs6GKKMxYx1QsN4R60MJHG3KmONQEuOM2FztjfcyKx0PHGSZbrBj_pt2sBpSy2LxcQSeR3hWFMLxAL1ICNV6mU&amp;__tn__=-]K-R\">Powiat Wo\u0142omi\u0144ski<\/a>. Rozbudowa obejmie ulice Boles\u0142awa Chrobrego i Kazimierza Wielkiego (droga powiatowa 4308W) na odcinku od trasy S8 do skrzy\u017cowania z ul. Radzymi\u0144sk\u0105 \u2013 \u0142\u0105cznie ok. 1,9 km nowoczesnej i bezpiecznej infrastruktury. Zakres prac jest kompleksowy. Powstanie nowa podbudowa i nawierzchnia drogi, chodniki oraz \u015bcie\u017cki rowerowe. Przebudowane zostan\u0105 skrzy\u017cowania i zjazdy do posesji, pojawi si\u0119 nowe o\u015bwietlenie wraz z do\u015bwietleniem przej\u015b\u0107 dla pieszych oraz nowoczesny system odwodnienia. Inwestycja obejmuje r\u00f3wnie\u017c przebudow\u0119 sieci podziemnych i uporz\u0105dkowanie teren\u00f3w zielonych. To prawdziwa przemiana tej przestrzeni, zar\u00f3wno dla kierowc\u00f3w, jak i pieszych czy rowerzyst\u00f3w. Prace rozpoczn\u0105 si\u0119 w ci\u0105gu 60 dni \u2013 w tym czasie wprowadzona zostanie czasowa organizacja ruchu na remontowanym odcinku. Realizacja inwestycji potrwa 20 miesi\u0119cy od dnia podpisania umowy.\ud835\uddd6\ud835\uddee\u0142\ud835\uddf8\ud835\uddfc\ud835\ude04\ud835\uddf6\ud835\ude01\ud835\uddee \ud835\ude04\ud835\uddee\ud835\uddff\ud835\ude01\ud835\uddfc\ud835\ude00\u0301\ud835\uddf0\u0301 \ud835\ude07\ud835\uddee\ud835\uddf1\ud835\uddee\ud835\uddfb\ud835\uddf6\ud835\uddee \ud835\ude01\ud835\uddfc \ud835\udfed\ud835\udff4 \ud835\udfec\ud835\udff2\ud835\udff0 \ud835\udff2\ud835\udfed\ud835\udff4,\ud835\udfed\ud835\udfee \ud835\ude07\u0142 \ud835\uddef\ud835\uddff\ud835\ude02\ud835\ude01\ud835\ude01\ud835\uddfc.Wykonawc\u0105 inwestycji jest firma <a href=\"https:\/\/www.facebook.com\/StrabagPolska?__cft__[0]=AZZUHmxm-EnPywF3_K-3hSBTFc03Ciu6-AA-giq4zE2ZzJiRbZO01-ssUIfYweCb6iRSe-jiyUbGnDGfYqM5ExOenSOD9M3cyD0DpsN4t-54QUs6GKKMxYx1QsN4R60MJHG3KmONQEuOM2FztjfcyKx0PHGSZbrBj_pt2sBpSy2LxcQSeR3hWFMLxAL1ICNV6mU&amp;__tn__=-]K-R\">STRABAG<\/a> Sp. z o.o.<\/p>\n\n\n<div class=\"wp-block-image\">\n<figure class=\"aligncenter size-large is-resized\"><img loading=\"lazy\" decoding=\"async\" width=\"1024\" height=\"814\" src=\"https:\/\/powiatwwl.pl\/wp-content\/uploads\/2026\/02\/640408955_1241943321382797_1709110462121757391_n-1024x814.jpg\" alt=\"\" class=\"wp-image-1164\" style=\"aspect-ratio:1.2587765095596442;width:821px;height:auto\" srcset=\"https:\/\/powiatwwl.pl\/wp-content\/uploads\/2026\/02\/640408955_1241943321382797_1709110462121757391_n-1024x814.jpg 1024w, https:\/\/powiatwwl.pl\/wp-content\/uploads\/2026\/02\/640408955_1241943321382797_1709110462121757391_n-300x238.jpg 300w, https:\/\/powiatwwl.pl\/wp-content\/uploads\/2026\/02\/640408955_1241943321382797_1709110462121757391_n-768x610.jpg 768w, https:\/\/powiatwwl.pl\/wp-content\/uploads\/2026\/02\/640408955_1241943321382797_1709110462121757391_n-1536x1220.jpg 1536w, https:\/\/powiatwwl.pl\/wp-content\/uploads\/2026\/02\/640408955_1241943321382797_1709110462121757391_n.jpg 2048w\" sizes=\"auto, (max-width: 1024px) 100vw, 1024px\" \/><\/figure>\n<\/div>\n\n\n<p>Jednocze\u015bnie podpisana zosta\u0142a odr\u0119bna umowa pomi\u0119dzy wykonawc\u0105 a Miastem Koby\u0142ka, dotycz\u0105ca realizacji prac wodoci\u0105gowych oraz kanalizacyjnych w tym samym pasie drogowym. Roboty b\u0119d\u0105 prowadzone r\u00f3wnolegle, co pozwoli skoordynowa\u0107 dzia\u0142ania i sprawniej przeprowadzi\u0107 ca\u0142o\u015b\u0107 inwestycji. Warto\u015b\u0107 tej umowy wynosi 4 727 305,63 z\u0142. To zdecydowana i odczuwalna zmiana dla tej cz\u0119\u015bci powiatu. Konsekwentnie inwestujemy w bezpiecze\u0144stwo, nowoczesne rozwi\u0105zania i popraw\u0119 komfortu mieszka\u0144c\u00f3w, kt\u00f3rzy ka\u017cdego dnia korzystaj\u0105 z tego odcinka. Efekty tych prac b\u0119d\u0105 widoczne i odczuwalne przez wiele lat.<\/p>\n\n\n<div class=\"wp-block-image\">\n<figure class=\"aligncenter size-large is-resized\"><img loading=\"lazy\" decoding=\"async\" width=\"1024\" height=\"576\" src=\"https:\/\/powiatwwl.pl\/wp-content\/uploads\/2026\/02\/632936999_1457008743096047_2758172939317174906_n-1-1024x576.jpg\" alt=\"\" class=\"wp-image-1165\" style=\"width:821px;height:auto\" srcset=\"https:\/\/powiatwwl.pl\/wp-content\/uploads\/2026\/02\/632936999_1457008743096047_2758172939317174906_n-1-1024x576.jpg 1024w, https:\/\/powiatwwl.pl\/wp-content\/uploads\/2026\/02\/632936999_1457008743096047_2758172939317174906_n-1-300x169.jpg 300w, https:\/\/powiatwwl.pl\/wp-content\/uploads\/2026\/02\/632936999_1457008743096047_2758172939317174906_n-1-768x432.jpg 768w, https:\/\/powiatwwl.pl\/wp-content\/uploads\/2026\/02\/632936999_1457008743096047_2758172939317174906_n-1.jpg 1280w\" sizes=\"auto, (max-width: 1024px) 100vw, 1024px\" \/><\/figure>\n<\/div>\n\n\n<figure class=\"wp-block-embed is-type-video is-provider-youtube wp-block-embed-youtube wp-embed-aspect-16-9 wp-has-aspect-ratio\"><div class=\"wp-block-embed__wrapper\">\n<div class=\"video-container\"><iframe loading=\"lazy\" title=\"Start modernizacji ulicy Kazimierza Wielkiego i Bronis\u0142awa chrobrego w Koby\u0142ce\" width=\"500\" height=\"281\" src=\"https:\/\/www.youtube.com\/embed\/QIa7fYU24eE?feature=oembed&#038;wmode=opaque\" frameborder=\"0\" allow=\"accelerometer; autoplay; clipboard-write; encrypted-media; gyroscope; picture-in-picture; web-share\" referrerpolicy=\"strict-origin-when-cross-origin\" allowfullscreen><\/iframe><\/div>\n<\/div><\/figure>\n\n\n\n<hr class=\"wp-block-separator aligncenter has-alpha-channel-opacity\"\/>\n\n\n<div class=\"wp-block-image\">\n<figure class=\"alignleft size-large is-resized\"><img loading=\"lazy\" decoding=\"async\" width=\"1024\" height=\"1024\" src=\"https:\/\/powiatwwl.pl\/wp-content\/uploads\/2026\/02\/pw-1024x1024.jpg\" alt=\"\" class=\"wp-image-395\" style=\"width:109px;height:auto\" srcset=\"https:\/\/powiatwwl.pl\/wp-content\/uploads\/2026\/02\/pw-1024x1024.jpg 1024w, https:\/\/powiatwwl.pl\/wp-content\/uploads\/2026\/02\/pw-300x300.jpg 300w, https:\/\/powiatwwl.pl\/wp-content\/uploads\/2026\/02\/pw-150x150.jpg 150w, https:\/\/powiatwwl.pl\/wp-content\/uploads\/2026\/02\/pw-768x768.jpg 768w, https:\/\/powiatwwl.pl\/wp-content\/uploads\/2026\/02\/pw-80x80.jpg 80w, https:\/\/powiatwwl.pl\/wp-content\/uploads\/2026\/02\/pw-320x320.jpg 320w, https:\/\/powiatwwl.pl\/wp-content\/uploads\/2026\/02\/pw.jpg 1280w\" sizes=\"auto, (max-width: 1024px) 100vw, 1024px\" \/><\/figure>\n<\/div>\n\n\n<h2 class=\"wp-block-heading\"><strong><a href=\"https:\/\/www.facebook.com\/Powiat.Wolominski\">Powiat Wo\u0142omi\u0144ski Ziemia Norwida i &#8222;Cudu nad Wis\u0142\u0105&#8221;<\/a><\/strong><\/h2>\n\n\n\n<p><\/p>\n","protected":false},"excerpt":{"rendered":"<p>\ud835\udde8\ud835\uddfa\ud835\uddfc\ud835\ude04\ud835\uddee \ud835\uddfb\ud835\uddee \ud835\uddff\ud835\uddfc\ud835\ude07\ud835\uddef\ud835\ude02\ud835\uddf1\ud835\uddfc\ud835\ude04\ud835\uddf2\u0328 \ud835\ude02\ud835\uddf9\ud835\uddf6\ud835\uddf0 \ud835\uddd5\ud835\uddfc\ud835\uddf9\ud835\uddf2\ud835\ude00\u0142\ud835\uddee\ud835\ude04\ud835\uddee \ud835\uddd6\ud835\uddf5\ud835\uddff\ud835\uddfc\ud835\uddef\ud835\uddff\ud835\uddf2\ud835\uddf4\ud835\uddfc \ud835\uddf6 \ud835\uddde\ud835\uddee\ud835\ude07\ud835\uddf6\ud835\uddfa\ud835\uddf6\ud835\uddf2\ud835\uddff\ud835\ude07\ud835\uddee \ud835\uddea\ud835\uddf6\ud835\uddf2\ud835\uddf9\ud835\uddf8\ud835\uddf6\ud835\uddf2\ud835\uddf4\ud835\uddfc \ud835\ude04 Miasto Koby\u0142ka \ud835\uddfd\ud835\uddfc\ud835\uddf1\ud835\uddfd\ud835\uddf6\ud835\ude00\ud835\uddee\ud835\uddfb\ud835\uddee! To jedna z kluczowych i najwi\u0119kszych inwestycji drogowych w tej cz\u0119\u015bci Powiat Wo\u0142omi\u0144ski. Rozbudowa obejmie ulice Boles\u0142awa Chrobrego i Kazimierza Wielkiego (droga powiatowa 4308W) na odcinku od trasy S8 do skrzy\u017cowania z ul. Radzymi\u0144sk\u0105 \u2013 \u0142\u0105cznie ok. 1,9 km nowoczesnej i bezpiecznej infrastruktury. Zakres prac jest kompleksowy&#8230;<\/p>\n","protected":false},"author":1,"featured_media":1165,"comment_status":"open","ping_status":"open","sticky":false,"template":"","format":"standard","meta":{"footnotes":""},"categories":[1],"tags":[],"class_list":["post-1162","post","type-post","status-publish","format-standard","has-post-thumbnail","hentry","category-aktualnosci"],"_links":{"self":[{"href":"https:\/\/powiatwwl.pl\/index.php?rest_route=\/wp\/v2\/posts\/1162","targetHints":{"allow":["GET"]}}],"collection":[{"href":"https:\/\/powiatwwl.pl\/index.php?rest_route=\/wp\/v2\/posts"}],"about":[{"href":"https:\/\/powiatwwl.pl\/index.php?rest_route=\/wp\/v2\/types\/post"}],"author":[{"embeddable":true,"href":"https:\/\/powiatwwl.pl\/index.php?rest_route=\/wp\/v2\/users\/1"}],"replies":[{"embeddable":true,"href":"https:\/\/powiatwwl.pl\/index.php?rest_route=%2Fwp%2Fv2%2Fcomments&post=1162"}],"version-history":[{"count":6,"href":"https:\/\/powiatwwl.pl\/index.php?rest_route=\/wp\/v2\/posts\/1162\/revisions"}],"predecessor-version":[{"id":1418,"href":"https:\/\/powiatwwl.pl\/index.php?rest_route=\/wp\/v2\/posts\/1162\/revisions\/1418"}],"wp:featuredmedia":[{"embeddable":true,"href":"https:\/\/powiatwwl.pl\/index.php?rest_route=\/wp\/v2\/media\/1165"}],"wp:attachment":[{"href":"https:\/\/powiatwwl.pl\/index.php?rest_route=%2Fwp%2Fv2%2Fmedia&parent=1162"}],"wp:term":[{"taxonomy":"category","embeddable":true,"href":"https:\/\/powiatwwl.pl\/index.php?rest_route=%2Fwp%2Fv2%2Fcategories&post=1162"},{"taxonomy":"post_tag","embeddable":true,"href":"https:\/\/powiatwwl.pl\/index.php?rest_route=%2Fwp%2Fv2%2Ftags&post=1162"}],"curies":[{"name":"wp","href":"https:\/\/api.w.org\/{rel}","templated":true}]}}