{"id":1170,"date":"2026-02-24T22:12:53","date_gmt":"2026-02-24T21:12:53","guid":{"rendered":"http:\/\/powiatwwl.pl\/?p=1170"},"modified":"2026-02-24T22:14:58","modified_gmt":"2026-02-24T21:14:58","slug":"dziekujemy-dzien-sluzby-cywilnej","status":"publish","type":"post","link":"https:\/\/powiatwwl.pl\/?p=1170","title":{"rendered":"DZI\u0118KUJEMY &#8211; Dzie\u0144 S\u0142u\u017cby Cywilnej"},"content":{"rendered":"<div class=\"wp-block-image\">\n<figure class=\"aligncenter size-large is-resized\"><img loading=\"lazy\" decoding=\"async\" width=\"1024\" height=\"612\" src=\"https:\/\/powiatwwl.pl\/wp-content\/uploads\/2026\/02\/641627000_1467478298715758_279222008725637142_n-1024x612.jpg\" alt=\"\" class=\"wp-image-1171\" style=\"width:842px;height:auto\" srcset=\"https:\/\/powiatwwl.pl\/wp-content\/uploads\/2026\/02\/641627000_1467478298715758_279222008725637142_n-1024x612.jpg 1024w, https:\/\/powiatwwl.pl\/wp-content\/uploads\/2026\/02\/641627000_1467478298715758_279222008725637142_n-300x179.jpg 300w, https:\/\/powiatwwl.pl\/wp-content\/uploads\/2026\/02\/641627000_1467478298715758_279222008725637142_n-768x459.jpg 768w, https:\/\/powiatwwl.pl\/wp-content\/uploads\/2026\/02\/641627000_1467478298715758_279222008725637142_n-1536x917.jpg 1536w, https:\/\/powiatwwl.pl\/wp-content\/uploads\/2026\/02\/641627000_1467478298715758_279222008725637142_n.jpg 2048w\" sizes=\"auto, (max-width: 1024px) 100vw, 1024px\" \/><\/figure>\n<\/div>\n\n\n<p>Dzie\u0144 S\u0142u\u017cby Cywilnej z pracownikami Policji w <a href=\"https:\/\/www.facebook.com\/fabryczka.wolomin?__cft__[0]=AZbBOehRUdlkDKBb7Rl50S9SokQ_8xsyYChPKKvwyn1CPsDKzf65HhV94e5MPn2Hh_vHnX0VE7zLXuKoEpC3N5yrHXbkZktdKnGCddAcefEeN38bUGJ0wo0UCxxZKpXe4GX2f-eq_SU4vXA2_Kp4P9oSusbPXSZNwE5JTtFk0MQqFghhe2QPnxPEgbTAWZ7_CViPhkbpOxlYy6a_Eus9IvskaWN09mLT2YzLVb863RBhqg&amp;__tn__=-]K-y-R\">Powiatowe Centrum Kultury Fabryczka<\/a>. To by\u0142a dobra chwila, \u017ceby podzi\u0119kowa\u0107 osobom, kt\u00f3re na co dzie\u0144 dbaj\u0105 o to, by praca Policji w naszym powiecie przebiega\u0142a sprawnie i profesjonalnie. Ich zaanga\u017cowanie cz\u0119sto pozostaje w cieniu, a przecie\u017c ma znaczny wp\u0142yw na bezpiecze\u0144stwo naszych mieszka\u0144c\u00f3w. Z ogromnym zaszczytem przyj\u0105\u0142em r\u00f3wnie\u017c medal z okazji XXX-lecia NSZZ Pracownik\u00f3w Policji. Dzi\u0119kuj\u0119 za to wyj\u0105tkowe wyr\u00f3\u017cnienie. To dla mnie wa\u017cny sygna\u0142 wsp\u00f3\u0142pracy i wzajemnego wsparcia \/AW\/<\/p>\n\n\n<div class=\"wp-block-image\">\n<figure class=\"aligncenter size-large is-resized\"><img loading=\"lazy\" decoding=\"async\" width=\"1024\" height=\"747\" src=\"https:\/\/powiatwwl.pl\/wp-content\/uploads\/2026\/02\/641604101_1467478725382382_6410973474832313022_n-1024x747.jpg\" alt=\"\" class=\"wp-image-1173\" style=\"aspect-ratio:1.3708322844916359;width:838px;height:auto\" srcset=\"https:\/\/powiatwwl.pl\/wp-content\/uploads\/2026\/02\/641604101_1467478725382382_6410973474832313022_n-1024x747.jpg 1024w, https:\/\/powiatwwl.pl\/wp-content\/uploads\/2026\/02\/641604101_1467478725382382_6410973474832313022_n-300x219.jpg 300w, https:\/\/powiatwwl.pl\/wp-content\/uploads\/2026\/02\/641604101_1467478725382382_6410973474832313022_n-768x560.jpg 768w, https:\/\/powiatwwl.pl\/wp-content\/uploads\/2026\/02\/641604101_1467478725382382_6410973474832313022_n-1536x1121.jpg 1536w, https:\/\/powiatwwl.pl\/wp-content\/uploads\/2026\/02\/641604101_1467478725382382_6410973474832313022_n.jpg 2048w\" sizes=\"auto, (max-width: 1024px) 100vw, 1024px\" \/><\/figure>\n<\/div>\n\n\n<hr class=\"wp-block-separator aligncenter has-alpha-channel-opacity\"\/>\n\n\n<div class=\"wp-block-image\">\n<figure class=\"alignleft size-large is-resized\"><img loading=\"lazy\" decoding=\"async\" width=\"1024\" height=\"1024\" src=\"https:\/\/powiatwwl.pl\/wp-content\/uploads\/2026\/02\/ARKADIUSZ-WERELICH-1024x1024.jpg\" alt=\"\" class=\"wp-image-204\" style=\"width:109px;height:auto\" srcset=\"https:\/\/powiatwwl.pl\/wp-content\/uploads\/2026\/02\/ARKADIUSZ-WERELICH-1024x1024.jpg 1024w, https:\/\/powiatwwl.pl\/wp-content\/uploads\/2026\/02\/ARKADIUSZ-WERELICH-300x300.jpg 300w, https:\/\/powiatwwl.pl\/wp-content\/uploads\/2026\/02\/ARKADIUSZ-WERELICH-150x150.jpg 150w, https:\/\/powiatwwl.pl\/wp-content\/uploads\/2026\/02\/ARKADIUSZ-WERELICH-768x768.jpg 768w, https:\/\/powiatwwl.pl\/wp-content\/uploads\/2026\/02\/ARKADIUSZ-WERELICH-1536x1536.jpg 1536w, https:\/\/powiatwwl.pl\/wp-content\/uploads\/2026\/02\/ARKADIUSZ-WERELICH-80x80.jpg 80w, https:\/\/powiatwwl.pl\/wp-content\/uploads\/2026\/02\/ARKADIUSZ-WERELICH-320x320.jpg 320w, https:\/\/powiatwwl.pl\/wp-content\/uploads\/2026\/02\/ARKADIUSZ-WERELICH.jpg 2048w\" sizes=\"auto, (max-width: 1024px) 100vw, 1024px\" \/><\/figure>\n<\/div>\n\n\n<h2 class=\"wp-block-heading\"><strong><a href=\"https:\/\/www.facebook.com\/starostaWerelich\">Arkadiusz WERELICH<\/a><\/strong><\/h2>\n\n\n\n<p><\/p>\n","protected":false},"excerpt":{"rendered":"<p>Dzie\u0144 S\u0142u\u017cby Cywilnej z pracownikami Policji w Powiatowe Centrum Kultury Fabryczka. To by\u0142a dobra chwila, \u017ceby podzi\u0119kowa\u0107 osobom, kt\u00f3re na co dzie\u0144 dbaj\u0105 o to, by praca Policji w naszym powiecie przebiega\u0142a sprawnie i profesjonalnie. Ich zaanga\u017cowanie cz\u0119sto pozostaje w cieniu, a przecie\u017c ma znaczny wp\u0142yw na bezpiecze\u0144stwo naszych mieszka\u0144c\u00f3w&#8230;<\/p>\n","protected":false},"author":1,"featured_media":1172,"comment_status":"open","ping_status":"open","sticky":false,"template":"","format":"standard","meta":{"footnotes":""},"categories":[1],"tags":[],"class_list":["post-1170","post","type-post","status-publish","format-standard","has-post-thumbnail","hentry","category-aktualnosci"],"_links":{"self":[{"href":"https:\/\/powiatwwl.pl\/index.php?rest_route=\/wp\/v2\/posts\/1170","targetHints":{"allow":["GET"]}}],"collection":[{"href":"https:\/\/powiatwwl.pl\/index.php?rest_route=\/wp\/v2\/posts"}],"about":[{"href":"https:\/\/powiatwwl.pl\/index.php?rest_route=\/wp\/v2\/types\/post"}],"author":[{"embeddable":true,"href":"https:\/\/powiatwwl.pl\/index.php?rest_route=\/wp\/v2\/users\/1"}],"replies":[{"embeddable":true,"href":"https:\/\/powiatwwl.pl\/index.php?rest_route=%2Fwp%2Fv2%2Fcomments&post=1170"}],"version-history":[{"count":3,"href":"https:\/\/powiatwwl.pl\/index.php?rest_route=\/wp\/v2\/posts\/1170\/revisions"}],"predecessor-version":[{"id":1176,"href":"https:\/\/powiatwwl.pl\/index.php?rest_route=\/wp\/v2\/posts\/1170\/revisions\/1176"}],"wp:featuredmedia":[{"embeddable":true,"href":"https:\/\/powiatwwl.pl\/index.php?rest_route=\/wp\/v2\/media\/1172"}],"wp:attachment":[{"href":"https:\/\/powiatwwl.pl\/index.php?rest_route=%2Fwp%2Fv2%2Fmedia&parent=1170"}],"wp:term":[{"taxonomy":"category","embeddable":true,"href":"https:\/\/powiatwwl.pl\/index.php?rest_route=%2Fwp%2Fv2%2Fcategories&post=1170"},{"taxonomy":"post_tag","embeddable":true,"href":"https:\/\/powiatwwl.pl\/index.php?rest_route=%2Fwp%2Fv2%2Ftags&post=1170"}],"curies":[{"name":"wp","href":"https:\/\/api.w.org\/{rel}","templated":true}]}}