{"id":1301,"date":"2026-03-01T09:52:00","date_gmt":"2026-03-01T08:52:00","guid":{"rendered":"http:\/\/powiatwwl.pl\/?p=1301"},"modified":"2026-03-01T20:00:41","modified_gmt":"2026-03-01T19:00:41","slug":"starostwo-powiatowe-frontem-do-obywatela","status":"publish","type":"post","link":"https:\/\/powiatwwl.pl\/?p=1301","title":{"rendered":"Starostwo Powiatowe &#8222;frontem&#8221; do obywatela \/VIDEO\/"},"content":{"rendered":"<div class=\"wp-block-image\">\n<figure class=\"aligncenter size-large is-resized\"><img loading=\"lazy\" decoding=\"async\" width=\"1024\" height=\"576\" src=\"https:\/\/powiatwwl.pl\/wp-content\/uploads\/2026\/02\/SP-1024x576.jpg\" alt=\"\" class=\"wp-image-1366\" style=\"width:800px;height:auto\" srcset=\"https:\/\/powiatwwl.pl\/wp-content\/uploads\/2026\/02\/SP-1024x576.jpg 1024w, https:\/\/powiatwwl.pl\/wp-content\/uploads\/2026\/02\/SP-300x169.jpg 300w, https:\/\/powiatwwl.pl\/wp-content\/uploads\/2026\/02\/SP-768x432.jpg 768w, https:\/\/powiatwwl.pl\/wp-content\/uploads\/2026\/02\/SP.jpg 1280w\" sizes=\"auto, (max-width: 1024px) 100vw, 1024px\" \/><\/figure>\n<\/div>\n\n\n<p>Siedziba Starostwa Powiatowego w Wo\u0142ominie przy ulicy Pr\u0105dzy\u0144skiego przechodzi modernizacj\u0119. Kilka miesi\u0119cy temu znikn\u0119\u0142y s\u0142ynne &#8222;schody do nieba&#8221;, kt\u00f3rymi wspinali si\u0119 mieszka\u0144cy pragn\u0105cy za\u0142atwi\u0107 sprawy urz\u0119dowe. Budynek b\u0119dzie bardzo przyjazny dla mieszka\u0144c\u00f3w odwiedzaj\u0105cych starostwo, b\u0119dzie bardziej dost\u0119pny, funkcjonalny i estetyczny. Modernizacja potrwa jeszcze jaki\u015b czas, a ju\u017c dzi\u015b mo\u017cemy zobaczy\u0107 fragment nowej elewacji budynku od ulicy Pr\u0105dzy\u0144skiego.<\/p>\n\n\n\n<figure class=\"wp-block-embed is-type-video is-provider-youtube wp-block-embed-youtube wp-embed-aspect-16-9 wp-has-aspect-ratio\"><div class=\"wp-block-embed__wrapper\">\n<div class=\"video-container\"><iframe loading=\"lazy\" title=\"Modernizacja siedziby Starostwa Powiatowego w Wo\u0142ominie, powiatwwl pl\" width=\"500\" height=\"281\" src=\"https:\/\/www.youtube.com\/embed\/K4k5wCqF2Sk?feature=oembed&#038;wmode=opaque\" frameborder=\"0\" allow=\"accelerometer; autoplay; clipboard-write; encrypted-media; gyroscope; picture-in-picture; web-share\" referrerpolicy=\"strict-origin-when-cross-origin\" allowfullscreen><\/iframe><\/div>\n<\/div><\/figure>\n\n\n\n<hr class=\"wp-block-separator aligncenter has-alpha-channel-opacity\"\/>\n\n\n<div class=\"wp-block-image\">\n<figure class=\"alignleft size-large is-resized\"><img loading=\"lazy\" decoding=\"async\" width=\"1024\" height=\"1024\" src=\"https:\/\/powiatwwl.pl\/wp-content\/uploads\/2026\/02\/ARKADIUSZ-WERELICH-1024x1024.jpg\" alt=\"\" class=\"wp-image-204\" style=\"width:111px;height:auto\" srcset=\"https:\/\/powiatwwl.pl\/wp-content\/uploads\/2026\/02\/ARKADIUSZ-WERELICH-1024x1024.jpg 1024w, https:\/\/powiatwwl.pl\/wp-content\/uploads\/2026\/02\/ARKADIUSZ-WERELICH-300x300.jpg 300w, https:\/\/powiatwwl.pl\/wp-content\/uploads\/2026\/02\/ARKADIUSZ-WERELICH-150x150.jpg 150w, https:\/\/powiatwwl.pl\/wp-content\/uploads\/2026\/02\/ARKADIUSZ-WERELICH-768x768.jpg 768w, https:\/\/powiatwwl.pl\/wp-content\/uploads\/2026\/02\/ARKADIUSZ-WERELICH-1536x1536.jpg 1536w, https:\/\/powiatwwl.pl\/wp-content\/uploads\/2026\/02\/ARKADIUSZ-WERELICH-80x80.jpg 80w, https:\/\/powiatwwl.pl\/wp-content\/uploads\/2026\/02\/ARKADIUSZ-WERELICH-320x320.jpg 320w, https:\/\/powiatwwl.pl\/wp-content\/uploads\/2026\/02\/ARKADIUSZ-WERELICH.jpg 2048w\" sizes=\"auto, (max-width: 1024px) 100vw, 1024px\" \/><\/figure>\n<\/div>\n\n\n<h2 class=\"wp-block-heading\"><strong><a href=\"https:\/\/www.facebook.com\/starostaWerelich\">Arkadiusz WERELICH<\/a><\/strong><\/h2>\n","protected":false},"excerpt":{"rendered":"<p>Siedziba Starostwa Powiatowego w Wo\u0142ominie przy ulicy Pr\u0105dzy\u0144skiego przechodzi modernizacj\u0119. Kilka miesi\u0119cy temu znikn\u0119\u0142y s\u0142ynne &#8222;schody do nieba&#8221;, kt\u00f3rymi wspinali si\u0119 mieszka\u0144cy pragn\u0105cy za\u0142atwi\u0107 sprawy urz\u0119dowe. Budynek b\u0119dzie bardzo przyjazny dla mieszka\u0144c\u00f3w odwiedzaj\u0105cych starostwo, b\u0119dzie bardziej dost\u0119pny, funkcjonalny i estetyczny. ..<\/p>\n","protected":false},"author":1,"featured_media":1369,"comment_status":"open","ping_status":"open","sticky":false,"template":"","format":"standard","meta":{"footnotes":""},"categories":[1],"tags":[],"class_list":["post-1301","post","type-post","status-publish","format-standard","has-post-thumbnail","hentry","category-aktualnosci"],"_links":{"self":[{"href":"https:\/\/powiatwwl.pl\/index.php?rest_route=\/wp\/v2\/posts\/1301","targetHints":{"allow":["GET"]}}],"collection":[{"href":"https:\/\/powiatwwl.pl\/index.php?rest_route=\/wp\/v2\/posts"}],"about":[{"href":"https:\/\/powiatwwl.pl\/index.php?rest_route=\/wp\/v2\/types\/post"}],"author":[{"embeddable":true,"href":"https:\/\/powiatwwl.pl\/index.php?rest_route=\/wp\/v2\/users\/1"}],"replies":[{"embeddable":true,"href":"https:\/\/powiatwwl.pl\/index.php?rest_route=%2Fwp%2Fv2%2Fcomments&post=1301"}],"version-history":[{"count":8,"href":"https:\/\/powiatwwl.pl\/index.php?rest_route=\/wp\/v2\/posts\/1301\/revisions"}],"predecessor-version":[{"id":1382,"href":"https:\/\/powiatwwl.pl\/index.php?rest_route=\/wp\/v2\/posts\/1301\/revisions\/1382"}],"wp:featuredmedia":[{"embeddable":true,"href":"https:\/\/powiatwwl.pl\/index.php?rest_route=\/wp\/v2\/media\/1369"}],"wp:attachment":[{"href":"https:\/\/powiatwwl.pl\/index.php?rest_route=%2Fwp%2Fv2%2Fmedia&parent=1301"}],"wp:term":[{"taxonomy":"category","embeddable":true,"href":"https:\/\/powiatwwl.pl\/index.php?rest_route=%2Fwp%2Fv2%2Fcategories&post=1301"},{"taxonomy":"post_tag","embeddable":true,"href":"https:\/\/powiatwwl.pl\/index.php?rest_route=%2Fwp%2Fv2%2Ftags&post=1301"}],"curies":[{"name":"wp","href":"https:\/\/api.w.org\/{rel}","templated":true}]}}