{"id":1307,"date":"2026-02-28T16:03:07","date_gmt":"2026-02-28T15:03:07","guid":{"rendered":"http:\/\/powiatwwl.pl\/?p=1307"},"modified":"2026-03-01T19:44:11","modified_gmt":"2026-03-01T18:44:11","slug":"udana-inauguracja-w-iii-lidze-pilkarskiej","status":"publish","type":"post","link":"https:\/\/powiatwwl.pl\/?p=1307","title":{"rendered":"Pora\u017cka na inauguracj\u0119 w III lidze pi\u0142karskiej"},"content":{"rendered":"<div class=\"wp-block-image\">\n<figure class=\"aligncenter size-large is-resized\"><img loading=\"lazy\" decoding=\"async\" width=\"1024\" height=\"1024\" src=\"https:\/\/powiatwwl.pl\/wp-content\/uploads\/2026\/02\/641520518_1363860888876327_5896283161765660931_n-1024x1024.jpg\" alt=\"\" class=\"wp-image-1431\" style=\"width:502px;height:auto\" srcset=\"https:\/\/powiatwwl.pl\/wp-content\/uploads\/2026\/02\/641520518_1363860888876327_5896283161765660931_n-1024x1024.jpg 1024w, https:\/\/powiatwwl.pl\/wp-content\/uploads\/2026\/02\/641520518_1363860888876327_5896283161765660931_n-300x300.jpg 300w, https:\/\/powiatwwl.pl\/wp-content\/uploads\/2026\/02\/641520518_1363860888876327_5896283161765660931_n-150x150.jpg 150w, https:\/\/powiatwwl.pl\/wp-content\/uploads\/2026\/02\/641520518_1363860888876327_5896283161765660931_n-768x768.jpg 768w, https:\/\/powiatwwl.pl\/wp-content\/uploads\/2026\/02\/641520518_1363860888876327_5896283161765660931_n-80x80.jpg 80w, https:\/\/powiatwwl.pl\/wp-content\/uploads\/2026\/02\/641520518_1363860888876327_5896283161765660931_n-320x320.jpg 320w, https:\/\/powiatwwl.pl\/wp-content\/uploads\/2026\/02\/641520518_1363860888876327_5896283161765660931_n.jpg 1080w\" sizes=\"auto, (max-width: 1024px) 100vw, 1024px\" \/><\/figure>\n<\/div>\n\n\n<p>Z\u0105bkovia Z\u0105bki powr\u00f3ci\u0142a na pi\u0142karskie boisko III ligi. Rund\u0119 wiosenn\u0105 zesp\u00f3\u0142 z Z\u0105bek rozpocz\u0105\u0142 na boisku w Elbl\u0105gu. Niestety nie by\u0142a to udana inauguracja. Zesp\u00f3\u0142 gospodarzy po zaci\u0119tym spotkaniu zwyci\u0119\u017cy\u0142 3:1. W drugiej po\u0142owie kontaktowa bramk\u0119 dla naszej dru\u017cyny zdoby\u0142 w 56 minucie Karol Pierzchalski. Niestety pod sam koniec spotkania zwyci\u0119ska trzeci\u0105 bramk\u0119 strzelili gospodarze. Kolejne ligowe spotkanie z\u0105bkowianie zagraj\u0105 ponownie na wyje\u017adzie tym razem w Sieradzu z dru\u017cyn\u0105 WARTY.<\/p>\n\n\n\n<p><strong>OLIMPIA Elbl\u0105g &#8211; Z\u0104BKOVIA Z\u0105bki 3:1(2:0)<\/strong><\/p>\n\n\n\n<hr class=\"wp-block-separator aligncenter has-alpha-channel-opacity\"\/>\n\n\n<div class=\"wp-block-image\">\n<figure class=\"alignleft size-full is-resized\"><img loading=\"lazy\" decoding=\"async\" width=\"500\" height=\"500\" src=\"https:\/\/powiatwwl.pl\/wp-content\/uploads\/2026\/02\/zabkovia-herb.png\" alt=\"\" class=\"wp-image-926\" style=\"width:113px;height:auto\" srcset=\"https:\/\/powiatwwl.pl\/wp-content\/uploads\/2026\/02\/zabkovia-herb.png 500w, https:\/\/powiatwwl.pl\/wp-content\/uploads\/2026\/02\/zabkovia-herb-300x300.png 300w, https:\/\/powiatwwl.pl\/wp-content\/uploads\/2026\/02\/zabkovia-herb-150x150.png 150w, https:\/\/powiatwwl.pl\/wp-content\/uploads\/2026\/02\/zabkovia-herb-80x80.png 80w, https:\/\/powiatwwl.pl\/wp-content\/uploads\/2026\/02\/zabkovia-herb-320x320.png 320w\" sizes=\"auto, (max-width: 500px) 100vw, 500px\" \/><\/figure>\n<\/div>\n\n\n<h2 class=\"wp-block-heading\"><strong><a href=\"https:\/\/www.facebook.com\/zabkovia1927\">Z\u0104BKOVIA Z\u0105bki<\/a><\/strong><\/h2>\n\n\n\n<p><\/p>\n","protected":false},"excerpt":{"rendered":"<p>Z\u0105bkovia Z\u0105bki powr\u00f3ci\u0142a na pi\u0142karskie boisko III ligi. Rund\u0119 wiosenn\u0105 zesp\u00f3\u0142 z Z\u0105bek rozpocz\u0105\u0142 na boisku w Elbl\u0105gu. Niestety nie by\u0142a to udana inauguracja. Zesp\u00f3\u0142 gospodarzy po zaci\u0119tym spotkaniu zwyci\u0119\u017cy\u0142 3:1. W drugiej po\u0142owie kontaktowa bramk\u0119 dla naszej dru\u017cyny zdoby\u0142 w 56 minucie Karol Pierzchalski. Niestety pod sam koniec spotkania zwyci\u0119ska trzeci\u0105 bramk\u0119 strzelili gospodarze&#8230;<\/p>\n","protected":false},"author":1,"featured_media":1431,"comment_status":"open","ping_status":"open","sticky":false,"template":"","format":"standard","meta":{"footnotes":""},"categories":[1],"tags":[],"class_list":["post-1307","post","type-post","status-publish","format-standard","has-post-thumbnail","hentry","category-aktualnosci"],"_links":{"self":[{"href":"https:\/\/powiatwwl.pl\/index.php?rest_route=\/wp\/v2\/posts\/1307","targetHints":{"allow":["GET"]}}],"collection":[{"href":"https:\/\/powiatwwl.pl\/index.php?rest_route=\/wp\/v2\/posts"}],"about":[{"href":"https:\/\/powiatwwl.pl\/index.php?rest_route=\/wp\/v2\/types\/post"}],"author":[{"embeddable":true,"href":"https:\/\/powiatwwl.pl\/index.php?rest_route=\/wp\/v2\/users\/1"}],"replies":[{"embeddable":true,"href":"https:\/\/powiatwwl.pl\/index.php?rest_route=%2Fwp%2Fv2%2Fcomments&post=1307"}],"version-history":[{"count":6,"href":"https:\/\/powiatwwl.pl\/index.php?rest_route=\/wp\/v2\/posts\/1307\/revisions"}],"predecessor-version":[{"id":1591,"href":"https:\/\/powiatwwl.pl\/index.php?rest_route=\/wp\/v2\/posts\/1307\/revisions\/1591"}],"wp:featuredmedia":[{"embeddable":true,"href":"https:\/\/powiatwwl.pl\/index.php?rest_route=\/wp\/v2\/media\/1431"}],"wp:attachment":[{"href":"https:\/\/powiatwwl.pl\/index.php?rest_route=%2Fwp%2Fv2%2Fmedia&parent=1307"}],"wp:term":[{"taxonomy":"category","embeddable":true,"href":"https:\/\/powiatwwl.pl\/index.php?rest_route=%2Fwp%2Fv2%2Fcategories&post=1307"},{"taxonomy":"post_tag","embeddable":true,"href":"https:\/\/powiatwwl.pl\/index.php?rest_route=%2Fwp%2Fv2%2Ftags&post=1307"}],"curies":[{"name":"wp","href":"https:\/\/api.w.org\/{rel}","templated":true}]}}