{"id":1316,"date":"2026-02-25T21:29:24","date_gmt":"2026-02-25T20:29:24","guid":{"rendered":"http:\/\/powiatwwl.pl\/?p=1316"},"modified":"2026-03-01T20:51:25","modified_gmt":"2026-03-01T19:51:25","slug":"wydzial-komunikacji-w-wolominie-budowa-trwa","status":"publish","type":"post","link":"https:\/\/powiatwwl.pl\/?p=1316","title":{"rendered":"Wydzia\u0142 Komunikacji w Wo\u0142ominie &#8211; budowa trwa \/VIDEO\/"},"content":{"rendered":"<div class=\"wp-block-image\">\n<figure class=\"aligncenter size-large is-resized\"><img loading=\"lazy\" decoding=\"async\" width=\"1024\" height=\"576\" src=\"https:\/\/powiatwwl.pl\/wp-content\/uploads\/2026\/02\/WK2-1024x576.jpg\" alt=\"\" class=\"wp-image-1340\" style=\"width:700px;height:auto\" srcset=\"https:\/\/powiatwwl.pl\/wp-content\/uploads\/2026\/02\/WK2-1024x576.jpg 1024w, https:\/\/powiatwwl.pl\/wp-content\/uploads\/2026\/02\/WK2-300x169.jpg 300w, https:\/\/powiatwwl.pl\/wp-content\/uploads\/2026\/02\/WK2-768x432.jpg 768w, https:\/\/powiatwwl.pl\/wp-content\/uploads\/2026\/02\/WK2.jpg 1280w\" sizes=\"auto, (max-width: 1024px) 100vw, 1024px\" \/><\/figure>\n<\/div>\n\n\n<p>Trwa budowa nowoczesnego budynku Powiatowego Wydzia\u0142u Komunikacji w Wo\u0142ominie. Wo\u0142omi\u0144ski wydzia\u0142 komunikacji to obecnie g\u0142\u00f3wna siedziba w kt\u00f3rej mieszka\u0144cy (klienci) za\u0142atwiaj\u0105 sprawy rejestracji pojazd\u00f3w, praw jazdy itp. W Powiecie Wo\u0142omi\u0144skim dla mieszka\u0144c\u00f3w s\u0105 dost\u0119pne wydzia\u0142y komunikacji w: T\u0142uszczu, Radzyminie, Z\u0105bkach i Markach. Nowy nowoczesny budynek pozwoli na zdecydowan\u0105 popraw\u0119 obs\u0142ugi mieszka\u0144c\u00f3w Powiatu wo\u0142omi\u0144skiego szczeg\u00f3lnie mieszka\u0144c\u00f3w Wo\u0142omina. <\/p>\n\n\n\n<figure class=\"wp-block-embed is-type-video is-provider-youtube wp-block-embed-youtube wp-embed-aspect-16-9 wp-has-aspect-ratio\"><div class=\"wp-block-embed__wrapper\">\n<div class=\"video-container\"><iframe loading=\"lazy\" title=\"Budowa nowego budynku Powiatowego Wydzia\u0142u Komunikacji w Wo\u0142ominie\" width=\"500\" height=\"281\" src=\"https:\/\/www.youtube.com\/embed\/Y-G4K6zjh8U?feature=oembed&#038;wmode=opaque\" frameborder=\"0\" allow=\"accelerometer; autoplay; clipboard-write; encrypted-media; gyroscope; picture-in-picture; web-share\" referrerpolicy=\"strict-origin-when-cross-origin\" allowfullscreen><\/iframe><\/div>\n<\/div><\/figure>\n\n\n\n<hr class=\"wp-block-separator aligncenter has-alpha-channel-opacity\"\/>\n\n\n<div class=\"wp-block-image\">\n<figure class=\"alignleft size-large is-resized\"><img loading=\"lazy\" decoding=\"async\" width=\"1024\" height=\"1024\" src=\"https:\/\/powiatwwl.pl\/wp-content\/uploads\/2026\/02\/PIOTREK-1024x1024.jpg\" alt=\"\" class=\"wp-image-208\" style=\"width:110px;height:auto\" srcset=\"https:\/\/powiatwwl.pl\/wp-content\/uploads\/2026\/02\/PIOTREK-1024x1024.jpg 1024w, https:\/\/powiatwwl.pl\/wp-content\/uploads\/2026\/02\/PIOTREK-300x300.jpg 300w, https:\/\/powiatwwl.pl\/wp-content\/uploads\/2026\/02\/PIOTREK-150x150.jpg 150w, https:\/\/powiatwwl.pl\/wp-content\/uploads\/2026\/02\/PIOTREK-768x768.jpg 768w, https:\/\/powiatwwl.pl\/wp-content\/uploads\/2026\/02\/PIOTREK-1536x1536.jpg 1536w, https:\/\/powiatwwl.pl\/wp-content\/uploads\/2026\/02\/PIOTREK-80x80.jpg 80w, https:\/\/powiatwwl.pl\/wp-content\/uploads\/2026\/02\/PIOTREK-320x320.jpg 320w, https:\/\/powiatwwl.pl\/wp-content\/uploads\/2026\/02\/PIOTREK.jpg 2048w\" sizes=\"auto, (max-width: 1024px) 100vw, 1024px\" \/><\/figure>\n<\/div>\n\n\n<h2 class=\"wp-block-heading\"><strong><a href=\"http:\/\/www.wyszynskipiotr.pl\">Piotr WYSZY\u0143SKI<\/a><\/strong><\/h2>\n","protected":false},"excerpt":{"rendered":"<p>Trwa budowa nowoczesnego budynku Powiatowego Wydzia\u0142u Komunikacji w Wo\u0142ominie. Wo\u0142omi\u0144ski wydzia\u0142 komunikacji to obecnie g\u0142\u00f3wna siedziba w kt\u00f3rej mieszka\u0144cy (klienci) za\u0142atwiaj\u0105 sprawy rejestracji pojazd\u00f3w, praw jazdy itp&#8230;<\/p>\n","protected":false},"author":1,"featured_media":1340,"comment_status":"open","ping_status":"open","sticky":false,"template":"","format":"standard","meta":{"footnotes":""},"categories":[1],"tags":[],"class_list":["post-1316","post","type-post","status-publish","format-standard","has-post-thumbnail","hentry","category-aktualnosci"],"_links":{"self":[{"href":"https:\/\/powiatwwl.pl\/index.php?rest_route=\/wp\/v2\/posts\/1316","targetHints":{"allow":["GET"]}}],"collection":[{"href":"https:\/\/powiatwwl.pl\/index.php?rest_route=\/wp\/v2\/posts"}],"about":[{"href":"https:\/\/powiatwwl.pl\/index.php?rest_route=\/wp\/v2\/types\/post"}],"author":[{"embeddable":true,"href":"https:\/\/powiatwwl.pl\/index.php?rest_route=\/wp\/v2\/users\/1"}],"replies":[{"embeddable":true,"href":"https:\/\/powiatwwl.pl\/index.php?rest_route=%2Fwp%2Fv2%2Fcomments&post=1316"}],"version-history":[{"count":8,"href":"https:\/\/powiatwwl.pl\/index.php?rest_route=\/wp\/v2\/posts\/1316\/revisions"}],"predecessor-version":[{"id":1416,"href":"https:\/\/powiatwwl.pl\/index.php?rest_route=\/wp\/v2\/posts\/1316\/revisions\/1416"}],"wp:featuredmedia":[{"embeddable":true,"href":"https:\/\/powiatwwl.pl\/index.php?rest_route=\/wp\/v2\/media\/1340"}],"wp:attachment":[{"href":"https:\/\/powiatwwl.pl\/index.php?rest_route=%2Fwp%2Fv2%2Fmedia&parent=1316"}],"wp:term":[{"taxonomy":"category","embeddable":true,"href":"https:\/\/powiatwwl.pl\/index.php?rest_route=%2Fwp%2Fv2%2Fcategories&post=1316"},{"taxonomy":"post_tag","embeddable":true,"href":"https:\/\/powiatwwl.pl\/index.php?rest_route=%2Fwp%2Fv2%2Ftags&post=1316"}],"curies":[{"name":"wp","href":"https:\/\/api.w.org\/{rel}","templated":true}]}}