{"id":1323,"date":"2026-03-01T16:02:00","date_gmt":"2026-03-01T15:02:00","guid":{"rendered":"http:\/\/powiatwwl.pl\/?p=1323"},"modified":"2026-03-01T20:46:08","modified_gmt":"2026-03-01T19:46:08","slug":"dzien-kobiet-w-sali-u-artura","status":"publish","type":"post","link":"https:\/\/powiatwwl.pl\/?p=1323","title":{"rendered":"DZIE\u0143 KOBIET w Sali U ARTURA ! ostatnie miejsca!"},"content":{"rendered":"\n<figure class=\"wp-block-image size-full\"><img loading=\"lazy\" decoding=\"async\" width=\"960\" height=\"490\" src=\"https:\/\/powiatwwl.pl\/wp-content\/uploads\/2026\/02\/629269807_1549641680288162_3321849814408070051_n-1.png\" alt=\"\" class=\"wp-image-1204\" srcset=\"https:\/\/powiatwwl.pl\/wp-content\/uploads\/2026\/02\/629269807_1549641680288162_3321849814408070051_n-1.png 960w, https:\/\/powiatwwl.pl\/wp-content\/uploads\/2026\/02\/629269807_1549641680288162_3321849814408070051_n-1-300x153.png 300w, https:\/\/powiatwwl.pl\/wp-content\/uploads\/2026\/02\/629269807_1549641680288162_3321849814408070051_n-1-768x392.png 768w\" sizes=\"auto, (max-width: 960px) 100vw, 960px\" \/><\/figure>\n\n\n\n<p>OSTATNIE MIEJSCA !!! &#8211; to ju\u017c ostatnia chwila by fantastycznie sp\u0119dzi\u0107 sobotni wiecz\u00f3r 7 marca z okazji DNIA KOBIET. Wspania\u0142\u0105 zabaw\u0119 zapewnia zielonkowska &#8222;Sala u Artura&#8221;. Gwiazd\u0105 wieczoru b\u0119dzie znany i lubiany zesp\u00f3\u0142 \u0141OBUZY. Wy\u015bmienita kuchnia i atmosfera to gwarancja niezapomnianego wieczoru.<\/p>\n\n\n\n<p>Szczeg\u00f3\u0142y poni\u017cej.<\/p>\n\n\n\n<hr class=\"wp-block-separator aligncenter has-alpha-channel-opacity\"\/>\n\n\n<div class=\"wp-block-image\">\n<figure class=\"alignleft size-large is-resized\"><img loading=\"lazy\" decoding=\"async\" width=\"1024\" height=\"1024\" src=\"https:\/\/powiatwwl.pl\/wp-content\/uploads\/2026\/02\/pw-3-1024x1024.jpg\" alt=\"\" class=\"wp-image-450\" style=\"width:111px;height:auto\" srcset=\"https:\/\/powiatwwl.pl\/wp-content\/uploads\/2026\/02\/pw-3-1024x1024.jpg 1024w, https:\/\/powiatwwl.pl\/wp-content\/uploads\/2026\/02\/pw-3-300x300.jpg 300w, https:\/\/powiatwwl.pl\/wp-content\/uploads\/2026\/02\/pw-3-150x150.jpg 150w, https:\/\/powiatwwl.pl\/wp-content\/uploads\/2026\/02\/pw-3-768x768.jpg 768w, https:\/\/powiatwwl.pl\/wp-content\/uploads\/2026\/02\/pw-3-80x80.jpg 80w, https:\/\/powiatwwl.pl\/wp-content\/uploads\/2026\/02\/pw-3-320x320.jpg 320w, https:\/\/powiatwwl.pl\/wp-content\/uploads\/2026\/02\/pw-3.jpg 1280w\" sizes=\"auto, (max-width: 1024px) 100vw, 1024px\" \/><\/figure>\n<\/div>\n\n\n<h2 class=\"wp-block-heading\"><strong><a href=\"https:\/\/www.facebook.com\/salauartura\">SALA u ARTURA<\/a><\/strong><\/h2>\n","protected":false},"excerpt":{"rendered":"<p>OSTATNIE MIEJSCA !!! &#8211; to ju\u017c ostatnia chwila by fantastycznie sp\u0119dzi\u0107 sobotni wiecz\u00f3r 7 marca z okazji DNIA KOBIET. Wspania\u0142\u0105 zabaw\u0119 zapewnia zielonkowska &#8222;Sala u Artura&#8221;. Gwiazd\u0105 wieczoru b\u0119dzie znany i lubiany zesp\u00f3\u0142 \u0141OBUZY. Wy\u015bmienita kuchnia i atmosfera to gwarancja niezapomnianego wieczoru.<\/p>\n","protected":false},"author":1,"featured_media":1358,"comment_status":"open","ping_status":"open","sticky":false,"template":"","format":"standard","meta":{"footnotes":""},"categories":[1],"tags":[],"class_list":["post-1323","post","type-post","status-publish","format-standard","has-post-thumbnail","hentry","category-aktualnosci"],"_links":{"self":[{"href":"https:\/\/powiatwwl.pl\/index.php?rest_route=\/wp\/v2\/posts\/1323","targetHints":{"allow":["GET"]}}],"collection":[{"href":"https:\/\/powiatwwl.pl\/index.php?rest_route=\/wp\/v2\/posts"}],"about":[{"href":"https:\/\/powiatwwl.pl\/index.php?rest_route=\/wp\/v2\/types\/post"}],"author":[{"embeddable":true,"href":"https:\/\/powiatwwl.pl\/index.php?rest_route=\/wp\/v2\/users\/1"}],"replies":[{"embeddable":true,"href":"https:\/\/powiatwwl.pl\/index.php?rest_route=%2Fwp%2Fv2%2Fcomments&post=1323"}],"version-history":[{"count":6,"href":"https:\/\/powiatwwl.pl\/index.php?rest_route=\/wp\/v2\/posts\/1323\/revisions"}],"predecessor-version":[{"id":1615,"href":"https:\/\/powiatwwl.pl\/index.php?rest_route=\/wp\/v2\/posts\/1323\/revisions\/1615"}],"wp:featuredmedia":[{"embeddable":true,"href":"https:\/\/powiatwwl.pl\/index.php?rest_route=\/wp\/v2\/media\/1358"}],"wp:attachment":[{"href":"https:\/\/powiatwwl.pl\/index.php?rest_route=%2Fwp%2Fv2%2Fmedia&parent=1323"}],"wp:term":[{"taxonomy":"category","embeddable":true,"href":"https:\/\/powiatwwl.pl\/index.php?rest_route=%2Fwp%2Fv2%2Fcategories&post=1323"},{"taxonomy":"post_tag","embeddable":true,"href":"https:\/\/powiatwwl.pl\/index.php?rest_route=%2Fwp%2Fv2%2Ftags&post=1323"}],"curies":[{"name":"wp","href":"https:\/\/api.w.org\/{rel}","templated":true}]}}