{"id":1344,"date":"2026-02-26T13:46:47","date_gmt":"2026-02-26T12:46:47","guid":{"rendered":"http:\/\/powiatwwl.pl\/?p=1344"},"modified":"2026-02-28T20:50:46","modified_gmt":"2026-02-28T19:50:46","slug":"muzeum-w-ossowie-zaprasza","status":"publish","type":"post","link":"https:\/\/powiatwwl.pl\/?p=1344","title":{"rendered":"Muzeum BW1920 w Ossowie zaprasza \/VIDEO\/"},"content":{"rendered":"<div class=\"wp-block-image\">\n<figure class=\"aligncenter size-full is-resized\"><img loading=\"lazy\" decoding=\"async\" width=\"526\" height=\"789\" src=\"https:\/\/powiatwwl.pl\/wp-content\/uploads\/2026\/02\/643424264_122124785445055632_6621906556307010312_n.jpg\" alt=\"\" class=\"wp-image-1345\" style=\"width:326px;height:auto\" srcset=\"https:\/\/powiatwwl.pl\/wp-content\/uploads\/2026\/02\/643424264_122124785445055632_6621906556307010312_n.jpg 526w, https:\/\/powiatwwl.pl\/wp-content\/uploads\/2026\/02\/643424264_122124785445055632_6621906556307010312_n-200x300.jpg 200w\" sizes=\"auto, (max-width: 526px) 100vw, 526px\" \/><\/figure>\n<\/div>\n\n\n<p><strong>Asy przestworzy<\/strong> \u2013 spotkanie w Muzeum Bitwy Warszawskiej 1920 roku . W niedziel\u0119, 15 marca o godz. 13:00 zapraszamy na wydarzenie po\u015bwi\u0119cone pocz\u0105tkom lotnictwa wojskowego w Polsce! Podczas spotkania b\u0119dziemy wspomina\u0107 m.in. ppor. pil. Stefana Guttmajera \u2013 jednego z pionier\u00f3w polskiego lotnictwa wojskowego w 100-lecie od \u015bmierci oraz Meriana Coopera &#8211; pilot\u00f3w walcz\u0105cych w czasie wojny polsko-bolszewickiej.<\/p>\n\n\n\n<p><strong>W programie<\/strong>: gaw\u0119da o narodzinach polskich skrzyde\u0142 i bohaterach przestworzy, kt\u00f3r\u0105 poprowadzi rekonstruktor lotniczy S\u0142awomir Jode\u0142ka, specjalny pokaz filmu \u201eTajemnica Gwia\u017adzistej Eskadry\u201d, spotkanie z rekonstruktorami, przek\u0105ski inspirowane menu lotnika z 1920 roku<\/p>\n\n\n\n<p><strong>To niepowtarzalna<\/strong> okazja, by przenie\u015b\u0107 si\u0119 w czasy, gdy odwaga mierzy\u0142a si\u0119 z wysoko\u015bci\u0105, a historia pisa\u0142a si\u0119 nad chmurami. Zapraszamy do Muzeum Bitwy Warszawskiej 1920 roku w Ossowie <strong>Wst\u0119p wolny<\/strong>. Zapraszamy wszystkich mi\u0142o\u015bnik\u00f3w historii, lotnictwa i pasjonuj\u0105cych opowie\u015bci!<\/p>\n\n\n\n<figure class=\"wp-block-embed is-type-video is-provider-youtube wp-block-embed-youtube wp-embed-aspect-16-9 wp-has-aspect-ratio\"><div class=\"wp-block-embed__wrapper\">\n<div class=\"video-container\"><iframe loading=\"lazy\" title=\"Muzeum Bitwy Warszawskiej 1920 roku w Ossowie - Zaprasza\" width=\"500\" height=\"281\" src=\"https:\/\/www.youtube.com\/embed\/ZdCswDkP8Kk?feature=oembed&#038;wmode=opaque\" frameborder=\"0\" allow=\"accelerometer; autoplay; clipboard-write; encrypted-media; gyroscope; picture-in-picture; web-share\" referrerpolicy=\"strict-origin-when-cross-origin\" allowfullscreen><\/iframe><\/div>\n<\/div><\/figure>\n\n\n\n<hr class=\"wp-block-separator aligncenter has-alpha-channel-opacity\"\/>\n\n\n<div class=\"wp-block-image\">\n<figure class=\"alignleft size-full is-resized\"><img loading=\"lazy\" decoding=\"async\" width=\"984\" height=\"996\" src=\"https:\/\/powiatwwl.pl\/wp-content\/uploads\/2026\/02\/556266872_122093761467055632_2017420217808264624_n.jpg\" alt=\"\" class=\"wp-image-1346\" style=\"width:110px;height:auto\" srcset=\"https:\/\/powiatwwl.pl\/wp-content\/uploads\/2026\/02\/556266872_122093761467055632_2017420217808264624_n.jpg 984w, https:\/\/powiatwwl.pl\/wp-content\/uploads\/2026\/02\/556266872_122093761467055632_2017420217808264624_n-296x300.jpg 296w, https:\/\/powiatwwl.pl\/wp-content\/uploads\/2026\/02\/556266872_122093761467055632_2017420217808264624_n-768x777.jpg 768w, https:\/\/powiatwwl.pl\/wp-content\/uploads\/2026\/02\/556266872_122093761467055632_2017420217808264624_n-80x80.jpg 80w\" sizes=\"auto, (max-width: 984px) 100vw, 984px\" \/><\/figure>\n<\/div>\n\n\n<h2 class=\"wp-block-heading\"><strong><a href=\"https:\/\/www.facebook.com\/MuzeumBW1920\">MUZEUM BITWY WARSZAWSKIEJ 1920 ROKU w OSSOWIE<\/a><\/strong><\/h2>\n","protected":false},"excerpt":{"rendered":"<p>Asy przestworzy \u2013 spotkanie w Muzeum Bitwy Warszawskiej 1920 roku . W niedziel\u0119, 15 marca o godz. 13:00 zapraszamy na wydarzenie po\u015bwi\u0119cone pocz\u0105tkom lotnictwa wojskowego w Polsce! Podczas spotkania b\u0119dziemy wspomina\u0107 m.in. ppor. pil. Stefana Guttmajera \u2013 jednego z pionier\u00f3w polskiego lotnictwa wojskowego w 100-lecie od \u015bmierci oraz Meriana Coopera &#8211; pilot\u00f3w walcz\u0105cych w czasie wojny polsko-bolszewickiej&#8230;<\/p>\n","protected":false},"author":1,"featured_media":1346,"comment_status":"open","ping_status":"open","sticky":false,"template":"","format":"standard","meta":{"footnotes":""},"categories":[1],"tags":[],"class_list":["post-1344","post","type-post","status-publish","format-standard","has-post-thumbnail","hentry","category-aktualnosci"],"_links":{"self":[{"href":"https:\/\/powiatwwl.pl\/index.php?rest_route=\/wp\/v2\/posts\/1344","targetHints":{"allow":["GET"]}}],"collection":[{"href":"https:\/\/powiatwwl.pl\/index.php?rest_route=\/wp\/v2\/posts"}],"about":[{"href":"https:\/\/powiatwwl.pl\/index.php?rest_route=\/wp\/v2\/types\/post"}],"author":[{"embeddable":true,"href":"https:\/\/powiatwwl.pl\/index.php?rest_route=\/wp\/v2\/users\/1"}],"replies":[{"embeddable":true,"href":"https:\/\/powiatwwl.pl\/index.php?rest_route=%2Fwp%2Fv2%2Fcomments&post=1344"}],"version-history":[{"count":6,"href":"https:\/\/powiatwwl.pl\/index.php?rest_route=\/wp\/v2\/posts\/1344\/revisions"}],"predecessor-version":[{"id":1422,"href":"https:\/\/powiatwwl.pl\/index.php?rest_route=\/wp\/v2\/posts\/1344\/revisions\/1422"}],"wp:featuredmedia":[{"embeddable":true,"href":"https:\/\/powiatwwl.pl\/index.php?rest_route=\/wp\/v2\/media\/1346"}],"wp:attachment":[{"href":"https:\/\/powiatwwl.pl\/index.php?rest_route=%2Fwp%2Fv2%2Fmedia&parent=1344"}],"wp:term":[{"taxonomy":"category","embeddable":true,"href":"https:\/\/powiatwwl.pl\/index.php?rest_route=%2Fwp%2Fv2%2Fcategories&post=1344"},{"taxonomy":"post_tag","embeddable":true,"href":"https:\/\/powiatwwl.pl\/index.php?rest_route=%2Fwp%2Fv2%2Ftags&post=1344"}],"curies":[{"name":"wp","href":"https:\/\/api.w.org\/{rel}","templated":true}]}}