{"id":1350,"date":"2026-02-28T19:55:00","date_gmt":"2026-02-28T18:55:00","guid":{"rendered":"http:\/\/powiatwwl.pl\/?p=1350"},"modified":"2026-03-01T19:59:44","modified_gmt":"2026-03-01T18:59:44","slug":"dzien-pamieci-zolnierzy-wykletych","status":"publish","type":"post","link":"https:\/\/powiatwwl.pl\/?p=1350","title":{"rendered":"1 marca &#8211; Dzie\u0144 Pami\u0119ci \u017bo\u0142nierzy Wykl\u0119tych"},"content":{"rendered":"<div class=\"wp-block-image\">\n<figure class=\"aligncenter size-large is-resized\"><img loading=\"lazy\" decoding=\"async\" width=\"1024\" height=\"683\" src=\"https:\/\/powiatwwl.pl\/wp-content\/uploads\/2026\/02\/641150747_1245140021063127_4862026995939461796_n-1024x683.jpg\" alt=\"\" class=\"wp-image-1351\" style=\"aspect-ratio:1.4993000599948576;width:602px;height:auto\" srcset=\"https:\/\/powiatwwl.pl\/wp-content\/uploads\/2026\/02\/641150747_1245140021063127_4862026995939461796_n-1024x683.jpg 1024w, https:\/\/powiatwwl.pl\/wp-content\/uploads\/2026\/02\/641150747_1245140021063127_4862026995939461796_n-300x200.jpg 300w, https:\/\/powiatwwl.pl\/wp-content\/uploads\/2026\/02\/641150747_1245140021063127_4862026995939461796_n-768x512.jpg 768w, https:\/\/powiatwwl.pl\/wp-content\/uploads\/2026\/02\/641150747_1245140021063127_4862026995939461796_n-1536x1024.jpg 1536w, https:\/\/powiatwwl.pl\/wp-content\/uploads\/2026\/02\/641150747_1245140021063127_4862026995939461796_n.jpg 2048w\" sizes=\"auto, (max-width: 1024px) 100vw, 1024px\" \/><\/figure>\n<\/div>\n\n\n<p>W pi\u0105tek 27 lutego w Wo\u0142ominie oddano ho\u0142d Bohaterom, kt\u00f3rzy do ko\u0144ca pozostali wierni Polsce. Podczas miejskich uroczysto\u015bci Narodowego Dnia Pami\u0119ci \u201e\u017bo\u0142nierzy Wykl\u0119tych\u201d,  wsp\u00f3lnie zatrzymali\u015bmy si\u0119 w zadumie, by uczci\u0107 Ich odwag\u0119, niez\u0142omno\u015b\u0107 i po\u015bwi\u0119cenie. W imieniu Powiatu Wo\u0142omi\u0144skiego w wydarzeniu uczestniczy\u0142a <a href=\"https:\/\/www.facebook.com\/profile.php?id=100058322747273&amp;__cft__[0]=AZZDqtMJJJt73OG7sow91lklDQdVEYqMtEWeMRQMhc2mOqGKef9r2l473qXiSKi90IJa6_BzTJbQIJVnZGp3Fo-6ymKKPrDp28sxqsLjpEo01Hbz74FxIDij8STn6AgWXrQkNElvQydeGYXrtdPBYtgQ2wIb__n9PLYOHMttMxmOn_yS1ITUPoyyYqtzDbbxNrU&amp;__tn__=-]K-R\">Katarzyna Maria PAZIO &#8211; Wicestarosta Wo\u0142omi\u0144ski 2024-2029<\/a> oraz Marta RAJCHERT cz\u0142onek zarz\u0105du Powiatu Wo\u0142omi\u0144skiego ( dyrektor MDK Wo\u0142omin).<\/p>\n\n\n\n<hr class=\"wp-block-separator aligncenter has-alpha-channel-opacity\"\/>\n\n\n<div class=\"wp-block-image\">\n<figure class=\"alignleft size-full is-resized\"><img loading=\"lazy\" decoding=\"async\" width=\"205\" height=\"246\" src=\"https:\/\/powiatwwl.pl\/wp-content\/uploads\/2026\/02\/images.png\" alt=\"\" class=\"wp-image-666\" style=\"width:108px;height:auto\"\/><\/figure>\n<\/div>\n\n\n<p>Zobacz obchody w KOBY\u0141CE  <a href=\"https:\/\/www.facebook.com\/MojaKobylka\">FB Miasto Koby\u0142ka<\/a><\/p>\n\n\n\n<hr class=\"wp-block-separator aligncenter has-alpha-channel-opacity\"\/>\n\n\n<div class=\"wp-block-image\">\n<figure class=\"alignleft size-large is-resized\"><img loading=\"lazy\" decoding=\"async\" width=\"1024\" height=\"1024\" src=\"https:\/\/powiatwwl.pl\/wp-content\/uploads\/2026\/02\/pw-1024x1024.jpg\" alt=\"\" class=\"wp-image-395\" style=\"width:108px;height:auto\" srcset=\"https:\/\/powiatwwl.pl\/wp-content\/uploads\/2026\/02\/pw-1024x1024.jpg 1024w, https:\/\/powiatwwl.pl\/wp-content\/uploads\/2026\/02\/pw-300x300.jpg 300w, https:\/\/powiatwwl.pl\/wp-content\/uploads\/2026\/02\/pw-150x150.jpg 150w, https:\/\/powiatwwl.pl\/wp-content\/uploads\/2026\/02\/pw-768x768.jpg 768w, https:\/\/powiatwwl.pl\/wp-content\/uploads\/2026\/02\/pw-80x80.jpg 80w, https:\/\/powiatwwl.pl\/wp-content\/uploads\/2026\/02\/pw-320x320.jpg 320w, https:\/\/powiatwwl.pl\/wp-content\/uploads\/2026\/02\/pw.jpg 1280w\" sizes=\"auto, (max-width: 1024px) 100vw, 1024px\" \/><\/figure>\n<\/div>\n\n\n<h2 class=\"wp-block-heading\"><strong><a href=\"https:\/\/www.facebook.com\/Powiat.Wolominski\">POWIAT WO\u0141OMI\u0143SKI ZIEMIA NORWIDA  i&#8221; CUDU nad WIS\u0141\u0104&#8221;<\/a><\/strong><\/h2>\n\n\n\n<p><\/p>\n","protected":false},"excerpt":{"rendered":"<p>W pi\u0105tek 27 lutego w Wo\u0142ominie oddano ho\u0142d Bohaterom, kt\u00f3rzy do ko\u0144ca pozostali wierni Polsce. Podczas miejskich uroczysto\u015bci Narodowego Dnia Pami\u0119ci \u201e\u017bo\u0142nierzy Wykl\u0119tych\u201d wsp\u00f3lnie zatrzymali\u015bmy si\u0119 w zadumie, by uczci\u0107 ich odwag\u0119, niez\u0142omno\u015b\u0107 i po\u015bwi\u0119cenie&#8230;<\/p>\n","protected":false},"author":1,"featured_media":1353,"comment_status":"open","ping_status":"open","sticky":false,"template":"","format":"standard","meta":{"footnotes":""},"categories":[1],"tags":[],"class_list":["post-1350","post","type-post","status-publish","format-standard","has-post-thumbnail","hentry","category-aktualnosci"],"_links":{"self":[{"href":"https:\/\/powiatwwl.pl\/index.php?rest_route=\/wp\/v2\/posts\/1350","targetHints":{"allow":["GET"]}}],"collection":[{"href":"https:\/\/powiatwwl.pl\/index.php?rest_route=\/wp\/v2\/posts"}],"about":[{"href":"https:\/\/powiatwwl.pl\/index.php?rest_route=\/wp\/v2\/types\/post"}],"author":[{"embeddable":true,"href":"https:\/\/powiatwwl.pl\/index.php?rest_route=\/wp\/v2\/users\/1"}],"replies":[{"embeddable":true,"href":"https:\/\/powiatwwl.pl\/index.php?rest_route=%2Fwp%2Fv2%2Fcomments&post=1350"}],"version-history":[{"count":6,"href":"https:\/\/powiatwwl.pl\/index.php?rest_route=\/wp\/v2\/posts\/1350\/revisions"}],"predecessor-version":[{"id":1586,"href":"https:\/\/powiatwwl.pl\/index.php?rest_route=\/wp\/v2\/posts\/1350\/revisions\/1586"}],"wp:featuredmedia":[{"embeddable":true,"href":"https:\/\/powiatwwl.pl\/index.php?rest_route=\/wp\/v2\/media\/1353"}],"wp:attachment":[{"href":"https:\/\/powiatwwl.pl\/index.php?rest_route=%2Fwp%2Fv2%2Fmedia&parent=1350"}],"wp:term":[{"taxonomy":"category","embeddable":true,"href":"https:\/\/powiatwwl.pl\/index.php?rest_route=%2Fwp%2Fv2%2Fcategories&post=1350"},{"taxonomy":"post_tag","embeddable":true,"href":"https:\/\/powiatwwl.pl\/index.php?rest_route=%2Fwp%2Fv2%2Ftags&post=1350"}],"curies":[{"name":"wp","href":"https:\/\/api.w.org\/{rel}","templated":true}]}}