{"id":1383,"date":"2026-03-01T12:34:00","date_gmt":"2026-03-01T11:34:00","guid":{"rendered":"http:\/\/powiatwwl.pl\/?p=1383"},"modified":"2026-03-01T20:37:18","modified_gmt":"2026-03-01T19:37:18","slug":"budujemy-nowa-hale-sportowa","status":"publish","type":"post","link":"https:\/\/powiatwwl.pl\/?p=1383","title":{"rendered":"Hala Sportowa dla Zespo\u0142u Szk\u00f3\u0142 \/VIDEO\/"},"content":{"rendered":"\n<figure class=\"wp-block-image size-large\"><img loading=\"lazy\" decoding=\"async\" width=\"1024\" height=\"576\" src=\"https:\/\/powiatwwl.pl\/wp-content\/uploads\/2026\/02\/hala-1024x576.jpg\" alt=\"\" class=\"wp-image-1386\" srcset=\"https:\/\/powiatwwl.pl\/wp-content\/uploads\/2026\/02\/hala-1024x576.jpg 1024w, https:\/\/powiatwwl.pl\/wp-content\/uploads\/2026\/02\/hala-300x169.jpg 300w, https:\/\/powiatwwl.pl\/wp-content\/uploads\/2026\/02\/hala-768x432.jpg 768w, https:\/\/powiatwwl.pl\/wp-content\/uploads\/2026\/02\/hala.jpg 1280w\" sizes=\"auto, (max-width: 1024px) 100vw, 1024px\" \/><\/figure>\n\n\n\n<p>Powiat Wo\u0142omi\u0144ski stawia na edukacj\u0119 i popraw\u0119 warunk\u00f3w edukacji m\u0142odzie\u017cy w powiatowych szko\u0142ach \u015brednich. Jedn\u0105 z inwestycji realizowanych obecnie jest budowa hali sportowej w Zespole Szk\u00f3\u0142 w Wo\u0142ominie przy ulicy Legion\u00f3w.<\/p>\n\n\n\n<figure class=\"wp-block-embed is-type-video is-provider-youtube wp-block-embed-youtube wp-embed-aspect-16-9 wp-has-aspect-ratio\"><div class=\"wp-block-embed__wrapper\">\n<div class=\"video-container\"><iframe loading=\"lazy\" title=\"Budowa hali sportowej w ZS w Wo\u0142ominie\" width=\"500\" height=\"281\" src=\"https:\/\/www.youtube.com\/embed\/G096CrshkeY?feature=oembed&#038;wmode=opaque\" frameborder=\"0\" allow=\"accelerometer; autoplay; clipboard-write; encrypted-media; gyroscope; picture-in-picture; web-share\" referrerpolicy=\"strict-origin-when-cross-origin\" allowfullscreen><\/iframe><\/div>\n<\/div><\/figure>\n\n\n\n<hr class=\"wp-block-separator aligncenter has-alpha-channel-opacity\"\/>\n\n\n<div class=\"wp-block-image\">\n<figure class=\"alignleft size-large is-resized\"><img loading=\"lazy\" decoding=\"async\" width=\"1024\" height=\"1024\" src=\"https:\/\/powiatwwl.pl\/wp-content\/uploads\/2026\/02\/KATARZYNA-PAZIO-1024x1024.jpg\" alt=\"\" class=\"wp-image-206\" style=\"width:108px;height:auto\" srcset=\"https:\/\/powiatwwl.pl\/wp-content\/uploads\/2026\/02\/KATARZYNA-PAZIO-1024x1024.jpg 1024w, https:\/\/powiatwwl.pl\/wp-content\/uploads\/2026\/02\/KATARZYNA-PAZIO-300x300.jpg 300w, https:\/\/powiatwwl.pl\/wp-content\/uploads\/2026\/02\/KATARZYNA-PAZIO-150x150.jpg 150w, https:\/\/powiatwwl.pl\/wp-content\/uploads\/2026\/02\/KATARZYNA-PAZIO-768x768.jpg 768w, https:\/\/powiatwwl.pl\/wp-content\/uploads\/2026\/02\/KATARZYNA-PAZIO-1536x1536.jpg 1536w, https:\/\/powiatwwl.pl\/wp-content\/uploads\/2026\/02\/KATARZYNA-PAZIO-80x80.jpg 80w, https:\/\/powiatwwl.pl\/wp-content\/uploads\/2026\/02\/KATARZYNA-PAZIO-320x320.jpg 320w, https:\/\/powiatwwl.pl\/wp-content\/uploads\/2026\/02\/KATARZYNA-PAZIO.jpg 2048w\" sizes=\"auto, (max-width: 1024px) 100vw, 1024px\" \/><\/figure>\n<\/div>\n\n\n<h2 class=\"wp-block-heading\"><strong><a href=\"https:\/\/www.facebook.com\/profile.php?id=100058322747273\">Katarzyna PAZIO<\/a><\/strong><\/h2>\n\n\n\n<p><\/p>\n","protected":false},"excerpt":{"rendered":"<p>Powiat Wo\u0142omi\u0144ski stawia na edukacj\u0119 i popraw\u0119 warunk\u00f3w edukacji m\u0142odzie\u017cy w powiatowych szko\u0142ach \u015brednich. Jedn\u0105 z inwestycji realizowanych obecnie jest budowa hali sportowej w Zespole Szk\u00f3\u0142 w Wo\u0142ominie przy ulicy Legion\u00f3w&#8230;<\/p>\n","protected":false},"author":1,"featured_media":1388,"comment_status":"open","ping_status":"open","sticky":false,"template":"","format":"standard","meta":{"footnotes":""},"categories":[1],"tags":[],"class_list":["post-1383","post","type-post","status-publish","format-standard","has-post-thumbnail","hentry","category-aktualnosci"],"_links":{"self":[{"href":"https:\/\/powiatwwl.pl\/index.php?rest_route=\/wp\/v2\/posts\/1383","targetHints":{"allow":["GET"]}}],"collection":[{"href":"https:\/\/powiatwwl.pl\/index.php?rest_route=\/wp\/v2\/posts"}],"about":[{"href":"https:\/\/powiatwwl.pl\/index.php?rest_route=\/wp\/v2\/types\/post"}],"author":[{"embeddable":true,"href":"https:\/\/powiatwwl.pl\/index.php?rest_route=\/wp\/v2\/users\/1"}],"replies":[{"embeddable":true,"href":"https:\/\/powiatwwl.pl\/index.php?rest_route=%2Fwp%2Fv2%2Fcomments&post=1383"}],"version-history":[{"count":5,"href":"https:\/\/powiatwwl.pl\/index.php?rest_route=\/wp\/v2\/posts\/1383\/revisions"}],"predecessor-version":[{"id":1608,"href":"https:\/\/powiatwwl.pl\/index.php?rest_route=\/wp\/v2\/posts\/1383\/revisions\/1608"}],"wp:featuredmedia":[{"embeddable":true,"href":"https:\/\/powiatwwl.pl\/index.php?rest_route=\/wp\/v2\/media\/1388"}],"wp:attachment":[{"href":"https:\/\/powiatwwl.pl\/index.php?rest_route=%2Fwp%2Fv2%2Fmedia&parent=1383"}],"wp:term":[{"taxonomy":"category","embeddable":true,"href":"https:\/\/powiatwwl.pl\/index.php?rest_route=%2Fwp%2Fv2%2Fcategories&post=1383"},{"taxonomy":"post_tag","embeddable":true,"href":"https:\/\/powiatwwl.pl\/index.php?rest_route=%2Fwp%2Fv2%2Ftags&post=1383"}],"curies":[{"name":"wp","href":"https:\/\/api.w.org\/{rel}","templated":true}]}}