{"id":1436,"date":"2026-03-01T19:13:00","date_gmt":"2026-03-01T18:13:00","guid":{"rendered":"http:\/\/powiatwwl.pl\/?p=1436"},"modified":"2026-03-01T19:58:26","modified_gmt":"2026-03-01T18:58:26","slug":"zarzad-powiatu-burmistrzowie-wojtowie-cykliczne-spotkanie","status":"publish","type":"post","link":"https:\/\/powiatwwl.pl\/?p=1436","title":{"rendered":"Zarz\u0105d Powiatu, Burmistrzowie, W\u00f3jtowie, Dyrektor Hospicjum &#8211; wa\u017cne spotkanie"},"content":{"rendered":"<div class=\"wp-block-image\">\n<figure class=\"aligncenter size-large is-resized\"><img loading=\"lazy\" decoding=\"async\" width=\"1024\" height=\"735\" src=\"https:\/\/powiatwwl.pl\/wp-content\/uploads\/2026\/02\/642233255_1244268494483613_3869046789864392574_n-1024x735.jpg\" alt=\"\" class=\"wp-image-1439\" style=\"aspect-ratio:1.393232474881626;width:674px;height:auto\" srcset=\"https:\/\/powiatwwl.pl\/wp-content\/uploads\/2026\/02\/642233255_1244268494483613_3869046789864392574_n-1024x735.jpg 1024w, https:\/\/powiatwwl.pl\/wp-content\/uploads\/2026\/02\/642233255_1244268494483613_3869046789864392574_n-300x215.jpg 300w, https:\/\/powiatwwl.pl\/wp-content\/uploads\/2026\/02\/642233255_1244268494483613_3869046789864392574_n-768x551.jpg 768w, https:\/\/powiatwwl.pl\/wp-content\/uploads\/2026\/02\/642233255_1244268494483613_3869046789864392574_n-1536x1102.jpg 1536w, https:\/\/powiatwwl.pl\/wp-content\/uploads\/2026\/02\/642233255_1244268494483613_3869046789864392574_n.jpg 2048w\" sizes=\"auto, (max-width: 1024px) 100vw, 1024px\" \/><\/figure>\n<\/div>\n\n\n<p>W Starostwie Powiatowym odby\u0142o si\u0119 kolejne spotkanie z w\u00f3jtami i burmistrzami z terenu naszego powiatu. Rozmawiali\u015bmy o bie\u017c\u0105cych wyzwaniach i wydarzeniach, m.in. z ks. Dariuszem Czupry\u0144skim oraz Katarzyn\u0105 Bielsk\u0105 o wsp\u00f3lnej organizacji charytatywnego wydarzenia kulturalnego na rzecz budowy <a href=\"https:\/\/www.facebook.com\/hospicjumwolomin?__cft__[0]=AZZIipj61Z2NiiB77zVur5TDfG4wlUdacQGkFPCk6wSpNOl99EKOWcwDzUOn0zUTUNifrCI8lIes0qejwOYkykc2NfmeKcZ2JTdVHi_wDhWmTcy1SMAnKWziTnxad9A81cxYP63SK7VWMMw9yJ7jKrDRa80VmD1IoaQ3w8PDVibnDhs4ThT_rq8BAEPZp-cKo6U&amp;__tn__=-]K-R\">Hospicjum Opatrzno\u015bci Bo\u017cej Ksi\u0119\u017ca Orioni\u015bci w Wo\u0142ominie<\/a>, o przej\u015bciowym problemie odbioru nieczysto\u015bci oraz sprawach zwi\u0105zanych z zarz\u0105dzaniem kryzysowym i bezpiecze\u0144stwem oraz planowanych inwestycjach w tym zakresie.\/AW\/<\/p>\n\n\n\n<hr class=\"wp-block-separator aligncenter has-alpha-channel-opacity\"\/>\n\n\n<div class=\"wp-block-image\">\n<figure class=\"alignleft size-large is-resized\"><img loading=\"lazy\" decoding=\"async\" width=\"1024\" height=\"1024\" src=\"https:\/\/powiatwwl.pl\/wp-content\/uploads\/2026\/02\/ARKADIUSZ-WERELICH-1024x1024.jpg\" alt=\"\" class=\"wp-image-204\" style=\"width:112px;height:auto\" srcset=\"https:\/\/powiatwwl.pl\/wp-content\/uploads\/2026\/02\/ARKADIUSZ-WERELICH-1024x1024.jpg 1024w, https:\/\/powiatwwl.pl\/wp-content\/uploads\/2026\/02\/ARKADIUSZ-WERELICH-300x300.jpg 300w, https:\/\/powiatwwl.pl\/wp-content\/uploads\/2026\/02\/ARKADIUSZ-WERELICH-150x150.jpg 150w, https:\/\/powiatwwl.pl\/wp-content\/uploads\/2026\/02\/ARKADIUSZ-WERELICH-768x768.jpg 768w, https:\/\/powiatwwl.pl\/wp-content\/uploads\/2026\/02\/ARKADIUSZ-WERELICH-1536x1536.jpg 1536w, https:\/\/powiatwwl.pl\/wp-content\/uploads\/2026\/02\/ARKADIUSZ-WERELICH-80x80.jpg 80w, https:\/\/powiatwwl.pl\/wp-content\/uploads\/2026\/02\/ARKADIUSZ-WERELICH-320x320.jpg 320w, https:\/\/powiatwwl.pl\/wp-content\/uploads\/2026\/02\/ARKADIUSZ-WERELICH.jpg 2048w\" sizes=\"auto, (max-width: 1024px) 100vw, 1024px\" \/><\/figure>\n<\/div>\n\n\n<h2 class=\"wp-block-heading\"><strong><a href=\"https:\/\/www.facebook.com\/starostaWerelich\">Arkadiusz WERELICH<\/a><\/strong><\/h2>\n","protected":false},"excerpt":{"rendered":"<p>W Starostwie Powiatowym odby\u0142o si\u0119 kolejne spotkanie z w\u00f3jtami i burmistrzami z terenu naszego powiatu. Rozmawiali\u015bmy o bie\u017c\u0105cych wyzwaniach i wydarzeniach, m.in. z ks. Dariuszem Czupry\u0144skim oraz Katarzyn\u0105 Bielsk\u0105 o wsp\u00f3lnej organizacji charytatywnego wydarzenia kulturalnego na rzecz budowy Hospicjum Opatrzno\u015bci Bo\u017cej Ksi\u0119\u017ca Orioni\u015bci w Wo\u0142ominie, &#8230;<\/p>\n","protected":false},"author":1,"featured_media":1442,"comment_status":"open","ping_status":"open","sticky":false,"template":"","format":"standard","meta":{"footnotes":""},"categories":[1],"tags":[],"class_list":["post-1436","post","type-post","status-publish","format-standard","has-post-thumbnail","hentry","category-aktualnosci"],"_links":{"self":[{"href":"https:\/\/powiatwwl.pl\/index.php?rest_route=\/wp\/v2\/posts\/1436","targetHints":{"allow":["GET"]}}],"collection":[{"href":"https:\/\/powiatwwl.pl\/index.php?rest_route=\/wp\/v2\/posts"}],"about":[{"href":"https:\/\/powiatwwl.pl\/index.php?rest_route=\/wp\/v2\/types\/post"}],"author":[{"embeddable":true,"href":"https:\/\/powiatwwl.pl\/index.php?rest_route=\/wp\/v2\/users\/1"}],"replies":[{"embeddable":true,"href":"https:\/\/powiatwwl.pl\/index.php?rest_route=%2Fwp%2Fv2%2Fcomments&post=1436"}],"version-history":[{"count":5,"href":"https:\/\/powiatwwl.pl\/index.php?rest_route=\/wp\/v2\/posts\/1436\/revisions"}],"predecessor-version":[{"id":1582,"href":"https:\/\/powiatwwl.pl\/index.php?rest_route=\/wp\/v2\/posts\/1436\/revisions\/1582"}],"wp:featuredmedia":[{"embeddable":true,"href":"https:\/\/powiatwwl.pl\/index.php?rest_route=\/wp\/v2\/media\/1442"}],"wp:attachment":[{"href":"https:\/\/powiatwwl.pl\/index.php?rest_route=%2Fwp%2Fv2%2Fmedia&parent=1436"}],"wp:term":[{"taxonomy":"category","embeddable":true,"href":"https:\/\/powiatwwl.pl\/index.php?rest_route=%2Fwp%2Fv2%2Fcategories&post=1436"},{"taxonomy":"post_tag","embeddable":true,"href":"https:\/\/powiatwwl.pl\/index.php?rest_route=%2Fwp%2Fv2%2Ftags&post=1436"}],"curies":[{"name":"wp","href":"https:\/\/api.w.org\/{rel}","templated":true}]}}