{"id":1536,"date":"2026-02-28T21:54:00","date_gmt":"2026-02-28T20:54:00","guid":{"rendered":"http:\/\/powiatwwl.pl\/?p=1536"},"modified":"2026-03-01T20:21:31","modified_gmt":"2026-03-01T19:21:31","slug":"5-miejsce-w-polsce-osp-marki","status":"publish","type":"post","link":"https:\/\/powiatwwl.pl\/?p=1536","title":{"rendered":"5 miejsce w Polsce &#8211; OSP Marki"},"content":{"rendered":"<div class=\"wp-block-image\">\n<figure class=\"aligncenter size-large is-resized\"><img loading=\"lazy\" decoding=\"async\" width=\"1024\" height=\"768\" src=\"https:\/\/powiatwwl.pl\/wp-content\/uploads\/2026\/03\/643800351_1472329768230611_7451236306674629809_n-1024x768.jpg\" alt=\"\" class=\"wp-image-1537\" style=\"width:605px;height:auto\" srcset=\"https:\/\/powiatwwl.pl\/wp-content\/uploads\/2026\/03\/643800351_1472329768230611_7451236306674629809_n-1024x768.jpg 1024w, https:\/\/powiatwwl.pl\/wp-content\/uploads\/2026\/03\/643800351_1472329768230611_7451236306674629809_n-300x225.jpg 300w, https:\/\/powiatwwl.pl\/wp-content\/uploads\/2026\/03\/643800351_1472329768230611_7451236306674629809_n-768x576.jpg 768w, https:\/\/powiatwwl.pl\/wp-content\/uploads\/2026\/03\/643800351_1472329768230611_7451236306674629809_n-1536x1152.jpg 1536w, https:\/\/powiatwwl.pl\/wp-content\/uploads\/2026\/03\/643800351_1472329768230611_7451236306674629809_n.jpg 2048w\" sizes=\"auto, (max-width: 1024px) 100vw, 1024px\" \/><\/figure>\n<\/div>\n\n\n<p>138 stra\u017cak\u00f3w, setki godzin s\u0142u\u017cby i setki wyjazd\u00f3w \u2013 tak w liczbach wygl\u0105da codzienno\u015b\u0107 druh\u00f3w z <a href=\"https:\/\/www.facebook.com\/OSPMarki?__cft__[0]=AZZKjd-zja-cjw2-myrdOe2BzDLvZaaXrTN7Ju4PH_auPV_VTqGbFBPzVU9SFAqYvpvp0ALoke5w9Xiq0Ox7lEAe6Ct-O41ilgf5OXeUadoxQp_B36t3Q3lNuRK619ex3GygefzDXo-JzEaff7Y1YI1JCXZK52HiJCQzgmeEg-4dgnkhrpcrO1PiSYO82rUuHZ4&amp;__tn__=-]K-R\">Ochotnicza Stra\u017c Po\u017carna w Markach<\/a>, jednostki. kt\u00f3ra zaj\u0119\u0142a w minionym roku <img loading=\"lazy\" decoding=\"async\" height=\"16\" width=\"16\" src=\"https:\/\/static.xx.fbcdn.net\/images\/emoji.php\/v9\/td5\/2\/16\/35_20e3.png\" alt=\"5\ufe0f\u20e3\"> \ud835\uddfa\ud835\uddf6\ud835\uddf2\ud835\uddf7\ud835\ude00\ud835\uddf0\ud835\uddf2 \ud835\ude04 \ud835\udde3\ud835\uddfc\ud835\uddf9\ud835\ude00\ud835\uddf0\ud835\uddf2 \ud835\uddfd\ud835\uddfc\ud835\uddf1 \ud835\ude04\ud835\ude07\ud835\uddf4\ud835\uddf9\ud835\uddf2\u0328\ud835\uddf1\ud835\uddf2\ud835\uddfa \ud835\ude04\ud835\ude06\ud835\uddf7\ud835\uddee\ud835\ude07\ud835\uddf1\ud835\uddfc\u0301\ud835\ude04. Za tymi statystykami stoj\u0105 jednak ludzie, ogrom pracy i gotowo\u015b\u0107 do dzia\u0142ania zawsze wtedy, gdy kto\u015b potrzebuje pomocy.<\/p>\n\n\n\n<p>Podczas walnego zebrania sprawozdawczo-wyborczego us\u0142yszeli\u015bmy podsumowanie kolejnego roku ich s\u0142u\u017cby. \ud835\uddea \ud835\udfee\ud835\udfec\ud835\udfee\ud835\udff1 \ud835\uddff\ud835\uddfc\ud835\uddf8\ud835\ude02 \ud835\ude04\ud835\ude06\ud835\uddf7\ud835\uddf2\ud835\ude07\u0307\ud835\uddf1\ud835\ude07\u0307\ud835\uddee\ud835\uddf9\ud835\uddf6 \ud835\ude07 \ud835\uddfd\ud835\uddfc\ud835\uddfa\ud835\uddfc\ud835\uddf0\ud835\uddee\u0328 \ud835\udfef\ud835\udff5\ud835\udff0 \ud835\uddff\ud835\uddee\ud835\ude07\ud835\ude06 w tym: Na dzia\u0142aniach nieoperacyjnych sp\u0119dzili \ud835\udff2\ud835\udff1\ud835\udff4 \ud835\uddf4\ud835\uddfc\ud835\uddf1\ud835\ude07\ud835\uddf6\ud835\uddfb.<\/p>\n\n\n\n<p>Stra\u017cacy z <a href=\"https:\/\/www.facebook.com\/markiwlaczsie?__cft__[0]=AZZKjd-zja-cjw2-myrdOe2BzDLvZaaXrTN7Ju4PH_auPV_VTqGbFBPzVU9SFAqYvpvp0ALoke5w9Xiq0Ox7lEAe6Ct-O41ilgf5OXeUadoxQp_B36t3Q3lNuRK619ex3GygefzDXo-JzEaff7Y1YI1JCXZK52HiJCQzgmeEg-4dgnkhrpcrO1PiSYO82rUuHZ4&amp;__tn__=-]K-R\">Miasto Marki<\/a> s\u0105 te\u017c obecni w \u017cyciu lokalnej spo\u0142eczno\u015bci: prowadz\u0105 prelekcje w szko\u0142ach, zabezpieczaj\u0105 miejskie wydarzenia, organizuj\u0105 pokazy ratownicze, uczestnicz\u0105 w manewrach i uroczysto\u015bciach patriotycznych.<\/p>\n\n\n\n<p>Wyj\u0105tkow\u0105 wizyt\u00f3wk\u0105 jest r\u00f3wnie\u017c <a href=\"https:\/\/www.facebook.com\/gprmarki?__cft__[0]=AZZKjd-zja-cjw2-myrdOe2BzDLvZaaXrTN7Ju4PH_auPV_VTqGbFBPzVU9SFAqYvpvp0ALoke5w9Xiq0Ox7lEAe6Ct-O41ilgf5OXeUadoxQp_B36t3Q3lNuRK619ex3GygefzDXo-JzEaff7Y1YI1JCXZK52HiJCQzgmeEg-4dgnkhrpcrO1PiSYO82rUuHZ4&amp;__tn__=-]K-R\">Grupa Poszukiwawczo-Ratownicza OSP Marki<\/a>, dzia\u0142aj\u0105ca od 2018 roku. Dzi\u015b tworzy j\u0105 26 ratownik\u00f3w, w tym 15 kobiet, a razem z nimi pracuje 21 ps\u00f3w ratowniczych.<\/p>\n\n\n\n<p>Pod wzgl\u0119dem liczby trenowanych ps\u00f3w ratowniczych grupa zajmuje \ud835\uddfd\ud835\uddf6\ud835\uddf2\ud835\uddff\ud835\ude04\ud835\ude00\ud835\ude07\ud835\uddf2 \ud835\uddfa\ud835\uddf6\ud835\uddf2\ud835\uddf7\ud835\ude00\ud835\uddf0\ud835\uddf2 \ud835\ude04 \ud835\ude04\ud835\uddfc\ud835\uddf7\ud835\uddf2\ud835\ude04\ud835\uddfc\u0301\ud835\uddf1\ud835\ude07\ud835\ude01\ud835\ude04\ud835\uddf6\ud835\uddf2 \ud835\uddf6 \ud835\ude04 \ud835\uddf0\ud835\uddee\u0142\ud835\uddf2\ud835\uddf7 \ud835\udde3\ud835\uddfc\ud835\uddf9\ud835\ude00\ud835\uddf0\ud835\uddf2. Tylko w ubieg\u0142ym roku odby\u0142o si\u0119 79 trening\u00f3w oraz 39 wyjazd\u00f3w szkoleniowych \u2013 w lasach, na gruzowiskach czy pod ziemi\u0105, m.in. w Kopalni Soli \u201eWieliczka\u201d.<\/p>\n\n\n\n<p>Co ciekawe, niekt\u00f3re z ich ps\u00f3w pojawiaj\u0105 si\u0119 r\u00f3wnie\u017c na ekranie \u2013 Baster zagra\u0142 w filmie \u201eSkrzat. Nowy pocz\u0105tek\u201d, Wita w produkcji \u201ePojedynek\u201d, a Etna wyst\u0105pi\u0142a w filmie edukacyjnym kampanii przeciwko zn\u0119caniu si\u0119 nad zwierz\u0119tami.<\/p>\n\n\n\n<p>Ogromn\u0105 dum\u0105 jednostki jest \ud835\udde0\u0142\ud835\uddfc\ud835\uddf1\ud835\ude07\ud835\uddf6\ud835\uddf2\ud835\ude07\u0307\ud835\uddfc\ud835\ude04\ud835\uddee \ud835\uddd7\ud835\uddff\ud835\ude02\ud835\ude07\u0307\ud835\ude06\ud835\uddfb\ud835\uddee \ud835\udde3\ud835\uddfc\ud835\ude07\u0307\ud835\uddee\ud835\uddff\ud835\uddfb\ud835\uddf6\ud835\uddf0\ud835\ude07\ud835\uddee, kt\u00f3ra liczy dzi\u015b 29 m\u0142odych ludzi, w tym 4 dziewcz\u0119ta \u2013 to w\u0142a\u015bnie oni ju\u017c dzi\u015b przygotowuj\u0105 si\u0119 do przysz\u0142ej s\u0142u\u017cby.<\/p>\n\n\n\n<p><a href=\"https:\/\/www.facebook.com\/Powiat.Wolominski?__cft__[0]=AZZKjd-zja-cjw2-myrdOe2BzDLvZaaXrTN7Ju4PH_auPV_VTqGbFBPzVU9SFAqYvpvp0ALoke5w9Xiq0Ox7lEAe6Ct-O41ilgf5OXeUadoxQp_B36t3Q3lNuRK619ex3GygefzDXo-JzEaff7Y1YI1JCXZK52HiJCQzgmeEg-4dgnkhrpcrO1PiSYO82rUuHZ4&amp;__tn__=-]K-R\">Powiat Wo\u0142omi\u0144ski<\/a> wspiera t\u0119 niezwyk\u0142\u0105 aktywno\u015b\u0107. Ju\u017c dzi\u015b zapewniam, \u017ce dotacja w tym roku b\u0119dzie sze\u015bciokrotnie wi\u0119ksza i wyniesie 30 tysi\u0119cy z\u0142otych. Druhny i Druhowie \u2013 dzi\u0119kuj\u0119 za s\u0142u\u017cb\u0119, profesjonalizm i serce wk\u0142adane w bezpiecze\u0144stwo mieszka\u0144c\u00f3w naszego powiatu. \/AW\/<\/p>\n\n\n\n<hr class=\"wp-block-separator aligncenter has-alpha-channel-opacity\"\/>\n\n\n<div class=\"wp-block-image\">\n<figure class=\"alignleft size-large is-resized\"><img loading=\"lazy\" decoding=\"async\" width=\"1024\" height=\"1024\" src=\"https:\/\/powiatwwl.pl\/wp-content\/uploads\/2026\/02\/ARKADIUSZ-WERELICH-1024x1024.jpg\" alt=\"\" class=\"wp-image-204\" style=\"width:112px;height:auto\" srcset=\"https:\/\/powiatwwl.pl\/wp-content\/uploads\/2026\/02\/ARKADIUSZ-WERELICH-1024x1024.jpg 1024w, https:\/\/powiatwwl.pl\/wp-content\/uploads\/2026\/02\/ARKADIUSZ-WERELICH-300x300.jpg 300w, https:\/\/powiatwwl.pl\/wp-content\/uploads\/2026\/02\/ARKADIUSZ-WERELICH-150x150.jpg 150w, https:\/\/powiatwwl.pl\/wp-content\/uploads\/2026\/02\/ARKADIUSZ-WERELICH-768x768.jpg 768w, https:\/\/powiatwwl.pl\/wp-content\/uploads\/2026\/02\/ARKADIUSZ-WERELICH-1536x1536.jpg 1536w, https:\/\/powiatwwl.pl\/wp-content\/uploads\/2026\/02\/ARKADIUSZ-WERELICH-80x80.jpg 80w, https:\/\/powiatwwl.pl\/wp-content\/uploads\/2026\/02\/ARKADIUSZ-WERELICH-320x320.jpg 320w, https:\/\/powiatwwl.pl\/wp-content\/uploads\/2026\/02\/ARKADIUSZ-WERELICH.jpg 2048w\" sizes=\"auto, (max-width: 1024px) 100vw, 1024px\" \/><\/figure>\n<\/div>\n\n\n<h2 class=\"wp-block-heading\"><strong><a href=\"https:\/\/www.facebook.com\/starostaWerelich\">Arkadiusz WERELICH<\/a><\/strong><\/h2>\n\n\n\n<p><\/p>\n","protected":false},"excerpt":{"rendered":"<p>138 stra\u017cak\u00f3w, setki godzin s\u0142u\u017cby i setki wyjazd\u00f3w \u2013 tak w liczbach wygl\u0105da codzienno\u015b\u0107 druh\u00f3w z Ochotnicza Stra\u017c Po\u017carna w Markach, jednostki. kt\u00f3ra zaj\u0119\u0142a w minionym roku  \ud835\uddfa\ud835\uddf6\ud835\uddf2\ud835\uddf7\ud835\ude00\ud835\uddf0\ud835\uddf2 \ud835\ude04 \ud835\udde3\ud835\uddfc\ud835\uddf9\ud835\ude00\ud835\uddf0\ud835\uddf2 \ud835\uddfd\ud835\uddfc\ud835\uddf1 \ud835\ude04\ud835\ude07\ud835\uddf4\ud835\uddf9\ud835\uddf2\u0328\ud835\uddf1\ud835\uddf2\ud835\uddfa \ud835\ude04\ud835\ude06\ud835\uddf7\ud835\uddee\ud835\ude07\ud835\uddf1\ud835\uddfc\u0301\ud835\ude04. Za tymi statystykami stoj\u0105 jednak ludzie, ogrom pracy i gotowo\u015b\u0107 do dzia\u0142ania zawsze wtedy, gdy kto\u015b potrzebuje pomocy.<\/p>\n<p>Podczas walnego zebrania sprawozdawczo-wyborczego us\u0142yszeli\u015bmy podsumowanie kolejnego roku ich s\u0142u\u017cby. \ud835\uddea \ud835\udfee\ud835\udfec\ud835\udfee\ud835\udff1 \ud835\uddff\ud835\uddfc\ud835\uddf8\ud835\ude02 \ud835\ude04\ud835\ude06\ud835\uddf7\ud835\uddf2\ud835\ude07\u0307\ud835\uddf1\ud835\ude07\u0307\ud835\uddee\ud835\uddf9\ud835\uddf6 \ud835\ude07 \ud835\uddfd\ud835\uddfc\ud835\uddfa\ud835\uddfc\ud835\uddf0\ud835\uddee\u0328 \ud835\udfef\ud835\udff5\ud835\udff0 \ud835\uddff\ud835\uddee\ud835\ude07\ud835\ude06 w tym: Na dzia\u0142aniach nieoperacyjnych sp\u0119dzili \ud835\udff2\ud835\udff1\ud835\udff4 \ud835\uddf4\ud835\uddfc\ud835\uddf1\ud835\ude07\ud835\uddf6\ud835\uddfb&#8230;<\/p>\n","protected":false},"author":1,"featured_media":1539,"comment_status":"open","ping_status":"open","sticky":false,"template":"","format":"standard","meta":{"footnotes":""},"categories":[1],"tags":[],"class_list":["post-1536","post","type-post","status-publish","format-standard","has-post-thumbnail","hentry","category-aktualnosci"],"_links":{"self":[{"href":"https:\/\/powiatwwl.pl\/index.php?rest_route=\/wp\/v2\/posts\/1536","targetHints":{"allow":["GET"]}}],"collection":[{"href":"https:\/\/powiatwwl.pl\/index.php?rest_route=\/wp\/v2\/posts"}],"about":[{"href":"https:\/\/powiatwwl.pl\/index.php?rest_route=\/wp\/v2\/types\/post"}],"author":[{"embeddable":true,"href":"https:\/\/powiatwwl.pl\/index.php?rest_route=\/wp\/v2\/users\/1"}],"replies":[{"embeddable":true,"href":"https:\/\/powiatwwl.pl\/index.php?rest_route=%2Fwp%2Fv2%2Fcomments&post=1536"}],"version-history":[{"count":2,"href":"https:\/\/powiatwwl.pl\/index.php?rest_route=\/wp\/v2\/posts\/1536\/revisions"}],"predecessor-version":[{"id":1540,"href":"https:\/\/powiatwwl.pl\/index.php?rest_route=\/wp\/v2\/posts\/1536\/revisions\/1540"}],"wp:featuredmedia":[{"embeddable":true,"href":"https:\/\/powiatwwl.pl\/index.php?rest_route=\/wp\/v2\/media\/1539"}],"wp:attachment":[{"href":"https:\/\/powiatwwl.pl\/index.php?rest_route=%2Fwp%2Fv2%2Fmedia&parent=1536"}],"wp:term":[{"taxonomy":"category","embeddable":true,"href":"https:\/\/powiatwwl.pl\/index.php?rest_route=%2Fwp%2Fv2%2Fcategories&post=1536"},{"taxonomy":"post_tag","embeddable":true,"href":"https:\/\/powiatwwl.pl\/index.php?rest_route=%2Fwp%2Fv2%2Ftags&post=1536"}],"curies":[{"name":"wp","href":"https:\/\/api.w.org\/{rel}","templated":true}]}}