{"id":1541,"date":"2026-03-01T16:57:32","date_gmt":"2026-03-01T15:57:32","guid":{"rendered":"http:\/\/powiatwwl.pl\/?p=1541"},"modified":"2026-03-01T21:08:52","modified_gmt":"2026-03-01T20:08:52","slug":"szczypiorniak-marcovia","status":"publish","type":"post","link":"https:\/\/powiatwwl.pl\/?p=1541","title":{"rendered":"Zwyci\u0119\u017cy\u0142y 14 raz !"},"content":{"rendered":"<div class=\"wp-block-image\">\n<figure class=\"aligncenter size-large is-resized\"><img loading=\"lazy\" decoding=\"async\" width=\"1024\" height=\"648\" src=\"https:\/\/powiatwwl.pl\/wp-content\/uploads\/2026\/03\/645941962_1473151884815066_2480680009917725858_n-1024x648.jpg\" alt=\"\" class=\"wp-image-1594\" style=\"aspect-ratio:1.5802705042844774;width:683px;height:auto\" srcset=\"https:\/\/powiatwwl.pl\/wp-content\/uploads\/2026\/03\/645941962_1473151884815066_2480680009917725858_n-1024x648.jpg 1024w, https:\/\/powiatwwl.pl\/wp-content\/uploads\/2026\/03\/645941962_1473151884815066_2480680009917725858_n-300x190.jpg 300w, https:\/\/powiatwwl.pl\/wp-content\/uploads\/2026\/03\/645941962_1473151884815066_2480680009917725858_n-768x486.jpg 768w, https:\/\/powiatwwl.pl\/wp-content\/uploads\/2026\/03\/645941962_1473151884815066_2480680009917725858_n-1536x971.jpg 1536w, https:\/\/powiatwwl.pl\/wp-content\/uploads\/2026\/03\/645941962_1473151884815066_2480680009917725858_n.jpg 2048w\" sizes=\"auto, (max-width: 1024px) 100vw, 1024px\" \/><\/figure>\n<\/div>\n\n\n<p><a href=\"https:\/\/www.facebook.com\/kprrokis?__cft__[0]=AZbjH47_PC4i3I2l2n9qsyyjDVdv3xdAqDwTXG5GoMr_OXG0kvlJnr_9v1_4ZPZwHPSP15vDKUM1OkVhZtHYKQd8VzQqEVpG2qunQ-HKhZd0q4HttfybdUezJ5Z1bypLvNwmVk-27zO1TO5b7aX3Z3MKRIs2d6uV5JOzQGWXvbLs9C1cEWoCca2iFbgLyCjVwrU&amp;__tn__=-]K-R\">ROKiS Radzymin Marcovia Marki<\/a> umacnia si\u0119 na pozycji lidera pierwszej ligi! To widowiskowe spotkanie rozegrane zosta\u0142o w hali <a href=\"https:\/\/www.facebook.com\/MCERMarki?__cft__[0]=AZbjH47_PC4i3I2l2n9qsyyjDVdv3xdAqDwTXG5GoMr_OXG0kvlJnr_9v1_4ZPZwHPSP15vDKUM1OkVhZtHYKQd8VzQqEVpG2qunQ-HKhZd0q4HttfybdUezJ5Z1bypLvNwmVk-27zO1TO5b7aX3Z3MKRIs2d6uV5JOzQGWXvbLs9C1cEWoCca2iFbgLyCjVwrU&amp;__tn__=-]K-R\">MCER<\/a> w Markach, gdzie nasze zawodniczki pokona\u0142y AZS UR APR Radom 30:24, notuj\u0105c ju\u017c 14. zwyci\u0119stwo w lidze i potwierdzaj\u0105c swoj\u0105 \u015bwietn\u0105 form\u0119. Gratulacje dla ca\u0142ej dru\u017cyny za determinacj\u0119 i konsekwencj\u0119 w drodze po kolejne cele! Oby tak dalej!\/AW\/<\/p>\n\n\n<div class=\"wp-block-image\">\n<figure class=\"aligncenter size-large is-resized\"><img loading=\"lazy\" decoding=\"async\" width=\"1024\" height=\"680\" src=\"https:\/\/powiatwwl.pl\/wp-content\/uploads\/2026\/03\/645899067_1473152044815050_4387672670334785983_n-1024x680.jpg\" alt=\"\" class=\"wp-image-1595\" style=\"aspect-ratio:1.5059037755711726;width:676px;height:auto\" srcset=\"https:\/\/powiatwwl.pl\/wp-content\/uploads\/2026\/03\/645899067_1473152044815050_4387672670334785983_n-1024x680.jpg 1024w, https:\/\/powiatwwl.pl\/wp-content\/uploads\/2026\/03\/645899067_1473152044815050_4387672670334785983_n-300x199.jpg 300w, https:\/\/powiatwwl.pl\/wp-content\/uploads\/2026\/03\/645899067_1473152044815050_4387672670334785983_n-768x510.jpg 768w, https:\/\/powiatwwl.pl\/wp-content\/uploads\/2026\/03\/645899067_1473152044815050_4387672670334785983_n-1536x1020.jpg 1536w, https:\/\/powiatwwl.pl\/wp-content\/uploads\/2026\/03\/645899067_1473152044815050_4387672670334785983_n.jpg 2048w\" sizes=\"auto, (max-width: 1024px) 100vw, 1024px\" \/><\/figure>\n<\/div>\n\n\n<hr class=\"wp-block-separator has-alpha-channel-opacity\"\/>\n\n\n<div class=\"wp-block-image\">\n<figure class=\"alignleft size-full is-resized\"><img loading=\"lazy\" decoding=\"async\" width=\"500\" height=\"500\" src=\"https:\/\/powiatwwl.pl\/wp-content\/uploads\/2026\/02\/277779969_647097359973168_4131644390357408655_n.jpg\" alt=\"\" class=\"wp-image-1079\" style=\"width:108px;height:auto\" srcset=\"https:\/\/powiatwwl.pl\/wp-content\/uploads\/2026\/02\/277779969_647097359973168_4131644390357408655_n.jpg 500w, https:\/\/powiatwwl.pl\/wp-content\/uploads\/2026\/02\/277779969_647097359973168_4131644390357408655_n-300x300.jpg 300w, https:\/\/powiatwwl.pl\/wp-content\/uploads\/2026\/02\/277779969_647097359973168_4131644390357408655_n-150x150.jpg 150w, https:\/\/powiatwwl.pl\/wp-content\/uploads\/2026\/02\/277779969_647097359973168_4131644390357408655_n-80x80.jpg 80w, https:\/\/powiatwwl.pl\/wp-content\/uploads\/2026\/02\/277779969_647097359973168_4131644390357408655_n-320x320.jpg 320w\" sizes=\"auto, (max-width: 500px) 100vw, 500px\" \/><\/figure>\n<\/div>\n\n\n<h2 class=\"wp-block-heading\"><strong><a href=\"https:\/\/www.facebook.com\/kprrokis\">ROKIS RADZYMIN MARCOVIA MARKI<\/a><\/strong><\/h2>\n\n\n\n<hr class=\"wp-block-separator aligncenter has-alpha-channel-opacity\"\/>\n\n\n<div class=\"wp-block-image\">\n<figure class=\"alignleft size-large is-resized\"><img loading=\"lazy\" decoding=\"async\" width=\"1024\" height=\"1024\" src=\"https:\/\/powiatwwl.pl\/wp-content\/uploads\/2026\/02\/ARKADIUSZ-WERELICH-1024x1024.jpg\" alt=\"\" class=\"wp-image-204\" style=\"width:121px;height:auto\" srcset=\"https:\/\/powiatwwl.pl\/wp-content\/uploads\/2026\/02\/ARKADIUSZ-WERELICH-1024x1024.jpg 1024w, https:\/\/powiatwwl.pl\/wp-content\/uploads\/2026\/02\/ARKADIUSZ-WERELICH-300x300.jpg 300w, https:\/\/powiatwwl.pl\/wp-content\/uploads\/2026\/02\/ARKADIUSZ-WERELICH-150x150.jpg 150w, https:\/\/powiatwwl.pl\/wp-content\/uploads\/2026\/02\/ARKADIUSZ-WERELICH-768x768.jpg 768w, https:\/\/powiatwwl.pl\/wp-content\/uploads\/2026\/02\/ARKADIUSZ-WERELICH-1536x1536.jpg 1536w, https:\/\/powiatwwl.pl\/wp-content\/uploads\/2026\/02\/ARKADIUSZ-WERELICH-80x80.jpg 80w, https:\/\/powiatwwl.pl\/wp-content\/uploads\/2026\/02\/ARKADIUSZ-WERELICH-320x320.jpg 320w, https:\/\/powiatwwl.pl\/wp-content\/uploads\/2026\/02\/ARKADIUSZ-WERELICH.jpg 2048w\" sizes=\"auto, (max-width: 1024px) 100vw, 1024px\" \/><\/figure>\n<\/div>\n\n\n<h2 class=\"wp-block-heading\"><strong><a href=\"https:\/\/www.facebook.com\/starostaWerelich\">Arkadiusz WERELICH<\/a><\/strong><\/h2>\n","protected":false},"excerpt":{"rendered":"<p>ROKiS Radzymin Marcovia Marki umacnia si\u0119 na pozycji lidera pierwszej ligi! To widowiskowe spotkanie zosta\u0142o rozegrane zosta\u0142o w hali MCER w Markach, gdzie nasze zawodniczki pokona\u0142y AZS UR APR Radom 30:24, notuj\u0105c ju\u017c 14. zwyci\u0119stwo&#8230;<\/p>\n","protected":false},"author":1,"featured_media":1600,"comment_status":"open","ping_status":"open","sticky":false,"template":"","format":"standard","meta":{"footnotes":""},"categories":[1],"tags":[],"class_list":["post-1541","post","type-post","status-publish","format-standard","has-post-thumbnail","hentry","category-aktualnosci"],"_links":{"self":[{"href":"https:\/\/powiatwwl.pl\/index.php?rest_route=\/wp\/v2\/posts\/1541","targetHints":{"allow":["GET"]}}],"collection":[{"href":"https:\/\/powiatwwl.pl\/index.php?rest_route=\/wp\/v2\/posts"}],"about":[{"href":"https:\/\/powiatwwl.pl\/index.php?rest_route=\/wp\/v2\/types\/post"}],"author":[{"embeddable":true,"href":"https:\/\/powiatwwl.pl\/index.php?rest_route=\/wp\/v2\/users\/1"}],"replies":[{"embeddable":true,"href":"https:\/\/powiatwwl.pl\/index.php?rest_route=%2Fwp%2Fv2%2Fcomments&post=1541"}],"version-history":[{"count":6,"href":"https:\/\/powiatwwl.pl\/index.php?rest_route=\/wp\/v2\/posts\/1541\/revisions"}],"predecessor-version":[{"id":1630,"href":"https:\/\/powiatwwl.pl\/index.php?rest_route=\/wp\/v2\/posts\/1541\/revisions\/1630"}],"wp:featuredmedia":[{"embeddable":true,"href":"https:\/\/powiatwwl.pl\/index.php?rest_route=\/wp\/v2\/media\/1600"}],"wp:attachment":[{"href":"https:\/\/powiatwwl.pl\/index.php?rest_route=%2Fwp%2Fv2%2Fmedia&parent=1541"}],"wp:term":[{"taxonomy":"category","embeddable":true,"href":"https:\/\/powiatwwl.pl\/index.php?rest_route=%2Fwp%2Fv2%2Fcategories&post=1541"},{"taxonomy":"post_tag","embeddable":true,"href":"https:\/\/powiatwwl.pl\/index.php?rest_route=%2Fwp%2Fv2%2Ftags&post=1541"}],"curies":[{"name":"wp","href":"https:\/\/api.w.org\/{rel}","templated":true}]}}