{"id":1543,"date":"2026-02-28T17:13:58","date_gmt":"2026-02-28T16:13:58","guid":{"rendered":"http:\/\/powiatwwl.pl\/?p=1543"},"modified":"2026-03-01T20:07:04","modified_gmt":"2026-03-01T19:07:04","slug":"swieta-wielkanocne-bez-gotowania-zaprasza-artur-swierzewski","status":"publish","type":"post","link":"https:\/\/powiatwwl.pl\/?p=1543","title":{"rendered":"\u015awi\u0119ta Wielkanocne bez gotowania &#8211; zaprasza Artur \u015awier\u017cewski"},"content":{"rendered":"\n<p>Ju\u017c za miesi\u0105c \u015bwi\u0119ta Wielkanocne mamy dla Was ju\u017c gotowe s\u0142ynne \u015bwi\u0105teczne deski od Artura \u015awierczewskiego z &#8222;Sali u Artura w Zielonce. Smaczne \u015bwi\u0105teczne deski ciesz\u0105 si\u0119 du\u017cym powodzeniem zadowolonych klient\u00f3w. Mo\u017cna ju\u017c zamawia\u0107 ( od 1 marca). Pami\u0119tajcie,\u017ce ilo\u015b\u0107 desek jest ograniczona. Wszelkie informacje poni\u017cej.<\/p>\n\n\n\n<figure class=\"wp-block-image size-large\"><img loading=\"lazy\" decoding=\"async\" width=\"1024\" height=\"724\" src=\"https:\/\/powiatwwl.pl\/wp-content\/uploads\/2026\/03\/642858713_1571950101390653_2248303828877026203_n-1024x724.jpg\" alt=\"\" class=\"wp-image-1544\" srcset=\"https:\/\/powiatwwl.pl\/wp-content\/uploads\/2026\/03\/642858713_1571950101390653_2248303828877026203_n-1024x724.jpg 1024w, https:\/\/powiatwwl.pl\/wp-content\/uploads\/2026\/03\/642858713_1571950101390653_2248303828877026203_n-300x212.jpg 300w, https:\/\/powiatwwl.pl\/wp-content\/uploads\/2026\/03\/642858713_1571950101390653_2248303828877026203_n-768x543.jpg 768w, https:\/\/powiatwwl.pl\/wp-content\/uploads\/2026\/03\/642858713_1571950101390653_2248303828877026203_n-1536x1086.jpg 1536w, https:\/\/powiatwwl.pl\/wp-content\/uploads\/2026\/03\/642858713_1571950101390653_2248303828877026203_n.jpg 2000w\" sizes=\"auto, (max-width: 1024px) 100vw, 1024px\" \/><\/figure>\n\n\n\n<figure class=\"wp-block-image size-large\"><img loading=\"lazy\" decoding=\"async\" width=\"1024\" height=\"724\" src=\"https:\/\/powiatwwl.pl\/wp-content\/uploads\/2026\/03\/645445200_1571950148057315_397824596926288045_n-1024x724.jpg\" alt=\"\" class=\"wp-image-1545\" srcset=\"https:\/\/powiatwwl.pl\/wp-content\/uploads\/2026\/03\/645445200_1571950148057315_397824596926288045_n-1024x724.jpg 1024w, https:\/\/powiatwwl.pl\/wp-content\/uploads\/2026\/03\/645445200_1571950148057315_397824596926288045_n-300x212.jpg 300w, https:\/\/powiatwwl.pl\/wp-content\/uploads\/2026\/03\/645445200_1571950148057315_397824596926288045_n-768x543.jpg 768w, https:\/\/powiatwwl.pl\/wp-content\/uploads\/2026\/03\/645445200_1571950148057315_397824596926288045_n-1536x1086.jpg 1536w, https:\/\/powiatwwl.pl\/wp-content\/uploads\/2026\/03\/645445200_1571950148057315_397824596926288045_n.jpg 2000w\" sizes=\"auto, (max-width: 1024px) 100vw, 1024px\" \/><\/figure>\n\n\n\n<hr class=\"wp-block-separator aligncenter has-alpha-channel-opacity\"\/>\n\n\n<div class=\"wp-block-image\">\n<figure class=\"alignleft size-large is-resized\"><img loading=\"lazy\" decoding=\"async\" width=\"1024\" height=\"1024\" src=\"https:\/\/powiatwwl.pl\/wp-content\/uploads\/2026\/02\/pw-3-1024x1024.jpg\" alt=\"\" class=\"wp-image-450\" style=\"width:108px;height:auto\" srcset=\"https:\/\/powiatwwl.pl\/wp-content\/uploads\/2026\/02\/pw-3-1024x1024.jpg 1024w, https:\/\/powiatwwl.pl\/wp-content\/uploads\/2026\/02\/pw-3-300x300.jpg 300w, https:\/\/powiatwwl.pl\/wp-content\/uploads\/2026\/02\/pw-3-150x150.jpg 150w, https:\/\/powiatwwl.pl\/wp-content\/uploads\/2026\/02\/pw-3-768x768.jpg 768w, https:\/\/powiatwwl.pl\/wp-content\/uploads\/2026\/02\/pw-3-80x80.jpg 80w, https:\/\/powiatwwl.pl\/wp-content\/uploads\/2026\/02\/pw-3-320x320.jpg 320w, https:\/\/powiatwwl.pl\/wp-content\/uploads\/2026\/02\/pw-3.jpg 1280w\" sizes=\"auto, (max-width: 1024px) 100vw, 1024px\" \/><\/figure>\n<\/div>\n\n\n<h2 class=\"wp-block-heading\"><strong><a href=\"https:\/\/www.facebook.com\/salauartura\">SALA u ARTURA<\/a><\/strong><\/h2>\n\n\n\n<hr class=\"wp-block-separator aligncenter has-alpha-channel-opacity\"\/>\n\n\n<div class=\"wp-block-image\">\n<figure class=\"alignleft size-large is-resized\"><img loading=\"lazy\" decoding=\"async\" width=\"1024\" height=\"1018\" src=\"https:\/\/powiatwwl.pl\/wp-content\/uploads\/2026\/02\/279395202_343209137876636_3396342284563817381_n-1024x1018.jpg\" alt=\"\" class=\"wp-image-110\" style=\"aspect-ratio:1.0059106372465172;width:107px;height:auto\" srcset=\"https:\/\/powiatwwl.pl\/wp-content\/uploads\/2026\/02\/279395202_343209137876636_3396342284563817381_n-1024x1018.jpg 1024w, https:\/\/powiatwwl.pl\/wp-content\/uploads\/2026\/02\/279395202_343209137876636_3396342284563817381_n-300x298.jpg 300w, https:\/\/powiatwwl.pl\/wp-content\/uploads\/2026\/02\/279395202_343209137876636_3396342284563817381_n-150x150.jpg 150w, https:\/\/powiatwwl.pl\/wp-content\/uploads\/2026\/02\/279395202_343209137876636_3396342284563817381_n-768x763.jpg 768w, https:\/\/powiatwwl.pl\/wp-content\/uploads\/2026\/02\/279395202_343209137876636_3396342284563817381_n-80x80.jpg 80w, https:\/\/powiatwwl.pl\/wp-content\/uploads\/2026\/02\/279395202_343209137876636_3396342284563817381_n.jpg 1440w\" sizes=\"auto, (max-width: 1024px) 100vw, 1024px\" \/><\/figure>\n<\/div>\n\n\n<h2 class=\"wp-block-heading\"><strong><a href=\"https:\/\/www.facebook.com\/profile.php?id=100065626563359\">RESTAURACJA  i SKLEP WIEJSKA CHATA<\/a><\/strong><\/h2>\n\n\n\n<p><\/p>\n","protected":false},"excerpt":{"rendered":"<p>Ju\u017c za miesi\u0105c \u015bwi\u0119ta Wielkanocne mamy dla Was ju\u017c gotowe s\u0142ynne \u015bwi\u0105teczne deski od Artura \u015awierczewskiego z &#8222;Sali u Artura w Zielonce. Smaczne \u015bwi\u0105teczne deski ciesz\u0105 si\u0119 du\u017cym powodzeniem zadowolonych klient\u00f3w&#8230;<\/p>\n","protected":false},"author":1,"featured_media":1545,"comment_status":"open","ping_status":"open","sticky":false,"template":"","format":"standard","meta":{"footnotes":""},"categories":[1],"tags":[],"class_list":["post-1543","post","type-post","status-publish","format-standard","has-post-thumbnail","hentry","category-aktualnosci"],"_links":{"self":[{"href":"https:\/\/powiatwwl.pl\/index.php?rest_route=\/wp\/v2\/posts\/1543","targetHints":{"allow":["GET"]}}],"collection":[{"href":"https:\/\/powiatwwl.pl\/index.php?rest_route=\/wp\/v2\/posts"}],"about":[{"href":"https:\/\/powiatwwl.pl\/index.php?rest_route=\/wp\/v2\/types\/post"}],"author":[{"embeddable":true,"href":"https:\/\/powiatwwl.pl\/index.php?rest_route=\/wp\/v2\/users\/1"}],"replies":[{"embeddable":true,"href":"https:\/\/powiatwwl.pl\/index.php?rest_route=%2Fwp%2Fv2%2Fcomments&post=1543"}],"version-history":[{"count":3,"href":"https:\/\/powiatwwl.pl\/index.php?rest_route=\/wp\/v2\/posts\/1543\/revisions"}],"predecessor-version":[{"id":1549,"href":"https:\/\/powiatwwl.pl\/index.php?rest_route=\/wp\/v2\/posts\/1543\/revisions\/1549"}],"wp:featuredmedia":[{"embeddable":true,"href":"https:\/\/powiatwwl.pl\/index.php?rest_route=\/wp\/v2\/media\/1545"}],"wp:attachment":[{"href":"https:\/\/powiatwwl.pl\/index.php?rest_route=%2Fwp%2Fv2%2Fmedia&parent=1543"}],"wp:term":[{"taxonomy":"category","embeddable":true,"href":"https:\/\/powiatwwl.pl\/index.php?rest_route=%2Fwp%2Fv2%2Fcategories&post=1543"},{"taxonomy":"post_tag","embeddable":true,"href":"https:\/\/powiatwwl.pl\/index.php?rest_route=%2Fwp%2Fv2%2Ftags&post=1543"}],"curies":[{"name":"wp","href":"https:\/\/api.w.org\/{rel}","templated":true}]}}