{"id":1559,"date":"2026-03-01T10:51:00","date_gmt":"2026-03-01T09:51:00","guid":{"rendered":"http:\/\/powiatwwl.pl\/?p=1559"},"modified":"2026-03-01T20:03:35","modified_gmt":"2026-03-01T19:03:35","slug":"tragedia-na-drodze-w-karolewie-nie-zyje-motocyklista","status":"publish","type":"post","link":"https:\/\/powiatwwl.pl\/?p=1559","title":{"rendered":"Sobotnia tragedia na drodze w Karolewie"},"content":{"rendered":"<div class=\"wp-block-image\">\n<figure class=\"aligncenter size-large is-resized\"><img loading=\"lazy\" decoding=\"async\" width=\"1024\" height=\"576\" src=\"https:\/\/powiatwwl.pl\/wp-content\/uploads\/2026\/03\/644761942_1558909946240500_2577166697746385387_n-1024x576.jpg\" alt=\"\" class=\"wp-image-1560\" style=\"width:681px;height:auto\" srcset=\"https:\/\/powiatwwl.pl\/wp-content\/uploads\/2026\/03\/644761942_1558909946240500_2577166697746385387_n-1024x576.jpg 1024w, https:\/\/powiatwwl.pl\/wp-content\/uploads\/2026\/03\/644761942_1558909946240500_2577166697746385387_n-300x169.jpg 300w, https:\/\/powiatwwl.pl\/wp-content\/uploads\/2026\/03\/644761942_1558909946240500_2577166697746385387_n-768x432.jpg 768w, https:\/\/powiatwwl.pl\/wp-content\/uploads\/2026\/03\/644761942_1558909946240500_2577166697746385387_n-1536x864.jpg 1536w, https:\/\/powiatwwl.pl\/wp-content\/uploads\/2026\/03\/644761942_1558909946240500_2577166697746385387_n.jpg 1920w\" sizes=\"auto, (max-width: 1024px) 100vw, 1024px\" \/><\/figure>\n<\/div>\n\n\n<p>Karolew Powiat Wo\u0142omi\u0144ski.Sobota 28.02. &#8211; \u015bmiertelny wypadek w powiecie wo\u0142omi\u0144skim. 25-letni motocyklista nie \u017cyje, kierowca uciek\u0142. Do tragicznego zdarzenia dosz\u0142o na terenie powiatu wo\u0142omi\u0144skiego. W wyniku zderzenia motocykla z samochodem osobowym zgin\u0105\u0142 25-letni m\u0119\u017cczyzna. Kierowca auta oddali\u0142 si\u0119 z miejsca wypadku i jest obecnie poszukiwany przez policj\u0119.Spraw\u0119 wyja\u015bniaj\u0105 s\u0142u\u017cby. (\u017ar\u00f3d\u0142o TVP3 Warszawa)<\/p>\n\n\n<div class=\"wp-block-image\">\n<figure class=\"aligncenter size-large is-resized\"><img loading=\"lazy\" decoding=\"async\" width=\"1024\" height=\"576\" src=\"https:\/\/powiatwwl.pl\/wp-content\/uploads\/2026\/03\/641250406_18440788297112100_1660552780867575864_n-1024x576.jpg\" alt=\"\" class=\"wp-image-1561\" style=\"width:694px;height:auto\" srcset=\"https:\/\/powiatwwl.pl\/wp-content\/uploads\/2026\/03\/641250406_18440788297112100_1660552780867575864_n-1024x576.jpg 1024w, https:\/\/powiatwwl.pl\/wp-content\/uploads\/2026\/03\/641250406_18440788297112100_1660552780867575864_n-300x169.jpg 300w, https:\/\/powiatwwl.pl\/wp-content\/uploads\/2026\/03\/641250406_18440788297112100_1660552780867575864_n-768x432.jpg 768w, https:\/\/powiatwwl.pl\/wp-content\/uploads\/2026\/03\/641250406_18440788297112100_1660552780867575864_n.jpg 1080w\" sizes=\"auto, (max-width: 1024px) 100vw, 1024px\" \/><\/figure>\n<\/div>\n\n<div class=\"wp-block-image\">\n<figure class=\"aligncenter size-large is-resized\"><img loading=\"lazy\" decoding=\"async\" width=\"1024\" height=\"577\" src=\"https:\/\/powiatwwl.pl\/wp-content\/uploads\/2026\/03\/640893483_18440788309112100_579723320463913169_n-1024x577.jpg\" alt=\"\" class=\"wp-image-1563\" style=\"aspect-ratio:1.774737618616504;width:703px;height:auto\" srcset=\"https:\/\/powiatwwl.pl\/wp-content\/uploads\/2026\/03\/640893483_18440788309112100_579723320463913169_n-1024x577.jpg 1024w, https:\/\/powiatwwl.pl\/wp-content\/uploads\/2026\/03\/640893483_18440788309112100_579723320463913169_n-300x169.jpg 300w, https:\/\/powiatwwl.pl\/wp-content\/uploads\/2026\/03\/640893483_18440788309112100_579723320463913169_n-768x433.jpg 768w, https:\/\/powiatwwl.pl\/wp-content\/uploads\/2026\/03\/640893483_18440788309112100_579723320463913169_n.jpg 1082w\" sizes=\"auto, (max-width: 1024px) 100vw, 1024px\" \/><\/figure>\n<\/div>\n\n<div class=\"wp-block-image\">\n<figure class=\"aligncenter size-large is-resized\"><img loading=\"lazy\" decoding=\"async\" width=\"1024\" height=\"576\" src=\"https:\/\/powiatwwl.pl\/wp-content\/uploads\/2026\/03\/641316704_18440788273112100_5014310551644401421_n-1024x576.jpg\" alt=\"\" class=\"wp-image-1562\" style=\"width:707px;height:auto\" srcset=\"https:\/\/powiatwwl.pl\/wp-content\/uploads\/2026\/03\/641316704_18440788273112100_5014310551644401421_n-1024x576.jpg 1024w, https:\/\/powiatwwl.pl\/wp-content\/uploads\/2026\/03\/641316704_18440788273112100_5014310551644401421_n-300x169.jpg 300w, https:\/\/powiatwwl.pl\/wp-content\/uploads\/2026\/03\/641316704_18440788273112100_5014310551644401421_n-768x432.jpg 768w, https:\/\/powiatwwl.pl\/wp-content\/uploads\/2026\/03\/641316704_18440788273112100_5014310551644401421_n.jpg 1080w\" sizes=\"auto, (max-width: 1024px) 100vw, 1024px\" \/><\/figure>\n<\/div>","protected":false},"excerpt":{"rendered":"<p>Karolew Powiat Wo\u0142omi\u0144ski. \u015amiertelny wypadek w powiecie wo\u0142omi\u0144skim. 25-letni motocyklista nie \u017cyje, kierowca uciek\u0142. Do tragicznego zdarzenia dosz\u0142o na terenie powiatu wo\u0142omi\u0144skiego. W wyniku zderzenia motocykla z samochodem osobowym zgin\u0105\u0142 25-letni m\u0119\u017cczyzna&#8230;<\/p>\n","protected":false},"author":1,"featured_media":1571,"comment_status":"open","ping_status":"open","sticky":false,"template":"","format":"standard","meta":{"footnotes":""},"categories":[1],"tags":[],"class_list":["post-1559","post","type-post","status-publish","format-standard","has-post-thumbnail","hentry","category-aktualnosci"],"_links":{"self":[{"href":"https:\/\/powiatwwl.pl\/index.php?rest_route=\/wp\/v2\/posts\/1559","targetHints":{"allow":["GET"]}}],"collection":[{"href":"https:\/\/powiatwwl.pl\/index.php?rest_route=\/wp\/v2\/posts"}],"about":[{"href":"https:\/\/powiatwwl.pl\/index.php?rest_route=\/wp\/v2\/types\/post"}],"author":[{"embeddable":true,"href":"https:\/\/powiatwwl.pl\/index.php?rest_route=\/wp\/v2\/users\/1"}],"replies":[{"embeddable":true,"href":"https:\/\/powiatwwl.pl\/index.php?rest_route=%2Fwp%2Fv2%2Fcomments&post=1559"}],"version-history":[{"count":5,"href":"https:\/\/powiatwwl.pl\/index.php?rest_route=\/wp\/v2\/posts\/1559\/revisions"}],"predecessor-version":[{"id":1592,"href":"https:\/\/powiatwwl.pl\/index.php?rest_route=\/wp\/v2\/posts\/1559\/revisions\/1592"}],"wp:featuredmedia":[{"embeddable":true,"href":"https:\/\/powiatwwl.pl\/index.php?rest_route=\/wp\/v2\/media\/1571"}],"wp:attachment":[{"href":"https:\/\/powiatwwl.pl\/index.php?rest_route=%2Fwp%2Fv2%2Fmedia&parent=1559"}],"wp:term":[{"taxonomy":"category","embeddable":true,"href":"https:\/\/powiatwwl.pl\/index.php?rest_route=%2Fwp%2Fv2%2Fcategories&post=1559"},{"taxonomy":"post_tag","embeddable":true,"href":"https:\/\/powiatwwl.pl\/index.php?rest_route=%2Fwp%2Fv2%2Ftags&post=1559"}],"curies":[{"name":"wp","href":"https:\/\/api.w.org\/{rel}","templated":true}]}}