{"id":1646,"date":"2026-03-01T20:00:00","date_gmt":"2026-03-01T19:00:00","guid":{"rendered":"http:\/\/powiatwwl.pl\/?p=1646"},"modified":"2026-03-01T21:52:15","modified_gmt":"2026-03-01T20:52:15","slug":"elite-futsal-team-zabki-remisuje","status":"publish","type":"post","link":"https:\/\/powiatwwl.pl\/?p=1646","title":{"rendered":"Elite Futsal Team Z\u0105bki remisuje."},"content":{"rendered":"<div class=\"wp-block-image\">\n<figure class=\"aligncenter size-full is-resized\"><img loading=\"lazy\" decoding=\"async\" width=\"640\" height=\"960\" src=\"https:\/\/powiatwwl.pl\/wp-content\/uploads\/2026\/03\/645952931_122209823468372847_4260450823013812428_n.jpg\" alt=\"\" class=\"wp-image-1647\" style=\"width:420px;height:auto\" srcset=\"https:\/\/powiatwwl.pl\/wp-content\/uploads\/2026\/03\/645952931_122209823468372847_4260450823013812428_n.jpg 640w, https:\/\/powiatwwl.pl\/wp-content\/uploads\/2026\/03\/645952931_122209823468372847_4260450823013812428_n-200x300.jpg 200w\" sizes=\"auto, (max-width: 640px) 100vw, 640px\" \/><\/figure>\n<\/div>\n\n\n<p>II liga w futsalu w <a href=\"https:\/\/www.facebook.com\/Zabkimiasto?__cft__[0]=AZY9mf7xhh7BaJn5HbAhDSEpguDg_hlDrWmfFnQs0THi7ZqH3iqhDlO6lhC78tLHLj-BwThfVmyQc6KlkwGj3g3t0OsdYOBda81-58EN7lvLhqmGNYutXh-fIBpraUey5OdFDiYVDSaDVi-p9UibO4XXMEpYxnEPVVhzHslt1Hd_vcvCCChNhuK44oPOzkXaTJIArtPeiD-KdKQU1rYVjrib&amp;__tn__=-]K-R\">Miasto Z\u0105bki<\/a>. <a href=\"https:\/\/www.facebook.com\/Powiat.Wolominski?__cft__[0]=AZY9mf7xhh7BaJn5HbAhDSEpguDg_hlDrWmfFnQs0THi7ZqH3iqhDlO6lhC78tLHLj-BwThfVmyQc6KlkwGj3g3t0OsdYOBda81-58EN7lvLhqmGNYutXh-fIBpraUey5OdFDiYVDSaDVi-p9UibO4XXMEpYxnEPVVhzHslt1Hd_vcvCCChNhuK44oPOzkXaTJIArtPeiD-KdKQU1rYVjrib&amp;__tn__=-]K-R\">Powiat Wo\u0142omi\u0144ski<\/a> ch\u0119tnie wspiera sport na tak wysokim poziomie na naszym terenie. Dzisiaj (1 marca) z\u0105bkowska dru\u017cyna <a href=\"https:\/\/www.facebook.com\/EliteFutsalTeam?__cft__[0]=AZY9mf7xhh7BaJn5HbAhDSEpguDg_hlDrWmfFnQs0THi7ZqH3iqhDlO6lhC78tLHLj-BwThfVmyQc6KlkwGj3g3t0OsdYOBda81-58EN7lvLhqmGNYutXh-fIBpraUey5OdFDiYVDSaDVi-p9UibO4XXMEpYxnEPVVhzHslt1Hd_vcvCCChNhuK44oPOzkXaTJIArtPeiD-KdKQU1rYVjrib&amp;__tn__=-]K-R\">Elite Futsal Team<\/a> po bardzo dramatycznym meczu, w hali <a href=\"https:\/\/www.facebook.com\/profile.php?id=61571602884073&amp;__cft__[0]=AZY9mf7xhh7BaJn5HbAhDSEpguDg_hlDrWmfFnQs0THi7ZqH3iqhDlO6lhC78tLHLj-BwThfVmyQc6KlkwGj3g3t0OsdYOBda81-58EN7lvLhqmGNYutXh-fIBpraUey5OdFDiYVDSaDVi-p9UibO4XXMEpYxnEPVVhzHslt1Hd_vcvCCChNhuK44oPOzkXaTJIArtPeiD-KdKQU1rYVjrib&amp;__tn__=-]K-R\">SP Nr6 im. Ma\u0142gorzaty Dydek w Z\u0105bkach<\/a> przy ul. Dzikiej 36, ostatecznie zremisowa\u0142a z czo\u0142ow\u0105 dru\u017cyn\u0105 II ligi MOKS Bia\u0142ystok.\/TK\/<\/p>\n\n\n\n<hr class=\"wp-block-separator has-alpha-channel-opacity\"\/>\n\n\n<div class=\"wp-block-image\">\n<figure class=\"alignleft size-full is-resized\"><img loading=\"lazy\" decoding=\"async\" width=\"960\" height=\"960\" src=\"https:\/\/powiatwwl.pl\/wp-content\/uploads\/2026\/03\/316259942_131859452998826_6925861926639762484_n.jpg\" alt=\"\" class=\"wp-image-1640\" style=\"width:110px;height:auto\" srcset=\"https:\/\/powiatwwl.pl\/wp-content\/uploads\/2026\/03\/316259942_131859452998826_6925861926639762484_n.jpg 960w, https:\/\/powiatwwl.pl\/wp-content\/uploads\/2026\/03\/316259942_131859452998826_6925861926639762484_n-300x300.jpg 300w, https:\/\/powiatwwl.pl\/wp-content\/uploads\/2026\/03\/316259942_131859452998826_6925861926639762484_n-150x150.jpg 150w, https:\/\/powiatwwl.pl\/wp-content\/uploads\/2026\/03\/316259942_131859452998826_6925861926639762484_n-768x768.jpg 768w, https:\/\/powiatwwl.pl\/wp-content\/uploads\/2026\/03\/316259942_131859452998826_6925861926639762484_n-80x80.jpg 80w, https:\/\/powiatwwl.pl\/wp-content\/uploads\/2026\/03\/316259942_131859452998826_6925861926639762484_n-320x320.jpg 320w\" sizes=\"auto, (max-width: 960px) 100vw, 960px\" \/><\/figure>\n<\/div>\n\n\n<h2 class=\"wp-block-heading\"><strong><a href=\"https:\/\/www.facebook.com\/EliteFutsalTeam\">ELITE FUTSAL TEAM<\/a><\/strong><\/h2>\n","protected":false},"excerpt":{"rendered":"<p>II liga w futsalu w Miasto Z\u0105bki. Powiat Wo\u0142omi\u0144ski ch\u0119tnie wspiera sport na tak wysokim poziomie na naszym terenie. Dzisiaj (1 marca) z\u0105bkowska dru\u017cyna Elite Futsal Team po bardzo dramatycznym meczu, w hali SP Nr6 im. Ma\u0142gorzaty Dydek w Z\u0105bkach przy ul. Dzikiej 36, ostatecznie zremisowa\u0142a z czo\u0142ow\u0105 dru\u017cyn\u0105 II ligi MOKS Bia\u0142ystok.\/TK\/<\/p>\n","protected":false},"author":1,"featured_media":1649,"comment_status":"open","ping_status":"open","sticky":false,"template":"","format":"standard","meta":{"footnotes":""},"categories":[1],"tags":[],"class_list":["post-1646","post","type-post","status-publish","format-standard","has-post-thumbnail","hentry","category-aktualnosci"],"_links":{"self":[{"href":"https:\/\/powiatwwl.pl\/index.php?rest_route=\/wp\/v2\/posts\/1646","targetHints":{"allow":["GET"]}}],"collection":[{"href":"https:\/\/powiatwwl.pl\/index.php?rest_route=\/wp\/v2\/posts"}],"about":[{"href":"https:\/\/powiatwwl.pl\/index.php?rest_route=\/wp\/v2\/types\/post"}],"author":[{"embeddable":true,"href":"https:\/\/powiatwwl.pl\/index.php?rest_route=\/wp\/v2\/users\/1"}],"replies":[{"embeddable":true,"href":"https:\/\/powiatwwl.pl\/index.php?rest_route=%2Fwp%2Fv2%2Fcomments&post=1646"}],"version-history":[{"count":2,"href":"https:\/\/powiatwwl.pl\/index.php?rest_route=\/wp\/v2\/posts\/1646\/revisions"}],"predecessor-version":[{"id":1650,"href":"https:\/\/powiatwwl.pl\/index.php?rest_route=\/wp\/v2\/posts\/1646\/revisions\/1650"}],"wp:featuredmedia":[{"embeddable":true,"href":"https:\/\/powiatwwl.pl\/index.php?rest_route=\/wp\/v2\/media\/1649"}],"wp:attachment":[{"href":"https:\/\/powiatwwl.pl\/index.php?rest_route=%2Fwp%2Fv2%2Fmedia&parent=1646"}],"wp:term":[{"taxonomy":"category","embeddable":true,"href":"https:\/\/powiatwwl.pl\/index.php?rest_route=%2Fwp%2Fv2%2Fcategories&post=1646"},{"taxonomy":"post_tag","embeddable":true,"href":"https:\/\/powiatwwl.pl\/index.php?rest_route=%2Fwp%2Fv2%2Ftags&post=1646"}],"curies":[{"name":"wp","href":"https:\/\/api.w.org\/{rel}","templated":true}]}}