{"id":1744,"date":"2026-03-02T14:50:34","date_gmt":"2026-03-02T13:50:34","guid":{"rendered":"http:\/\/powiatwwl.pl\/?p=1744"},"modified":"2026-03-02T14:59:54","modified_gmt":"2026-03-02T13:59:54","slug":"taneczny-radzymin","status":"publish","type":"post","link":"https:\/\/powiatwwl.pl\/?p=1744","title":{"rendered":"Taneczny Radzymin \/VIDEO\/"},"content":{"rendered":"<div class=\"wp-block-image\">\n<figure class=\"aligncenter size-large is-resized\"><img loading=\"lazy\" decoding=\"async\" width=\"1024\" height=\"1024\" src=\"https:\/\/powiatwwl.pl\/wp-content\/uploads\/2026\/03\/645800346_1458805732923972_7968267955329375980_n-1024x1024.jpg\" alt=\"\" class=\"wp-image-1745\" style=\"width:619px;height:auto\" srcset=\"https:\/\/powiatwwl.pl\/wp-content\/uploads\/2026\/03\/645800346_1458805732923972_7968267955329375980_n-1024x1024.jpg 1024w, https:\/\/powiatwwl.pl\/wp-content\/uploads\/2026\/03\/645800346_1458805732923972_7968267955329375980_n-300x300.jpg 300w, https:\/\/powiatwwl.pl\/wp-content\/uploads\/2026\/03\/645800346_1458805732923972_7968267955329375980_n-150x150.jpg 150w, https:\/\/powiatwwl.pl\/wp-content\/uploads\/2026\/03\/645800346_1458805732923972_7968267955329375980_n-768x768.jpg 768w, https:\/\/powiatwwl.pl\/wp-content\/uploads\/2026\/03\/645800346_1458805732923972_7968267955329375980_n-80x80.jpg 80w, https:\/\/powiatwwl.pl\/wp-content\/uploads\/2026\/03\/645800346_1458805732923972_7968267955329375980_n-320x320.jpg 320w, https:\/\/powiatwwl.pl\/wp-content\/uploads\/2026\/03\/645800346_1458805732923972_7968267955329375980_n.jpg 1080w\" sizes=\"auto, (max-width: 1024px) 100vw, 1024px\" \/><\/figure>\n<\/div>\n\n\n<p>\ud835\uddd9\ud835\uddd4\ud835\udde1 \ud835\uddd7\ud835\uddd4\ud835\udde1\ud835\uddd6\ud835\uddd8 \ud835\udde5\ud835\uddd4\ud835\uddd7\ud835\udded\ud835\uddec\ud835\udde0\ud835\udddc\ud835\udde1 \ud835\uddd6\ud835\udde8\ud835\udde3 &#8211; Og\u00f3lnopolski Turniej Ta\u0144ca organizowany przez <a href=\"https:\/\/www.facebook.com\/FanaberiaDance?__cft__[0]=AZbp4XxIlk6iTPNCa7u4RQDs7IKmfc7l9PyDeBNYJD_izsN2f3TtT74vndWqHO0K4-JflKvwFMLh0G45O7P-C8BqOTf2uxg0UU4TdJnQ0U6tsrN3i8wRex2wUQWd2vogfMcMMOMkmRg_oAMBxuTIYYuLAgiK3GQYv4EoXzm_CsfmsESL2ZS87L-O1qwqPxEP_rH5mfJmRna4dcAAW5-1Tyhy&amp;__tn__=-]K-R\">Fanaberia Dance<\/a> przer\u00f3s\u0142 nasze oczekiwania. Blisko 1000 tancerzy z Polski przyjecha\u0142o do <a href=\"https:\/\/www.facebook.com\/ROKiS.Radzymin?__cft__[0]=AZbp4XxIlk6iTPNCa7u4RQDs7IKmfc7l9PyDeBNYJD_izsN2f3TtT74vndWqHO0K4-JflKvwFMLh0G45O7P-C8BqOTf2uxg0UU4TdJnQ0U6tsrN3i8wRex2wUQWd2vogfMcMMOMkmRg_oAMBxuTIYYuLAgiK3GQYv4EoXzm_CsfmsESL2ZS87L-O1qwqPxEP_rH5mfJmRna4dcAAW5-1Tyhy&amp;__tn__=-]K-R\">ROKiS Radzymi\u0144ski O\u015brodek Kultury i Sportu<\/a> w <a href=\"https:\/\/www.facebook.com\/GRadzymin?__cft__[0]=AZbp4XxIlk6iTPNCa7u4RQDs7IKmfc7l9PyDeBNYJD_izsN2f3TtT74vndWqHO0K4-JflKvwFMLh0G45O7P-C8BqOTf2uxg0UU4TdJnQ0U6tsrN3i8wRex2wUQWd2vogfMcMMOMkmRg_oAMBxuTIYYuLAgiK3GQYv4EoXzm_CsfmsESL2ZS87L-O1qwqPxEP_rH5mfJmRna4dcAAW5-1Tyhy&amp;__tn__=-]K-R\">Gmina Radzymin<\/a> spe\u0142nia\u0107 marzenia. W\u015br\u00f3d zawodnik\u00f3w opr\u00f3cz gospodarzy by\u0142y r\u00f3wnie\u017c nasze lokalne kluby <a href=\"https:\/\/www.facebook.com\/DancestudioAleksandraRogowska?__cft__[0]=AZbp4XxIlk6iTPNCa7u4RQDs7IKmfc7l9PyDeBNYJD_izsN2f3TtT74vndWqHO0K4-JflKvwFMLh0G45O7P-C8BqOTf2uxg0UU4TdJnQ0U6tsrN3i8wRex2wUQWd2vogfMcMMOMkmRg_oAMBxuTIYYuLAgiK3GQYv4EoXzm_CsfmsESL2ZS87L-O1qwqPxEP_rH5mfJmRna4dcAAW5-1Tyhy&amp;__tn__=-]K-R\">Dance Studio Klub Ta\u0144ca Sportowego i Akrobatyki<\/a>, <a href=\"https:\/\/www.facebook.com\/mkduodance?__cft__[0]=AZbp4XxIlk6iTPNCa7u4RQDs7IKmfc7l9PyDeBNYJD_izsN2f3TtT74vndWqHO0K4-JflKvwFMLh0G45O7P-C8BqOTf2uxg0UU4TdJnQ0U6tsrN3i8wRex2wUQWd2vogfMcMMOMkmRg_oAMBxuTIYYuLAgiK3GQYv4EoXzm_CsfmsESL2ZS87L-O1qwqPxEP_rH5mfJmRna4dcAAW5-1Tyhy&amp;__tn__=-]K-R\">Klub Ta\u0144ca Sportowego Duo Dance<\/a>, <a href=\"https:\/\/www.facebook.com\/profile.php?id=100028877545705&amp;__cft__[0]=AZbp4XxIlk6iTPNCa7u4RQDs7IKmfc7l9PyDeBNYJD_izsN2f3TtT74vndWqHO0K4-JflKvwFMLh0G45O7P-C8BqOTf2uxg0UU4TdJnQ0U6tsrN3i8wRex2wUQWd2vogfMcMMOMkmRg_oAMBxuTIYYuLAgiK3GQYv4EoXzm_CsfmsESL2ZS87L-O1qwqPxEP_rH5mfJmRna4dcAAW5-1Tyhy&amp;__tn__=-]K-R\">D-Dance Szko\u0142a Ta\u0144ca Daria Sadowska<\/a>. Serdecznie gratuluj\u0119 wszystkim tancerzom, kt\u00f3rzy zaprezentowali wysoki poziom artystyczny i sportowego ducha rywalizacji. Wasza pasja, ci\u0119\u017cka praca i determinacja s\u0105 godne podziwu. \u017bycz\u0119 kolejnych sukces\u00f3w na parkietach w ca\u0142ym kraju!. S\u0142owa uznania kieruj\u0119 r\u00f3wnie\u017c do organizator\u00f3w, kt\u00f3rzy przygotowali to wydarzenie z ogromnym zaanga\u017cowaniem i profesjonalizmem. Dzi\u0119kuj\u0119 tak\u017ce rodzicom i opiekunom, kt\u00f3rzy ka\u017cdego dnia wspieraj\u0105 m\u0142odych tancerzy w rozwijaniu ich pasji i talent\u00f3w. Wasze wsparcie ma ogromne znaczenie.Ciesz\u0119 si\u0119, \u017ce takie wydarzenia odbywaj\u0105 si\u0119 w\u0142a\u015bnie w <a href=\"https:\/\/www.facebook.com\/Powiat.Wolominski?__cft__[0]=AZbp4XxIlk6iTPNCa7u4RQDs7IKmfc7l9PyDeBNYJD_izsN2f3TtT74vndWqHO0K4-JflKvwFMLh0G45O7P-C8BqOTf2uxg0UU4TdJnQ0U6tsrN3i8wRex2wUQWd2vogfMcMMOMkmRg_oAMBxuTIYYuLAgiK3GQYv4EoXzm_CsfmsESL2ZS87L-O1qwqPxEP_rH5mfJmRna4dcAAW5-1Tyhy&amp;__tn__=-]K-R\">Powiat Wo\u0142omi\u0144ski<\/a> i przyci\u0105gaj\u0105 uczestnik\u00f3w z ca\u0142ej Polski. Z rado\u015bci\u0105 wspieramy takie inicjatywy. I mam nadziej\u0119 do zobaczenia w kolejnej edycji <a href=\"https:\/\/www.facebook.com\/watch\/hashtag\/fandanceradzymincup?__eep__=6%2F&amp;__cft__[0]=AZbp4XxIlk6iTPNCa7u4RQDs7IKmfc7l9PyDeBNYJD_izsN2f3TtT74vndWqHO0K4-JflKvwFMLh0G45O7P-C8BqOTf2uxg0UU4TdJnQ0U6tsrN3i8wRex2wUQWd2vogfMcMMOMkmRg_oAMBxuTIYYuLAgiK3GQYv4EoXzm_CsfmsESL2ZS87L-O1qwqPxEP_rH5mfJmRna4dcAAW5-1Tyhy&amp;__tn__=*NK-R\">#FANDANCERADZYMINCUP<\/a> \/AW\/<\/p>\n\n\n\n<p>\/foto \u017ar\u00f3d\u0142o ROKiS Radzymin\/<\/p>\n\n\n\n<hr class=\"wp-block-separator aligncenter has-alpha-channel-opacity\"\/>\n\n\n<div class=\"wp-block-image\">\n<figure class=\"alignleft size-full is-resized\"><img loading=\"lazy\" decoding=\"async\" width=\"688\" height=\"688\" src=\"https:\/\/powiatwwl.pl\/wp-content\/uploads\/2026\/02\/Colorful-Live-News-Free-Logo.jpg\" alt=\"\" class=\"wp-image-371\" style=\"width:108px;height:auto\" srcset=\"https:\/\/powiatwwl.pl\/wp-content\/uploads\/2026\/02\/Colorful-Live-News-Free-Logo.jpg 688w, https:\/\/powiatwwl.pl\/wp-content\/uploads\/2026\/02\/Colorful-Live-News-Free-Logo-300x300.jpg 300w, https:\/\/powiatwwl.pl\/wp-content\/uploads\/2026\/02\/Colorful-Live-News-Free-Logo-150x150.jpg 150w, https:\/\/powiatwwl.pl\/wp-content\/uploads\/2026\/02\/Colorful-Live-News-Free-Logo-80x80.jpg 80w, https:\/\/powiatwwl.pl\/wp-content\/uploads\/2026\/02\/Colorful-Live-News-Free-Logo-320x320.jpg 320w\" sizes=\"auto, (max-width: 688px) 100vw, 688px\" \/><\/figure>\n<\/div>\n\n\n<h2 class=\"wp-block-heading\"><strong><a href=\"https:\/\/www.facebook.com\/reel\/904494265698773\">ROLKA VIDEO<\/a><\/strong><\/h2>\n\n\n\n<hr class=\"wp-block-separator aligncenter has-alpha-channel-opacity\"\/>\n\n\n<div class=\"wp-block-image\">\n<figure class=\"alignleft size-large is-resized\"><img loading=\"lazy\" decoding=\"async\" width=\"1024\" height=\"1024\" src=\"https:\/\/powiatwwl.pl\/wp-content\/uploads\/2026\/02\/ARKADIUSZ-WERELICH-1024x1024.jpg\" alt=\"\" class=\"wp-image-204\" style=\"width:116px;height:auto\" srcset=\"https:\/\/powiatwwl.pl\/wp-content\/uploads\/2026\/02\/ARKADIUSZ-WERELICH-1024x1024.jpg 1024w, https:\/\/powiatwwl.pl\/wp-content\/uploads\/2026\/02\/ARKADIUSZ-WERELICH-300x300.jpg 300w, https:\/\/powiatwwl.pl\/wp-content\/uploads\/2026\/02\/ARKADIUSZ-WERELICH-150x150.jpg 150w, https:\/\/powiatwwl.pl\/wp-content\/uploads\/2026\/02\/ARKADIUSZ-WERELICH-768x768.jpg 768w, https:\/\/powiatwwl.pl\/wp-content\/uploads\/2026\/02\/ARKADIUSZ-WERELICH-1536x1536.jpg 1536w, https:\/\/powiatwwl.pl\/wp-content\/uploads\/2026\/02\/ARKADIUSZ-WERELICH-80x80.jpg 80w, https:\/\/powiatwwl.pl\/wp-content\/uploads\/2026\/02\/ARKADIUSZ-WERELICH-320x320.jpg 320w, https:\/\/powiatwwl.pl\/wp-content\/uploads\/2026\/02\/ARKADIUSZ-WERELICH.jpg 2048w\" sizes=\"auto, (max-width: 1024px) 100vw, 1024px\" \/><\/figure>\n<\/div>\n\n\n<h2 class=\"wp-block-heading\"><strong><a href=\"https:\/\/www.facebook.com\/starostaWerelich\">Arkadiusz WERELICH<\/a><\/strong><\/h2>\n\n\n\n<p><\/p>\n","protected":false},"excerpt":{"rendered":"<p>\ud835\uddd9\ud835\uddd4\ud835\udde1 \ud835\uddd7\ud835\uddd4\ud835\udde1\ud835\uddd6\ud835\uddd8 \ud835\udde5\ud835\uddd4\ud835\uddd7\ud835\udded\ud835\uddec\ud835\udde0\ud835\udddc\ud835\udde1 \ud835\uddd6\ud835\udde8\ud835\udde3 &#8211; Og\u00f3lnopolski Turniej Ta\u0144ca organizowany przez Fanaberia Dance przer\u00f3s\u0142 nasze oczekiwania. Blisko 1000 tancerzy z Polski przyjecha\u0142o do ROKiS Radzymi\u0144ski O\u015brodek Kultury i Sportu w Gmina Radzymin spe\u0142nia\u0107 marzenia. W\u015br\u00f3d zawodnik\u00f3w opr\u00f3cz gospodarzy by\u0142y r\u00f3wnie\u017c nasze lokalne kluby Dance Studio Klub Ta\u0144ca Sportowego i Akrobatyki, Klub Ta\u0144ca Sportowego Duo Dance, D-Dance Szko\u0142a Ta\u0144ca Daria Sadowska. ..<\/p>\n","protected":false},"author":1,"featured_media":1747,"comment_status":"open","ping_status":"open","sticky":false,"template":"","format":"standard","meta":{"footnotes":""},"categories":[1],"tags":[],"class_list":["post-1744","post","type-post","status-publish","format-standard","has-post-thumbnail","hentry","category-aktualnosci"],"_links":{"self":[{"href":"https:\/\/powiatwwl.pl\/index.php?rest_route=\/wp\/v2\/posts\/1744","targetHints":{"allow":["GET"]}}],"collection":[{"href":"https:\/\/powiatwwl.pl\/index.php?rest_route=\/wp\/v2\/posts"}],"about":[{"href":"https:\/\/powiatwwl.pl\/index.php?rest_route=\/wp\/v2\/types\/post"}],"author":[{"embeddable":true,"href":"https:\/\/powiatwwl.pl\/index.php?rest_route=\/wp\/v2\/users\/1"}],"replies":[{"embeddable":true,"href":"https:\/\/powiatwwl.pl\/index.php?rest_route=%2Fwp%2Fv2%2Fcomments&post=1744"}],"version-history":[{"count":3,"href":"https:\/\/powiatwwl.pl\/index.php?rest_route=\/wp\/v2\/posts\/1744\/revisions"}],"predecessor-version":[{"id":1750,"href":"https:\/\/powiatwwl.pl\/index.php?rest_route=\/wp\/v2\/posts\/1744\/revisions\/1750"}],"wp:featuredmedia":[{"embeddable":true,"href":"https:\/\/powiatwwl.pl\/index.php?rest_route=\/wp\/v2\/media\/1747"}],"wp:attachment":[{"href":"https:\/\/powiatwwl.pl\/index.php?rest_route=%2Fwp%2Fv2%2Fmedia&parent=1744"}],"wp:term":[{"taxonomy":"category","embeddable":true,"href":"https:\/\/powiatwwl.pl\/index.php?rest_route=%2Fwp%2Fv2%2Fcategories&post=1744"},{"taxonomy":"post_tag","embeddable":true,"href":"https:\/\/powiatwwl.pl\/index.php?rest_route=%2Fwp%2Fv2%2Ftags&post=1744"}],"curies":[{"name":"wp","href":"https:\/\/api.w.org\/{rel}","templated":true}]}}