{"id":1791,"date":"2026-03-02T19:29:19","date_gmt":"2026-03-02T18:29:19","guid":{"rendered":"http:\/\/powiatwwl.pl\/?p=1791"},"modified":"2026-03-02T19:30:10","modified_gmt":"2026-03-02T18:30:10","slug":"radni-z-zabek-zapraszaja","status":"publish","type":"post","link":"https:\/\/powiatwwl.pl\/?p=1791","title":{"rendered":"Radni z Z\u0105bek zapraszaj\u0105"},"content":{"rendered":"<div class=\"wp-block-image\">\n<figure class=\"aligncenter size-large is-resized\"><img loading=\"lazy\" decoding=\"async\" width=\"686\" height=\"1024\" src=\"https:\/\/powiatwwl.pl\/wp-content\/uploads\/2026\/03\/644983892_25722926060723174_3790730480381500635_n-686x1024.jpg\" alt=\"\" class=\"wp-image-1792\" style=\"width:422px;height:auto\" srcset=\"https:\/\/powiatwwl.pl\/wp-content\/uploads\/2026\/03\/644983892_25722926060723174_3790730480381500635_n-686x1024.jpg 686w, https:\/\/powiatwwl.pl\/wp-content\/uploads\/2026\/03\/644983892_25722926060723174_3790730480381500635_n-201x300.jpg 201w, https:\/\/powiatwwl.pl\/wp-content\/uploads\/2026\/03\/644983892_25722926060723174_3790730480381500635_n-768x1147.jpg 768w, https:\/\/powiatwwl.pl\/wp-content\/uploads\/2026\/03\/644983892_25722926060723174_3790730480381500635_n.jpg 892w\" sizes=\"auto, (max-width: 686px) 100vw, 686px\" \/><\/figure>\n<\/div>\n\n\n<p>Tradycyjnie, w ka\u017cdy wtorek, serdecznie zapraszamy na wsp\u00f3lny DY\u017bUR: Radnych oraz Cz\u0142onka Zarz\u0105du Powiatu Wo\u0142omi\u0144skiego. Jutro, 3 marca, widzimy si\u0119 od godz. 16.30 na naszym spotkaniu. Podczas ka\u017cdego dy\u017curu, obecni s\u0105 r\u00f3wnie\u017c Cz\u0142onkowie Koalicji Obywatelskiej RP w Z\u0105bkach. Ka\u017cdy mo\u017ce przyj\u015b\u0107, porozmawia\u0107, wymieni\u0107 pogl\u0105dy, zg\u0142osi\u0107 swoje sugestie. Zapraszamy na II pi\u0119tro (wej\u015bcie od parkingu) Z\u0105bki, ul. Pi\u0142sudskiego 2. Zapraszamy tak\u017ce do wsp\u00f3\u0142pracy. Pod nr  603 360 494 czeka Przewodnicz\u0105cy KO w Z\u0105bkach <a href=\"https:\/\/www.facebook.com\/kalatatomek?__cft__[0]=AZaDGgeOgEfJ7cO8LV6V4Brk1syYPjNQBr2Nmvc5LkvlYAKFJ5RCAAgNHyo2CLQnoBIekm0vx5Q8eD9Obm2VTa_blzZKDAsLX5onQQE_gVeClpss2Gb1b_9iapMFkMHJx1PKolLUpFxFiEmQvK2m37a2lEdp8ydfE533KVcVvA2Zc0GTDw-cep1a6Bp__yBu78fBsj7CqqVTjBD3H4wKZAIR&amp;__tn__=-]K-R\">Tomasz Kalata<\/a><img loading=\"lazy\" decoding=\"async\" height=\"16\" width=\"16\" src=\"https:\/\/static.xx.fbcdn.net\/images\/emoji.php\/v9\/t6d\/2\/16\/1f600.png\" alt=\"\ud83d\ude00\"><\/p>\n\n\n\n<hr class=\"wp-block-separator has-alpha-channel-opacity\"\/>\n\n\n<div class=\"wp-block-image\">\n<figure class=\"alignleft size-large is-resized\"><img loading=\"lazy\" decoding=\"async\" width=\"1024\" height=\"1024\" src=\"https:\/\/powiatwwl.pl\/wp-content\/uploads\/2026\/02\/TOMEK-1024x1024.jpg\" alt=\"\" class=\"wp-image-210\" style=\"width:107px;height:auto\" srcset=\"https:\/\/powiatwwl.pl\/wp-content\/uploads\/2026\/02\/TOMEK-1024x1024.jpg 1024w, https:\/\/powiatwwl.pl\/wp-content\/uploads\/2026\/02\/TOMEK-300x300.jpg 300w, https:\/\/powiatwwl.pl\/wp-content\/uploads\/2026\/02\/TOMEK-150x150.jpg 150w, https:\/\/powiatwwl.pl\/wp-content\/uploads\/2026\/02\/TOMEK-768x768.jpg 768w, https:\/\/powiatwwl.pl\/wp-content\/uploads\/2026\/02\/TOMEK-1536x1536.jpg 1536w, https:\/\/powiatwwl.pl\/wp-content\/uploads\/2026\/02\/TOMEK-80x80.jpg 80w, https:\/\/powiatwwl.pl\/wp-content\/uploads\/2026\/02\/TOMEK-320x320.jpg 320w, https:\/\/powiatwwl.pl\/wp-content\/uploads\/2026\/02\/TOMEK.jpg 2048w\" sizes=\"auto, (max-width: 1024px) 100vw, 1024px\" \/><\/figure>\n<\/div>\n\n\n<h2 class=\"wp-block-heading\"><strong><a href=\"https:\/\/www.facebook.com\/profile.php?id=61561185435479\">Tomasz KALATA<\/a><\/strong><\/h2>\n","protected":false},"excerpt":{"rendered":"<p>Tradycyjnie, w ka\u017cdy wtorek, serdecznie zapraszamy na wsp\u00f3lny DY\u017bUR: Radnych oraz Cz\u0142onka Zarz\u0105du Powiatu Wo\u0142omi\u0144skiego. Jutro, 3 marca, widzimy si\u0119 od godz. 16.30 na naszym spotkaniu. Podczas ka\u017cdego dy\u017curu, obecni s\u0105 r\u00f3wnie\u017c Cz\u0142onkowie Koalicji Obywatelskiej RP w Z\u0105bkach. Ka\u017cdy mo\u017ce przyj\u015b\u0107, porozmawia\u0107, wymieni\u0107 pogl\u0105dy, zg\u0142osi\u0107 swoje sugestie. Zapraszamy na II pi\u0119tro (wej\u015bcie od parkingu) Z\u0105bki, ul. Pi\u0142sudskiego 2&#8230;<\/p>\n","protected":false},"author":1,"featured_media":1792,"comment_status":"open","ping_status":"open","sticky":false,"template":"","format":"standard","meta":{"footnotes":""},"categories":[1],"tags":[],"class_list":["post-1791","post","type-post","status-publish","format-standard","has-post-thumbnail","hentry","category-aktualnosci"],"_links":{"self":[{"href":"https:\/\/powiatwwl.pl\/index.php?rest_route=\/wp\/v2\/posts\/1791","targetHints":{"allow":["GET"]}}],"collection":[{"href":"https:\/\/powiatwwl.pl\/index.php?rest_route=\/wp\/v2\/posts"}],"about":[{"href":"https:\/\/powiatwwl.pl\/index.php?rest_route=\/wp\/v2\/types\/post"}],"author":[{"embeddable":true,"href":"https:\/\/powiatwwl.pl\/index.php?rest_route=\/wp\/v2\/users\/1"}],"replies":[{"embeddable":true,"href":"https:\/\/powiatwwl.pl\/index.php?rest_route=%2Fwp%2Fv2%2Fcomments&post=1791"}],"version-history":[{"count":2,"href":"https:\/\/powiatwwl.pl\/index.php?rest_route=\/wp\/v2\/posts\/1791\/revisions"}],"predecessor-version":[{"id":1794,"href":"https:\/\/powiatwwl.pl\/index.php?rest_route=\/wp\/v2\/posts\/1791\/revisions\/1794"}],"wp:featuredmedia":[{"embeddable":true,"href":"https:\/\/powiatwwl.pl\/index.php?rest_route=\/wp\/v2\/media\/1792"}],"wp:attachment":[{"href":"https:\/\/powiatwwl.pl\/index.php?rest_route=%2Fwp%2Fv2%2Fmedia&parent=1791"}],"wp:term":[{"taxonomy":"category","embeddable":true,"href":"https:\/\/powiatwwl.pl\/index.php?rest_route=%2Fwp%2Fv2%2Fcategories&post=1791"},{"taxonomy":"post_tag","embeddable":true,"href":"https:\/\/powiatwwl.pl\/index.php?rest_route=%2Fwp%2Fv2%2Ftags&post=1791"}],"curies":[{"name":"wp","href":"https:\/\/api.w.org\/{rel}","templated":true}]}}