{"id":1798,"date":"2026-03-20T11:20:33","date_gmt":"2026-03-20T10:20:33","guid":{"rendered":"http:\/\/powiatwwl.pl\/?p=1798"},"modified":"2026-03-20T11:20:35","modified_gmt":"2026-03-20T10:20:35","slug":"borucza-chwala-bohaterom","status":"publish","type":"post","link":"https:\/\/powiatwwl.pl\/?p=1798","title":{"rendered":"BORUCZA &#8211; Chwa\u0142a Bohaterom (niedziela 22 marca)"},"content":{"rendered":"<div class=\"wp-block-image\">\n<figure class=\"aligncenter size-full\"><img loading=\"lazy\" decoding=\"async\" width=\"509\" height=\"720\" src=\"https:\/\/powiatwwl.pl\/wp-content\/uploads\/2026\/03\/645595326_1248204270756702_5708118445752417320_n.jpg\" alt=\"\" class=\"wp-image-1799\" srcset=\"https:\/\/powiatwwl.pl\/wp-content\/uploads\/2026\/03\/645595326_1248204270756702_5708118445752417320_n.jpg 509w, https:\/\/powiatwwl.pl\/wp-content\/uploads\/2026\/03\/645595326_1248204270756702_5708118445752417320_n-212x300.jpg 212w\" sizes=\"auto, (max-width: 509px) 100vw, 509px\" \/><\/figure>\n<\/div>\n\n\n<p>163. rocznica Powstania Styczniowego &#8211; 22.03.2026 Borucza <a href=\"https:\/\/www.facebook.com\/strachowka?__cft__[0]=AZaUNCOsAtQ2DnPSIptaTthvGIC39RF6EQ2YrpQCtciYuqUVTXvhBWWKrxjrc0Bh-0-F6YUzg6qKiWZZpE5MlGwkD5VVwFR7qj2yK8CBiW6JAITCHjBqy-Gt35DtOjcIrfg8csE9gRKMeX1jtIGVKX7BV6TE893AKm3H173AJjyPFsiGRGuwiZwn5tuwkae_zDfYCGnh2Pm4HCnF50WesoUR&amp;__tn__=-]K-R\">Gmina Strach\u00f3wka<\/a> <a href=\"https:\/\/www.facebook.com\/starostaWerelich?__cft__[0]=AZaUNCOsAtQ2DnPSIptaTthvGIC39RF6EQ2YrpQCtciYuqUVTXvhBWWKrxjrc0Bh-0-F6YUzg6qKiWZZpE5MlGwkD5VVwFR7qj2yK8CBiW6JAITCHjBqy-Gt35DtOjcIrfg8csE9gRKMeX1jtIGVKX7BV6TE893AKm3H173AJjyPFsiGRGuwiZwn5tuwkae_zDfYCGnh2Pm4HCnF50WesoUR&amp;__tn__=-]K-R\">Arkadiusz Werelich &#8211; starosta wo\u0142omi\u0144ski dla Mieszka\u0144c\u00f3w<\/a> oraz W\u00f3jt Gminy Strach\u00f3wka Piotr Orzechowski zapraszaj\u0105 na uroczysto\u015bci upami\u0119tniaj\u0105ce 163. rocznic\u0119 Powstania Styczniowego. 12:00 \u2013 Msza \u015aw. w Ko\u015bciele pw. \u015awi\u0119tego J\u00f3zefa Oblubie\u0144ca NMP we Franciszkowie, 13:30 \u2013 Uroczysto\u015b\u0107 przy Mogi\u0142ach Powsta\u0144c\u00f3w Styczniowych w Boruczy. Po zako\u0144czeniu uroczysto\u015bci \u2013 ciep\u0142y pocz\u0119stunek oraz ognisko. Zapraszamy do wsp\u00f3lnego oddania ho\u0142du Bohaterom 1863 roku i wsp\u00f3lnego spotkania w duchu pami\u0119ci oraz wsp\u00f3lnoty.\/AW\/<\/p>\n\n\n\n<hr class=\"wp-block-separator aligncenter has-alpha-channel-opacity\"\/>\n\n\n<div class=\"wp-block-image\">\n<figure class=\"alignleft size-large is-resized\"><img loading=\"lazy\" decoding=\"async\" width=\"1024\" height=\"1024\" src=\"https:\/\/powiatwwl.pl\/wp-content\/uploads\/2026\/02\/ARKADIUSZ-WERELICH-1024x1024.jpg\" alt=\"\" class=\"wp-image-204\" style=\"width:106px;height:auto\" srcset=\"https:\/\/powiatwwl.pl\/wp-content\/uploads\/2026\/02\/ARKADIUSZ-WERELICH-1024x1024.jpg 1024w, https:\/\/powiatwwl.pl\/wp-content\/uploads\/2026\/02\/ARKADIUSZ-WERELICH-300x300.jpg 300w, https:\/\/powiatwwl.pl\/wp-content\/uploads\/2026\/02\/ARKADIUSZ-WERELICH-150x150.jpg 150w, https:\/\/powiatwwl.pl\/wp-content\/uploads\/2026\/02\/ARKADIUSZ-WERELICH-768x768.jpg 768w, https:\/\/powiatwwl.pl\/wp-content\/uploads\/2026\/02\/ARKADIUSZ-WERELICH-1536x1536.jpg 1536w, https:\/\/powiatwwl.pl\/wp-content\/uploads\/2026\/02\/ARKADIUSZ-WERELICH-80x80.jpg 80w, https:\/\/powiatwwl.pl\/wp-content\/uploads\/2026\/02\/ARKADIUSZ-WERELICH-320x320.jpg 320w, https:\/\/powiatwwl.pl\/wp-content\/uploads\/2026\/02\/ARKADIUSZ-WERELICH.jpg 2048w\" sizes=\"auto, (max-width: 1024px) 100vw, 1024px\" \/><\/figure>\n<\/div>\n\n\n<h2 class=\"wp-block-heading\"><strong><a href=\"https:\/\/www.facebook.com\/starostaWerelich\">Arkadiusz WERELICH<\/a><\/strong><\/h2>\n\n\n\n<p><\/p>\n","protected":false},"excerpt":{"rendered":"<p>163. rocznica Powstania Styczniowego &#8211; 22.03.2026 Borucza Gmina Strach\u00f3wka Arkadiusz Werelich &#8211; Starosta Wo\u0142omi\u0144ski  oraz W\u00f3jt Gminy Strach\u00f3wka Piotr Orzechowski zapraszaj\u0105 na uroczysto\u015bci upami\u0119tniaj\u0105ce 163. rocznic\u0119 Powstania Styczniowego. 12:00 \u2013 Msza \u015aw. w Ko\u015bciele pw. \u015awi\u0119tego J\u00f3zefa Oblubie\u0144ca NMP we Franciszkowie, 13:30 \u2013 Uroczysto\u015b\u0107 przy Mogi\u0142ach Powsta\u0144c\u00f3w Styczniowych w Boruczy&#8230;<\/p>\n","protected":false},"author":1,"featured_media":1799,"comment_status":"open","ping_status":"open","sticky":false,"template":"","format":"standard","meta":{"footnotes":""},"categories":[1],"tags":[],"class_list":["post-1798","post","type-post","status-publish","format-standard","has-post-thumbnail","hentry","category-aktualnosci"],"_links":{"self":[{"href":"https:\/\/powiatwwl.pl\/index.php?rest_route=\/wp\/v2\/posts\/1798","targetHints":{"allow":["GET"]}}],"collection":[{"href":"https:\/\/powiatwwl.pl\/index.php?rest_route=\/wp\/v2\/posts"}],"about":[{"href":"https:\/\/powiatwwl.pl\/index.php?rest_route=\/wp\/v2\/types\/post"}],"author":[{"embeddable":true,"href":"https:\/\/powiatwwl.pl\/index.php?rest_route=\/wp\/v2\/users\/1"}],"replies":[{"embeddable":true,"href":"https:\/\/powiatwwl.pl\/index.php?rest_route=%2Fwp%2Fv2%2Fcomments&post=1798"}],"version-history":[{"count":4,"href":"https:\/\/powiatwwl.pl\/index.php?rest_route=\/wp\/v2\/posts\/1798\/revisions"}],"predecessor-version":[{"id":2258,"href":"https:\/\/powiatwwl.pl\/index.php?rest_route=\/wp\/v2\/posts\/1798\/revisions\/2258"}],"wp:featuredmedia":[{"embeddable":true,"href":"https:\/\/powiatwwl.pl\/index.php?rest_route=\/wp\/v2\/media\/1799"}],"wp:attachment":[{"href":"https:\/\/powiatwwl.pl\/index.php?rest_route=%2Fwp%2Fv2%2Fmedia&parent=1798"}],"wp:term":[{"taxonomy":"category","embeddable":true,"href":"https:\/\/powiatwwl.pl\/index.php?rest_route=%2Fwp%2Fv2%2Fcategories&post=1798"},{"taxonomy":"post_tag","embeddable":true,"href":"https:\/\/powiatwwl.pl\/index.php?rest_route=%2Fwp%2Fv2%2Ftags&post=1798"}],"curies":[{"name":"wp","href":"https:\/\/api.w.org\/{rel}","templated":true}]}}