{"id":1801,"date":"2026-03-03T11:22:13","date_gmt":"2026-03-03T10:22:13","guid":{"rendered":"http:\/\/powiatwwl.pl\/?p=1801"},"modified":"2026-03-03T11:38:51","modified_gmt":"2026-03-03T10:38:51","slug":"sor-i-nowy-blok-operacyjny-za-kila-miesiecy","status":"publish","type":"post","link":"https:\/\/powiatwwl.pl\/?p=1801","title":{"rendered":"SOR i nowy Blok Operacyjny za kilka miesi\u0119cy"},"content":{"rendered":"<div class=\"wp-block-image\">\n<figure class=\"aligncenter size-full is-resized\"><img loading=\"lazy\" decoding=\"async\" width=\"1024\" height=\"576\" src=\"https:\/\/powiatwwl.pl\/wp-content\/uploads\/2026\/03\/Sequence-01.00_00_04_13.Still007-1024x576-1.png\" alt=\"\" class=\"wp-image-1810\" style=\"aspect-ratio:1.7777988769226596;width:727px;height:auto\" srcset=\"https:\/\/powiatwwl.pl\/wp-content\/uploads\/2026\/03\/Sequence-01.00_00_04_13.Still007-1024x576-1.png 1024w, https:\/\/powiatwwl.pl\/wp-content\/uploads\/2026\/03\/Sequence-01.00_00_04_13.Still007-1024x576-1-300x169.png 300w, https:\/\/powiatwwl.pl\/wp-content\/uploads\/2026\/03\/Sequence-01.00_00_04_13.Still007-1024x576-1-768x432.png 768w\" sizes=\"auto, (max-width: 1024px) 100vw, 1024px\" \/><\/figure>\n<\/div>\n\n<div class=\"wp-block-image\">\n<figure class=\"aligncenter size-large is-resized\"><img loading=\"lazy\" decoding=\"async\" width=\"1024\" height=\"768\" src=\"https:\/\/powiatwwl.pl\/wp-content\/uploads\/2026\/03\/646291316_1474478851349036_5614939052258145669_n-1024x768.jpg\" alt=\"\" class=\"wp-image-1802\" style=\"aspect-ratio:1.3333401151553377;width:724px;height:auto\" srcset=\"https:\/\/powiatwwl.pl\/wp-content\/uploads\/2026\/03\/646291316_1474478851349036_5614939052258145669_n-1024x768.jpg 1024w, https:\/\/powiatwwl.pl\/wp-content\/uploads\/2026\/03\/646291316_1474478851349036_5614939052258145669_n-300x225.jpg 300w, https:\/\/powiatwwl.pl\/wp-content\/uploads\/2026\/03\/646291316_1474478851349036_5614939052258145669_n-768x576.jpg 768w, https:\/\/powiatwwl.pl\/wp-content\/uploads\/2026\/03\/646291316_1474478851349036_5614939052258145669_n-1536x1152.jpg 1536w, https:\/\/powiatwwl.pl\/wp-content\/uploads\/2026\/03\/646291316_1474478851349036_5614939052258145669_n.jpg 2048w\" sizes=\"auto, (max-width: 1024px) 100vw, 1024px\" \/><\/figure>\n<\/div>\n\n\n<p>Rozbudowa <a href=\"https:\/\/www.facebook.com\/groups\/539024263629920\/user\/100064016500445\/?__cft__[0]=AZbVJz-e190YSwUVMJcoGZn0p889xQ-Hxu95dx7hlmiDj1JjgFexfnythS8nnxNyGN8AwsVV4jsUD40t8XTey5_MygLr0B66gVsY7vKmwPex90Pjo1txfjDJqCki2E9Dkf29q2-OBgMRsLhlcUgd0iyL1TPlaHO3qw7WPo5yV8BJd0naPf9a-HkCHig3oo0nF_v5qah8R0leAt7o8LY8GRgkHs4kJV_-t1btRpSpPUVz_WhPREeaBZt_uCiPPSyJ461zgCl4MT46aVQFJRNLsCzt&amp;__tn__=-]K-y-R\">Szpital Matki Bo\u017cej Nieustaj\u0105cej Pomocy w Wo\u0142ominie<\/a> modernizacja budynk\u00f3w A i C, przebudowa oddzia\u0142\u00f3w \u2013 SOR (Szpitalny Oddzia\u0142 Ratunkowy), blok operacyjny, patomorfologia i OIOM, Zak\u0142ad Diagnostyki Obrazowej, nowe zaplecze techniczne i szatnie, lepsza komunikacja mi\u0119dzy budynkami, inwestycje w sprz\u0119t i infrastruktur\u0119 techniczn\u0105. Koszt inwestycji: ponad 92,7 mln z\u0142 (98% \u2013 90 917 412,63 z\u0142 pochodzi z bud\u017cetu Powiatu Wo\u0142omi\u0144skiego). Tempo i zakres prac na luty s\u0105 prawid\u0142owe \u2013 zw\u0142aszcza bior\u0105c pod uwag\u0119 warunki pogodowe. Wykonawca podtrzymuje gotowo\u015b\u0107, aby na prze\u0142omie czerwca i lipca zrealizowa\u0107 zaplanowany etap prac. \ud835\ude3f\ud835\ude6f\ud835\ude5e\ud835\ude5a\u0328\ud835\ude60\ud835\ude5e \ud835\ude69\ud835\ude5a\ud835\ude5f \ud835\ude5e\ud835\ude63\ud835\ude6c\ud835\ude5a\ud835\ude68\ud835\ude69\ud835\ude6e\ud835\ude58\ud835\ude5f\ud835\ude5e \ud835\ude61\ud835\ude5e\ud835\ude58\ud835\ude6f\ud835\ude57\ud835\ude56 \ud835\ude65\ud835\ude67\ud835\ude6f\ud835\ude6e\ud835\ude5f\ud835\ude5a\u0328\ud835\ude58\u0301 \ud835\ude63\ud835\ude56 \ud835\ude4e\ud835\ude4a\ud835\ude4d \ud835\ude6c\ud835\ude6f\ud835\ude67\ud835\ude64\ud835\ude68\u0301\ud835\ude63\ud835\ude5e\ud835\ude5a \ud835\ude63\ud835\ude56\ud835\ude6c\ud835\ude5a\ud835\ude69 \ud835\ude69\ud835\ude67\ud835\ude6f\ud835\ude6e\ud835\ude60\ud835\ude67\ud835\ude64\ud835\ude69\ud835\ude63\ud835\ude5e\ud835\ude5a \u2013 \ud835\ude6f \ud835\ude64\ud835\ude60. \ud835\udff0\ud835\udfec\ud835\udfec \ud835\ude59\ud835\ude64 \ud835\ude64\ud835\ude60. \ud835\udfed\ud835\udff1\ud835\udfec\ud835\udfec.<\/p>\n\n\n\n<p><strong><em>Foto: Starosta Arkadiusz WERELICH, Dyrektor Szpitala Piotr GO\u0141ASZEWSKI<\/em><\/strong><\/p>\n\n\n\n<hr class=\"wp-block-separator aligncenter has-alpha-channel-opacity\"\/>\n\n\n<div class=\"wp-block-image\">\n<figure class=\"alignleft size-large is-resized\"><img loading=\"lazy\" decoding=\"async\" width=\"1024\" height=\"1024\" src=\"https:\/\/powiatwwl.pl\/wp-content\/uploads\/2026\/02\/ARKADIUSZ-WERELICH-1024x1024.jpg\" alt=\"\" class=\"wp-image-204\" style=\"width:108px;height:auto\" srcset=\"https:\/\/powiatwwl.pl\/wp-content\/uploads\/2026\/02\/ARKADIUSZ-WERELICH-1024x1024.jpg 1024w, https:\/\/powiatwwl.pl\/wp-content\/uploads\/2026\/02\/ARKADIUSZ-WERELICH-300x300.jpg 300w, https:\/\/powiatwwl.pl\/wp-content\/uploads\/2026\/02\/ARKADIUSZ-WERELICH-150x150.jpg 150w, https:\/\/powiatwwl.pl\/wp-content\/uploads\/2026\/02\/ARKADIUSZ-WERELICH-768x768.jpg 768w, https:\/\/powiatwwl.pl\/wp-content\/uploads\/2026\/02\/ARKADIUSZ-WERELICH-1536x1536.jpg 1536w, https:\/\/powiatwwl.pl\/wp-content\/uploads\/2026\/02\/ARKADIUSZ-WERELICH-80x80.jpg 80w, https:\/\/powiatwwl.pl\/wp-content\/uploads\/2026\/02\/ARKADIUSZ-WERELICH-320x320.jpg 320w, https:\/\/powiatwwl.pl\/wp-content\/uploads\/2026\/02\/ARKADIUSZ-WERELICH.jpg 2048w\" sizes=\"auto, (max-width: 1024px) 100vw, 1024px\" \/><\/figure>\n<\/div>\n\n\n<h2 class=\"wp-block-heading\"><strong><a href=\"https:\/\/www.facebook.com\/starostaWerelich\">Arkadiusz WERELICH<\/a><\/strong><\/h2>\n\n\n\n<hr class=\"wp-block-separator aligncenter has-alpha-channel-opacity\"\/>\n\n\n<div class=\"wp-block-image\">\n<figure class=\"alignleft size-full is-resized\"><img loading=\"lazy\" decoding=\"async\" width=\"986\" height=\"986\" src=\"https:\/\/powiatwwl.pl\/wp-content\/uploads\/2026\/02\/471215420_1097417855172626_438410656441550007_n.jpg\" alt=\"\" class=\"wp-image-306\" style=\"width:105px;height:auto\" srcset=\"https:\/\/powiatwwl.pl\/wp-content\/uploads\/2026\/02\/471215420_1097417855172626_438410656441550007_n.jpg 986w, https:\/\/powiatwwl.pl\/wp-content\/uploads\/2026\/02\/471215420_1097417855172626_438410656441550007_n-300x300.jpg 300w, https:\/\/powiatwwl.pl\/wp-content\/uploads\/2026\/02\/471215420_1097417855172626_438410656441550007_n-150x150.jpg 150w, https:\/\/powiatwwl.pl\/wp-content\/uploads\/2026\/02\/471215420_1097417855172626_438410656441550007_n-768x768.jpg 768w, https:\/\/powiatwwl.pl\/wp-content\/uploads\/2026\/02\/471215420_1097417855172626_438410656441550007_n-80x80.jpg 80w, https:\/\/powiatwwl.pl\/wp-content\/uploads\/2026\/02\/471215420_1097417855172626_438410656441550007_n-320x320.jpg 320w\" sizes=\"auto, (max-width: 986px) 100vw, 986px\" \/><\/figure>\n<\/div>\n\n\n<h2 class=\"wp-block-heading\"><strong><a href=\"https:\/\/www.facebook.com\/szpitalwolomin\">SZPITAL WO\u0141OMIN<\/a><\/strong><\/h2>\n","protected":false},"excerpt":{"rendered":"<p>Rozbudowa Szpital Matki Bo\u017cej Nieustaj\u0105cej Pomocy w Wo\u0142ominie modernizacja budynk\u00f3w A i C,  przebudowa oddzia\u0142\u00f3w \u2013 SOR (Szpitalny Oddzia\u0142 Ratunkowy), blok operacyjny, patomorfologia i OIOM, Zak\u0142ad Diagnostyki Obrazowej, nowe zaplecze techniczne i szatnie, lepsza komunikacja mi\u0119dzy budynkami, inwestycje w sprz\u0119t i infrastruktur\u0119 techniczn\u0105. Koszt inwestycji: ponad 92,7 mln z\u0142 (98% \u2013 90 917 412,63 z\u0142 pochodzi z bud\u017cetu Powiatu Wo\u0142omi\u0144skiego)&#8230;<\/p>\n","protected":false},"author":1,"featured_media":1803,"comment_status":"open","ping_status":"open","sticky":false,"template":"","format":"standard","meta":{"footnotes":""},"categories":[1],"tags":[],"class_list":["post-1801","post","type-post","status-publish","format-standard","has-post-thumbnail","hentry","category-aktualnosci"],"_links":{"self":[{"href":"https:\/\/powiatwwl.pl\/index.php?rest_route=\/wp\/v2\/posts\/1801","targetHints":{"allow":["GET"]}}],"collection":[{"href":"https:\/\/powiatwwl.pl\/index.php?rest_route=\/wp\/v2\/posts"}],"about":[{"href":"https:\/\/powiatwwl.pl\/index.php?rest_route=\/wp\/v2\/types\/post"}],"author":[{"embeddable":true,"href":"https:\/\/powiatwwl.pl\/index.php?rest_route=\/wp\/v2\/users\/1"}],"replies":[{"embeddable":true,"href":"https:\/\/powiatwwl.pl\/index.php?rest_route=%2Fwp%2Fv2%2Fcomments&post=1801"}],"version-history":[{"count":5,"href":"https:\/\/powiatwwl.pl\/index.php?rest_route=\/wp\/v2\/posts\/1801\/revisions"}],"predecessor-version":[{"id":1812,"href":"https:\/\/powiatwwl.pl\/index.php?rest_route=\/wp\/v2\/posts\/1801\/revisions\/1812"}],"wp:featuredmedia":[{"embeddable":true,"href":"https:\/\/powiatwwl.pl\/index.php?rest_route=\/wp\/v2\/media\/1803"}],"wp:attachment":[{"href":"https:\/\/powiatwwl.pl\/index.php?rest_route=%2Fwp%2Fv2%2Fmedia&parent=1801"}],"wp:term":[{"taxonomy":"category","embeddable":true,"href":"https:\/\/powiatwwl.pl\/index.php?rest_route=%2Fwp%2Fv2%2Fcategories&post=1801"},{"taxonomy":"post_tag","embeddable":true,"href":"https:\/\/powiatwwl.pl\/index.php?rest_route=%2Fwp%2Fv2%2Ftags&post=1801"}],"curies":[{"name":"wp","href":"https:\/\/api.w.org\/{rel}","templated":true}]}}