{"id":1813,"date":"2026-03-03T11:50:11","date_gmt":"2026-03-03T10:50:11","guid":{"rendered":"http:\/\/powiatwwl.pl\/?p=1813"},"modified":"2026-03-03T11:50:12","modified_gmt":"2026-03-03T10:50:12","slug":"1-mln-270-tys-zl-lo-w-radzyminie-remontowane","status":"publish","type":"post","link":"https:\/\/powiatwwl.pl\/?p=1813","title":{"rendered":"1 mln 270 tys. z\u0142 &#8211; LO w Radzyminie remontowane"},"content":{"rendered":"<div class=\"wp-block-image\">\n<figure class=\"aligncenter size-large is-resized\"><img loading=\"lazy\" decoding=\"async\" width=\"1024\" height=\"768\" src=\"https:\/\/powiatwwl.pl\/wp-content\/uploads\/2026\/03\/645350085_1474478658015722_481617326452723480_n-1024x768.jpg\" alt=\"\" class=\"wp-image-1814\" style=\"aspect-ratio:1.3333401151553377;width:780px;height:auto\" srcset=\"https:\/\/powiatwwl.pl\/wp-content\/uploads\/2026\/03\/645350085_1474478658015722_481617326452723480_n-1024x768.jpg 1024w, https:\/\/powiatwwl.pl\/wp-content\/uploads\/2026\/03\/645350085_1474478658015722_481617326452723480_n-300x225.jpg 300w, https:\/\/powiatwwl.pl\/wp-content\/uploads\/2026\/03\/645350085_1474478658015722_481617326452723480_n-768x576.jpg 768w, https:\/\/powiatwwl.pl\/wp-content\/uploads\/2026\/03\/645350085_1474478658015722_481617326452723480_n-1536x1152.jpg 1536w, https:\/\/powiatwwl.pl\/wp-content\/uploads\/2026\/03\/645350085_1474478658015722_481617326452723480_n.jpg 2048w\" sizes=\"auto, (max-width: 1024px) 100vw, 1024px\" \/><\/figure>\n<\/div>\n\n\n<p>Remont <a href=\"https:\/\/www.facebook.com\/groups\/478421148939150\/user\/100034999815510\/?__cft__[0]=AZbu0pvjFy1TosQrUl8ow6YexUOwBAK70o0Hvm6y5qEFRPLVadDDvqERPnPvn5ym4_-ThpK9q6LASm1VfveguB8jzeMGnm7ofNgnnpP-shRetxuxEy9KDCvIhTOzAZHMPE5mkV-KkRDvLrZfZRA4iB39nCbSD1TnnCi1XYoB3OdUx6s3CXcpnC_d4SQcNpbvYc636L_lBx5G2_9WKrZb6JbTBy9njQC0Fyyuphu_1A3q2aJQmpkEjEstfJRBSi6PS-0eroPhEJqKkWCH1k5ALVDt&amp;__tn__=-]K-y-R\">Liceum Og\u00f3lnokszta\u0142c\u0105ce w Radzyminie<\/a>. Warto\u015b\u0107 prac: 1,27 mln z\u0142. Zakres remontu obejmuje m.in.: remont cz\u0119\u015bci pomieszcze\u0144, pierwszy etap poprawy wentylacji grawitacyjnej, remont kot\u0142owni, przebudow\u0119 instalacji gazowej i wymian\u0119 kot\u0142\u00f3w gazowych. Obecnie trwaj\u0105 prace napowietrzania pomieszcze\u0144 przyziemia przeciwdzia\u0142aj\u0105ce wilgoci, odrestaurowywanie stolarki drewnianej oraz wykonywanie nowych tynk\u00f3w.<\/p>\n\n\n\n<hr class=\"wp-block-separator aligncenter has-alpha-channel-opacity\"\/>\n\n\n<div class=\"wp-block-image\">\n<figure class=\"alignleft size-large is-resized\"><img loading=\"lazy\" decoding=\"async\" width=\"1024\" height=\"1024\" src=\"https:\/\/powiatwwl.pl\/wp-content\/uploads\/2026\/02\/pw-1024x1024.jpg\" alt=\"\" class=\"wp-image-395\" style=\"width:106px;height:auto\" srcset=\"https:\/\/powiatwwl.pl\/wp-content\/uploads\/2026\/02\/pw-1024x1024.jpg 1024w, https:\/\/powiatwwl.pl\/wp-content\/uploads\/2026\/02\/pw-300x300.jpg 300w, https:\/\/powiatwwl.pl\/wp-content\/uploads\/2026\/02\/pw-150x150.jpg 150w, https:\/\/powiatwwl.pl\/wp-content\/uploads\/2026\/02\/pw-768x768.jpg 768w, https:\/\/powiatwwl.pl\/wp-content\/uploads\/2026\/02\/pw-80x80.jpg 80w, https:\/\/powiatwwl.pl\/wp-content\/uploads\/2026\/02\/pw-320x320.jpg 320w, https:\/\/powiatwwl.pl\/wp-content\/uploads\/2026\/02\/pw.jpg 1280w\" sizes=\"auto, (max-width: 1024px) 100vw, 1024px\" \/><\/figure>\n<\/div>\n\n\n<h2 class=\"wp-block-heading\"><strong><a href=\"https:\/\/www.facebook.com\/Powiat.Wolominski\">POWIAT WO\u0141OMI\u0143SKI<\/a><\/strong><\/h2>\n\n\n\n<p><\/p>\n","protected":false},"excerpt":{"rendered":"<p>Remont Liceum Og\u00f3lnokszta\u0142c\u0105ce w Radzyminie. Warto\u015b\u0107 prac: 1,27 mln z\u0142. Zakres remontu obejmuje m.in.: remont cz\u0119\u015bci pomieszcze\u0144, pierwszy etap poprawy wentylacji grawitacyjnej, remont kot\u0142owni, przebudow\u0119 instalacji gazowej i wymian\u0119 kot\u0142\u00f3w gazowych. Obecnie trwaj\u0105 prace napowietrzania pomieszcze\u0144 przyziemia przeciwdzia\u0142aj\u0105ce wilgoci, odrestaurowywanie stolarki drewnianej oraz wykonywanie nowych tynk\u00f3w&#8230;<\/p>\n","protected":false},"author":1,"featured_media":1815,"comment_status":"open","ping_status":"open","sticky":false,"template":"","format":"standard","meta":{"footnotes":""},"categories":[1],"tags":[],"class_list":["post-1813","post","type-post","status-publish","format-standard","has-post-thumbnail","hentry","category-aktualnosci"],"_links":{"self":[{"href":"https:\/\/powiatwwl.pl\/index.php?rest_route=\/wp\/v2\/posts\/1813","targetHints":{"allow":["GET"]}}],"collection":[{"href":"https:\/\/powiatwwl.pl\/index.php?rest_route=\/wp\/v2\/posts"}],"about":[{"href":"https:\/\/powiatwwl.pl\/index.php?rest_route=\/wp\/v2\/types\/post"}],"author":[{"embeddable":true,"href":"https:\/\/powiatwwl.pl\/index.php?rest_route=\/wp\/v2\/users\/1"}],"replies":[{"embeddable":true,"href":"https:\/\/powiatwwl.pl\/index.php?rest_route=%2Fwp%2Fv2%2Fcomments&post=1813"}],"version-history":[{"count":1,"href":"https:\/\/powiatwwl.pl\/index.php?rest_route=\/wp\/v2\/posts\/1813\/revisions"}],"predecessor-version":[{"id":1816,"href":"https:\/\/powiatwwl.pl\/index.php?rest_route=\/wp\/v2\/posts\/1813\/revisions\/1816"}],"wp:featuredmedia":[{"embeddable":true,"href":"https:\/\/powiatwwl.pl\/index.php?rest_route=\/wp\/v2\/media\/1815"}],"wp:attachment":[{"href":"https:\/\/powiatwwl.pl\/index.php?rest_route=%2Fwp%2Fv2%2Fmedia&parent=1813"}],"wp:term":[{"taxonomy":"category","embeddable":true,"href":"https:\/\/powiatwwl.pl\/index.php?rest_route=%2Fwp%2Fv2%2Fcategories&post=1813"},{"taxonomy":"post_tag","embeddable":true,"href":"https:\/\/powiatwwl.pl\/index.php?rest_route=%2Fwp%2Fv2%2Ftags&post=1813"}],"curies":[{"name":"wp","href":"https:\/\/api.w.org\/{rel}","templated":true}]}}