{"id":1834,"date":"2026-03-04T07:41:46","date_gmt":"2026-03-04T06:41:46","guid":{"rendered":"http:\/\/powiatwwl.pl\/?p=1834"},"modified":"2026-03-04T07:45:51","modified_gmt":"2026-03-04T06:45:51","slug":"dzien-kobiet-w-ossowie-zaprasza-mbw-1920","status":"publish","type":"post","link":"https:\/\/powiatwwl.pl\/?p=1834","title":{"rendered":"Dzie\u0144 Kobiet w OSSOWIE &#8211; Zaprasza MBW 1920"},"content":{"rendered":"<div class=\"wp-block-image\">\n<figure class=\"aligncenter size-full is-resized\"><img loading=\"lazy\" decoding=\"async\" width=\"526\" height=\"789\" src=\"https:\/\/powiatwwl.pl\/wp-content\/uploads\/2026\/03\/645308697_122125390167055632_8446912796136047884_n.jpg\" alt=\"\" class=\"wp-image-1835\" style=\"aspect-ratio:0.6666732681110628;width:400px;height:auto\" srcset=\"https:\/\/powiatwwl.pl\/wp-content\/uploads\/2026\/03\/645308697_122125390167055632_8446912796136047884_n.jpg 526w, https:\/\/powiatwwl.pl\/wp-content\/uploads\/2026\/03\/645308697_122125390167055632_8446912796136047884_n-200x300.jpg 200w\" sizes=\"auto, (max-width: 526px) 100vw, 526px\" \/><\/figure>\n<\/div>\n\n\n<p>Drogie Panie! Ju\u017c w najbli\u017csz\u0105 niedziel\u0119 zapraszamy Was do Muzeum Bitwy Warszawskiej 1920 roku na wyj\u0105tkow\u0105 niespodziank\u0119 z okazji Dnia Kobiet. O godz. 14.00 w holu g\u0142\u00f3wnym zabrzmi sekcja d\u0119ta Kameralnej Orkiestry Lirycznej, kt\u00f3ra przeniesie nas w klimat lat mi\u0119dzywojennych \u2013 pe\u0142nych elegancji marsz\u00f3w i lirycznych melodii. W muzyczn\u0105 opowie\u015b\u0107 wpleciemy kr\u00f3tki pokaz stroj\u00f3w \u017co\u0142nierek z 1920 roku oraz opowie\u015b\u0107 o niezwyk\u0142ej roli, jak\u0105 odegra\u0142a Ochotnicza Liga Kobiet w czasie Bitwy Warszawskiej. Ka\u017cda Pani odwiedzaj\u0105ca Muzeum 8 marca w godz. 13 &#8211; 15 otrzyma od nas drobny upominek. Na koncert, gaw\u0119d\u0119 i pokaz &#8211; wst\u0119p wolny! To b\u0119dzie spotkanie w lekkiej, nieformalnej atmosferze \u2013 z histori\u0105 w tle i muzyk\u0105, kt\u00f3ra buduje klimat epoki. Oss\u00f3w, ul. Matarewicza 188. Zapraszamy serdecznie \u2013 sp\u0119d\u017acie ten dzie\u0144 z nami!<strong> Zapraszamy niedziela, 8 marca godzina 14.00.<\/strong><\/p>\n\n\n\n<hr class=\"wp-block-separator aligncenter has-alpha-channel-opacity\"\/>\n\n\n<div class=\"wp-block-image\">\n<figure class=\"alignleft size-full is-resized\"><img loading=\"lazy\" decoding=\"async\" width=\"984\" height=\"996\" src=\"https:\/\/powiatwwl.pl\/wp-content\/uploads\/2026\/02\/556266872_122093761467055632_2017420217808264624_n.jpg\" alt=\"\" class=\"wp-image-1346\" style=\"aspect-ratio:0.9879516182169022;width:108px;height:auto\" srcset=\"https:\/\/powiatwwl.pl\/wp-content\/uploads\/2026\/02\/556266872_122093761467055632_2017420217808264624_n.jpg 984w, https:\/\/powiatwwl.pl\/wp-content\/uploads\/2026\/02\/556266872_122093761467055632_2017420217808264624_n-296x300.jpg 296w, https:\/\/powiatwwl.pl\/wp-content\/uploads\/2026\/02\/556266872_122093761467055632_2017420217808264624_n-768x777.jpg 768w, https:\/\/powiatwwl.pl\/wp-content\/uploads\/2026\/02\/556266872_122093761467055632_2017420217808264624_n-80x80.jpg 80w\" sizes=\"auto, (max-width: 984px) 100vw, 984px\" \/><\/figure>\n<\/div>\n\n\n<h2 class=\"wp-block-heading\"><strong><a href=\"https:\/\/www.facebook.com\/MuzeumBW1920\">MUZEUM BITWY WARSZAWSKIEJ 1920<\/a><\/strong><\/h2>\n","protected":false},"excerpt":{"rendered":"<p>Drogie Panie! Ju\u017c w najbli\u017csz\u0105 niedziel\u0119 zapraszamy Was do Muzeum Bitwy Warszawskiej 1920 roku na wyj\u0105tkow\u0105 niespodziank\u0119 z okazji Dnia Kobiet. O godz. 14.00 w holu g\u0142\u00f3wnym zabrzmi sekcja d\u0119ta Kameralnej Orkiestry Lirycznej, kt\u00f3ra przeniesie nas w klimat lat mi\u0119dzywojennych \u2013 pe\u0142nych elegancji marsz\u00f3w i lirycznych melodii. W muzyczn\u0105 opowie\u015b\u0107 wpleciemy kr\u00f3tki pokaz stroj\u00f3w \u017co\u0142nierek z 1920 roku oraz opowie\u015b\u0107 o niezwyk\u0142ej roli, jak\u0105 odegra\u0142a Ochotnicza Liga Kobiet w czasie Bitwy Warszawskiej&#8230;<\/p>\n","protected":false},"author":1,"featured_media":1835,"comment_status":"open","ping_status":"open","sticky":false,"template":"","format":"standard","meta":{"footnotes":""},"categories":[1],"tags":[],"class_list":["post-1834","post","type-post","status-publish","format-standard","has-post-thumbnail","hentry","category-aktualnosci"],"_links":{"self":[{"href":"https:\/\/powiatwwl.pl\/index.php?rest_route=\/wp\/v2\/posts\/1834","targetHints":{"allow":["GET"]}}],"collection":[{"href":"https:\/\/powiatwwl.pl\/index.php?rest_route=\/wp\/v2\/posts"}],"about":[{"href":"https:\/\/powiatwwl.pl\/index.php?rest_route=\/wp\/v2\/types\/post"}],"author":[{"embeddable":true,"href":"https:\/\/powiatwwl.pl\/index.php?rest_route=\/wp\/v2\/users\/1"}],"replies":[{"embeddable":true,"href":"https:\/\/powiatwwl.pl\/index.php?rest_route=%2Fwp%2Fv2%2Fcomments&post=1834"}],"version-history":[{"count":4,"href":"https:\/\/powiatwwl.pl\/index.php?rest_route=\/wp\/v2\/posts\/1834\/revisions"}],"predecessor-version":[{"id":1839,"href":"https:\/\/powiatwwl.pl\/index.php?rest_route=\/wp\/v2\/posts\/1834\/revisions\/1839"}],"wp:featuredmedia":[{"embeddable":true,"href":"https:\/\/powiatwwl.pl\/index.php?rest_route=\/wp\/v2\/media\/1835"}],"wp:attachment":[{"href":"https:\/\/powiatwwl.pl\/index.php?rest_route=%2Fwp%2Fv2%2Fmedia&parent=1834"}],"wp:term":[{"taxonomy":"category","embeddable":true,"href":"https:\/\/powiatwwl.pl\/index.php?rest_route=%2Fwp%2Fv2%2Fcategories&post=1834"},{"taxonomy":"post_tag","embeddable":true,"href":"https:\/\/powiatwwl.pl\/index.php?rest_route=%2Fwp%2Fv2%2Ftags&post=1834"}],"curies":[{"name":"wp","href":"https:\/\/api.w.org\/{rel}","templated":true}]}}