{"id":1861,"date":"2026-03-04T12:52:56","date_gmt":"2026-03-04T11:52:56","guid":{"rendered":"http:\/\/powiatwwl.pl\/?p=1861"},"modified":"2026-03-04T12:54:29","modified_gmt":"2026-03-04T11:54:29","slug":"legia-warszawa-w-markach","status":"publish","type":"post","link":"https:\/\/powiatwwl.pl\/?p=1861","title":{"rendered":"Legia Warszawa w Markach"},"content":{"rendered":"<div class=\"wp-block-image\">\n<figure class=\"aligncenter size-full\"><img loading=\"lazy\" decoding=\"async\" width=\"515\" height=\"720\" src=\"https:\/\/powiatwwl.pl\/wp-content\/uploads\/2026\/03\/646243400_1582277670109552_7410583984236165275_n.jpg\" alt=\"\" class=\"wp-image-1862\" srcset=\"https:\/\/powiatwwl.pl\/wp-content\/uploads\/2026\/03\/646243400_1582277670109552_7410583984236165275_n.jpg 515w, https:\/\/powiatwwl.pl\/wp-content\/uploads\/2026\/03\/646243400_1582277670109552_7410583984236165275_n-215x300.jpg 215w\" sizes=\"auto, (max-width: 515px) 100vw, 515px\" \/><\/figure>\n<\/div>\n\n\n<p>Legia Warszawa przyje\u017cd\u017ca do Marek .W poniedzia\u0142ek 9 marca b\u0119dziemy go\u015bci\u0107 sto\u0142eczny zesp\u00f3\u0142 w <a href=\"https:\/\/www.facebook.com\/MCERMarki?__cft__[0]=AZZ--jizeiWLzYLypWDwUy-sc9QmmaAlxTyBp_n1wazynbf0qAE0PPVJBdAD68UmtSUqEmijkmLBZoSbuphLkowWtcLxma7f_PN_xgVNkNUnsBOf2BHQwLfBdKaDm1HMZu2mMRPDTdsEN36blPceN0FqH5FN1dCATDXJqUH_fHgnYXblobrBKNAoSyjz1R0XDEw_doMlLJA14y-A9k_5uApgYlCIHdivH_syoxRwEHIvWQ&amp;__tn__=-]K-y-R\">MCER &#8211; Mareckie Centrum Edukacyjno-Rekreacyjne<\/a>. Tego dnia mareccy badmintoni\u015bci z <a href=\"https:\/\/www.facebook.com\/wwlbadmintonmarcoviamarki?__cft__[0]=AZZ--jizeiWLzYLypWDwUy-sc9QmmaAlxTyBp_n1wazynbf0qAE0PPVJBdAD68UmtSUqEmijkmLBZoSbuphLkowWtcLxma7f_PN_xgVNkNUnsBOf2BHQwLfBdKaDm1HMZu2mMRPDTdsEN36blPceN0FqH5FN1dCATDXJqUH_fHgnYXblobrBKNAoSyjz1R0XDEw_doMlLJA14y-A9k_5uApgYlCIHdivH_syoxRwEHIvWQ&amp;__tn__=-]K-y-R\">WWL Badminton Marcovia Marki<\/a> zmierz\u0105 si\u0119 z aktualnym Mistrzem Polski. Serdecznie zapraszamy kibic\u00f3w \u2013 tak\u017ce tych, kt\u00f3rzy nie mieli jeszcze okazji kibicowa\u0107 zawodnikom tej pi\u0119knej dyscypliny. Pocz\u0105tek spotkania \u2013 o godz. 18.00. Wst\u0119p wolny!. Dru\u017cyna z Marek kroczy od zwyci\u0119stwa do zwyci\u0119stwa. Rozegra\u0142a cztery mecze. Zwyci\u0119\u017cy\u0142a z: Uni\u0105 Bieru\u0144, Hubalem Bia\u0142ystok, OSSM-SMS Bia\u0142ystok oraz Badminton Kobierzyce. Obecnie w tabeli Ekstraligi Badmintona zajmuj\u0119 trzeci\u0105 lokat\u0119, maj\u0105c na koncie 11 punkt\u00f3w.<\/p>\n\n\n\n<hr class=\"wp-block-separator aligncenter has-alpha-channel-opacity\"\/>\n\n\n<div class=\"wp-block-image\">\n<figure class=\"alignleft size-large is-resized\"><img loading=\"lazy\" decoding=\"async\" width=\"1024\" height=\"1024\" src=\"https:\/\/powiatwwl.pl\/wp-content\/uploads\/2026\/02\/379366235_6801068059954916_2100159226784633748_n-1024x1024.jpg\" alt=\"\" class=\"wp-image-1150\" style=\"width:107px;height:auto\" srcset=\"https:\/\/powiatwwl.pl\/wp-content\/uploads\/2026\/02\/379366235_6801068059954916_2100159226784633748_n-1024x1024.jpg 1024w, https:\/\/powiatwwl.pl\/wp-content\/uploads\/2026\/02\/379366235_6801068059954916_2100159226784633748_n-300x300.jpg 300w, https:\/\/powiatwwl.pl\/wp-content\/uploads\/2026\/02\/379366235_6801068059954916_2100159226784633748_n-150x150.jpg 150w, https:\/\/powiatwwl.pl\/wp-content\/uploads\/2026\/02\/379366235_6801068059954916_2100159226784633748_n-768x768.jpg 768w, https:\/\/powiatwwl.pl\/wp-content\/uploads\/2026\/02\/379366235_6801068059954916_2100159226784633748_n-1536x1536.jpg 1536w, https:\/\/powiatwwl.pl\/wp-content\/uploads\/2026\/02\/379366235_6801068059954916_2100159226784633748_n-80x80.jpg 80w, https:\/\/powiatwwl.pl\/wp-content\/uploads\/2026\/02\/379366235_6801068059954916_2100159226784633748_n-320x320.jpg 320w, https:\/\/powiatwwl.pl\/wp-content\/uploads\/2026\/02\/379366235_6801068059954916_2100159226784633748_n.jpg 2048w\" sizes=\"auto, (max-width: 1024px) 100vw, 1024px\" \/><\/figure>\n<\/div>\n\n\n<h2 class=\"wp-block-heading\"><strong><a href=\"https:\/\/www.facebook.com\/wwlbadmintonmarcoviamarki\">WWL BADMINTON MARCOVIA MARKI<\/a><\/strong><\/h2>\n\n\n\n<p><\/p>\n","protected":false},"excerpt":{"rendered":"<p>Legia Warszawa przyje\u017cd\u017ca do Marek . W poniedzia\u0142ek 9 marca b\u0119dziemy go\u015bci\u0107 sto\u0142eczny zesp\u00f3\u0142 w MCER &#8211; Mareckie Centrum Edukacyjno-Rekreacyjne. Tego dnia mareccy badmintoni\u015bci z WWL Badminton Marcovia Marki zmierz\u0105 si\u0119 z aktualnym Mistrzem Polski. Serdecznie zapraszamy kibic\u00f3w \u2013 tak\u017ce tych, kt\u00f3rzy nie mieli jeszcze okazji kibicowa\u0107 zawodnikom tej pi\u0119knej dyscypliny. Pocz\u0105tek spotkania \u2013 o godz. 18.00. Wst\u0119p wolny!&#8230;<\/p>\n","protected":false},"author":1,"featured_media":1862,"comment_status":"open","ping_status":"open","sticky":false,"template":"","format":"standard","meta":{"footnotes":""},"categories":[1],"tags":[],"class_list":["post-1861","post","type-post","status-publish","format-standard","has-post-thumbnail","hentry","category-aktualnosci"],"_links":{"self":[{"href":"https:\/\/powiatwwl.pl\/index.php?rest_route=\/wp\/v2\/posts\/1861","targetHints":{"allow":["GET"]}}],"collection":[{"href":"https:\/\/powiatwwl.pl\/index.php?rest_route=\/wp\/v2\/posts"}],"about":[{"href":"https:\/\/powiatwwl.pl\/index.php?rest_route=\/wp\/v2\/types\/post"}],"author":[{"embeddable":true,"href":"https:\/\/powiatwwl.pl\/index.php?rest_route=\/wp\/v2\/users\/1"}],"replies":[{"embeddable":true,"href":"https:\/\/powiatwwl.pl\/index.php?rest_route=%2Fwp%2Fv2%2Fcomments&post=1861"}],"version-history":[{"count":3,"href":"https:\/\/powiatwwl.pl\/index.php?rest_route=\/wp\/v2\/posts\/1861\/revisions"}],"predecessor-version":[{"id":1865,"href":"https:\/\/powiatwwl.pl\/index.php?rest_route=\/wp\/v2\/posts\/1861\/revisions\/1865"}],"wp:featuredmedia":[{"embeddable":true,"href":"https:\/\/powiatwwl.pl\/index.php?rest_route=\/wp\/v2\/media\/1862"}],"wp:attachment":[{"href":"https:\/\/powiatwwl.pl\/index.php?rest_route=%2Fwp%2Fv2%2Fmedia&parent=1861"}],"wp:term":[{"taxonomy":"category","embeddable":true,"href":"https:\/\/powiatwwl.pl\/index.php?rest_route=%2Fwp%2Fv2%2Fcategories&post=1861"},{"taxonomy":"post_tag","embeddable":true,"href":"https:\/\/powiatwwl.pl\/index.php?rest_route=%2Fwp%2Fv2%2Ftags&post=1861"}],"curies":[{"name":"wp","href":"https:\/\/api.w.org\/{rel}","templated":true}]}}