{"id":1871,"date":"2026-03-05T08:52:04","date_gmt":"2026-03-05T07:52:04","guid":{"rendered":"http:\/\/powiatwwl.pl\/?p=1871"},"modified":"2026-03-05T08:56:22","modified_gmt":"2026-03-05T07:56:22","slug":"956-cudow-w-roku-2025-video","status":"publish","type":"post","link":"https:\/\/powiatwwl.pl\/?p=1871","title":{"rendered":"956 cud\u00f3w w roku 2025 \/VIDEO\/"},"content":{"rendered":"<div class=\"wp-block-image\">\n<figure class=\"aligncenter size-large is-resized\"><img loading=\"lazy\" decoding=\"async\" width=\"1024\" height=\"647\" src=\"https:\/\/powiatwwl.pl\/wp-content\/uploads\/2026\/03\/Nowe-becikowe-Panstwo-da-12-tys.-zl-na-kazdego-noworodka-1024x647.jpg\" alt=\"\" class=\"wp-image-1872\" style=\"aspect-ratio:1.582612727483482;width:605px;height:auto\" srcset=\"https:\/\/powiatwwl.pl\/wp-content\/uploads\/2026\/03\/Nowe-becikowe-Panstwo-da-12-tys.-zl-na-kazdego-noworodka-1024x647.jpg 1024w, https:\/\/powiatwwl.pl\/wp-content\/uploads\/2026\/03\/Nowe-becikowe-Panstwo-da-12-tys.-zl-na-kazdego-noworodka-300x190.jpg 300w, https:\/\/powiatwwl.pl\/wp-content\/uploads\/2026\/03\/Nowe-becikowe-Panstwo-da-12-tys.-zl-na-kazdego-noworodka-768x485.jpg 768w, https:\/\/powiatwwl.pl\/wp-content\/uploads\/2026\/03\/Nowe-becikowe-Panstwo-da-12-tys.-zl-na-kazdego-noworodka-1536x971.jpg 1536w, https:\/\/powiatwwl.pl\/wp-content\/uploads\/2026\/03\/Nowe-becikowe-Panstwo-da-12-tys.-zl-na-kazdego-noworodka.jpg 1600w\" sizes=\"auto, (max-width: 1024px) 100vw, 1024px\" \/><\/figure>\n<\/div>\n\n\n<p>W Polsce trwa bezprecedensowy kryzys demograficzny.&nbsp;W 2024 roku liczba urodze\u0144 spad\u0142a do ok. 252 tys. (najmniej po 1945 r.), a dane z 2025 r. wskazuj\u0105 na dalszy spadek (poni\u017cej 240 tys.). Wsp\u00f3\u0142czynnik dzietno\u015bci wynosi ok. 1,1, podczas gdy do stabilnej zast\u0119powalno\u015bci pokole\u0144 potrzeba 2,1. Utrzymuje si\u0119 ujemny przyrost naturalny, a spo\u0142ecze\u0144stwo szybko si\u0119 starzeje.&nbsp;Liczba urodze\u0144 spada z roku na rok (w 2023 by\u0142o to 272,5 tys., a w 2024 ok. 252 tys.). Dane za 2025 rok potwierdzaj\u0105 pog\u0142\u0119biaj\u0105cy si\u0119 kryzys demograficzny w Polsce:&nbsp;liczba urodze\u0144 spad\u0142a do ok. 238 tys., co jest najni\u017cszym wynikiem od czas\u00f3w II wojny \u015bwiatowej. To spadek o ponad 5% w por\u00f3wnaniu z 2024 rokiem, prowadz\u0105cy do szybkiego starzenia si\u0119 spo\u0142ecze\u0144stwa, wyludnienia oraz rosn\u0105cej luki pokoleniowej.<\/p>\n\n\n\n<p>W naszym szpitalu wo\u0142omi\u0144skim ta tendencja si\u0119 potwierdza. W roku 2024 urodzi\u0142o si\u0119 <strong>1013 dzieci &#8222;cud\u00f3w&#8221;<\/strong>, a w 2025roku &#8211;<strong> 956 &#8222;cud\u00f3w&#8221;<\/strong>. Pomimo tendencji spadkowej ilo\u015b\u0107 nowo narodzonych dzieci w ubieg\u0142ym roku jest sukcesem w skali krajowej, gdzie obecnie w wielu miejscach kraju szpitale powiatowe zamykaj\u0105 oddzia\u0142y po\u0142o\u017cnicze ze wzgl\u0119du na drastyczny brak urodze\u0144. Starostwo Powiatowe wita z wielka rado\u015bci\u0105 ka\u017cdego nowego obywatela Powiatu Wo\u0142omi\u0144skiego, kt\u00f3ry w\u015br\u00f3d prezentowej wyprawki otrzymuje nowego bodziak od starosty.   <\/p>\n\n\n\n<hr class=\"wp-block-separator aligncenter has-alpha-channel-opacity\"\/>\n\n\n<div class=\"wp-block-image\">\n<figure class=\"alignleft size-full is-resized\"><img loading=\"lazy\" decoding=\"async\" width=\"688\" height=\"688\" src=\"https:\/\/powiatwwl.pl\/wp-content\/uploads\/2026\/02\/Colorful-Live-News-Free-Logo.jpg\" alt=\"\" class=\"wp-image-371\" style=\"width:107px;height:auto\" srcset=\"https:\/\/powiatwwl.pl\/wp-content\/uploads\/2026\/02\/Colorful-Live-News-Free-Logo.jpg 688w, https:\/\/powiatwwl.pl\/wp-content\/uploads\/2026\/02\/Colorful-Live-News-Free-Logo-300x300.jpg 300w, https:\/\/powiatwwl.pl\/wp-content\/uploads\/2026\/02\/Colorful-Live-News-Free-Logo-150x150.jpg 150w, https:\/\/powiatwwl.pl\/wp-content\/uploads\/2026\/02\/Colorful-Live-News-Free-Logo-80x80.jpg 80w, https:\/\/powiatwwl.pl\/wp-content\/uploads\/2026\/02\/Colorful-Live-News-Free-Logo-320x320.jpg 320w\" sizes=\"auto, (max-width: 688px) 100vw, 688px\" \/><\/figure>\n<\/div>\n\n\n<h2 class=\"wp-block-heading\"><strong><a href=\"https:\/\/www.facebook.com\/reel\/912649341352739\">ROLKA VIDEO<\/a><\/strong><\/h2>\n\n\n\n<hr class=\"wp-block-separator aligncenter has-alpha-channel-opacity\"\/>\n\n\n<div class=\"wp-block-image\">\n<figure class=\"alignleft size-large is-resized\"><img loading=\"lazy\" decoding=\"async\" width=\"1024\" height=\"1024\" src=\"https:\/\/powiatwwl.pl\/wp-content\/uploads\/2026\/03\/PW-logo12-Zdjecie-profilowe-na-Facebooka-1-1-1024x1024.jpg\" alt=\"\" class=\"wp-image-1847\" style=\"width:111px;height:auto\" srcset=\"https:\/\/powiatwwl.pl\/wp-content\/uploads\/2026\/03\/PW-logo12-Zdjecie-profilowe-na-Facebooka-1-1-1024x1024.jpg 1024w, https:\/\/powiatwwl.pl\/wp-content\/uploads\/2026\/03\/PW-logo12-Zdjecie-profilowe-na-Facebooka-1-1-300x300.jpg 300w, https:\/\/powiatwwl.pl\/wp-content\/uploads\/2026\/03\/PW-logo12-Zdjecie-profilowe-na-Facebooka-1-1-150x150.jpg 150w, https:\/\/powiatwwl.pl\/wp-content\/uploads\/2026\/03\/PW-logo12-Zdjecie-profilowe-na-Facebooka-1-1-768x768.jpg 768w, https:\/\/powiatwwl.pl\/wp-content\/uploads\/2026\/03\/PW-logo12-Zdjecie-profilowe-na-Facebooka-1-1-1536x1536.jpg 1536w, https:\/\/powiatwwl.pl\/wp-content\/uploads\/2026\/03\/PW-logo12-Zdjecie-profilowe-na-Facebooka-1-1-80x80.jpg 80w, https:\/\/powiatwwl.pl\/wp-content\/uploads\/2026\/03\/PW-logo12-Zdjecie-profilowe-na-Facebooka-1-1-320x320.jpg 320w, https:\/\/powiatwwl.pl\/wp-content\/uploads\/2026\/03\/PW-logo12-Zdjecie-profilowe-na-Facebooka-1-1.jpg 2048w\" sizes=\"auto, (max-width: 1024px) 100vw, 1024px\" \/><\/figure>\n<\/div>\n\n\n<h2 class=\"wp-block-heading\"><strong><a href=\"https:\/\/www.facebook.com\/starostaWerelich\">Arkadiusz WERELICH<\/a><\/strong><\/h2>\n\n\n\n<p><\/p>\n","protected":false},"excerpt":{"rendered":"<p>W Polsce trwa bezprecedensowy kryzys demograficzny.\u00a0W 2024 roku liczba urodze\u0144 spad\u0142a do ok. 252 tys. (najmniej po 1945 r.), a dane z 2025 r. wskazuj\u0105 na dalszy spadek (poni\u017cej 240 tys.). Wsp\u00f3\u0142czynnik dzietno\u015bci wynosi ok. 1,1, podczas gdy do stabilnej zast\u0119powalno\u015bci pokole\u0144 potrzeba 2,1. Utrzymuje si\u0119 ujemny przyrost naturalny, a spo\u0142ecze\u0144stwo szybko si\u0119 starzeje.\u00a0Liczba urodze\u0144 spada z roku na rok (w 2023 by\u0142o to 272,5 tys., a w 2024 ok. 252 tys.)&#8230;<\/p>\n","protected":false},"author":1,"featured_media":1873,"comment_status":"open","ping_status":"open","sticky":false,"template":"","format":"standard","meta":{"footnotes":""},"categories":[1],"tags":[],"class_list":["post-1871","post","type-post","status-publish","format-standard","has-post-thumbnail","hentry","category-aktualnosci"],"_links":{"self":[{"href":"https:\/\/powiatwwl.pl\/index.php?rest_route=\/wp\/v2\/posts\/1871","targetHints":{"allow":["GET"]}}],"collection":[{"href":"https:\/\/powiatwwl.pl\/index.php?rest_route=\/wp\/v2\/posts"}],"about":[{"href":"https:\/\/powiatwwl.pl\/index.php?rest_route=\/wp\/v2\/types\/post"}],"author":[{"embeddable":true,"href":"https:\/\/powiatwwl.pl\/index.php?rest_route=\/wp\/v2\/users\/1"}],"replies":[{"embeddable":true,"href":"https:\/\/powiatwwl.pl\/index.php?rest_route=%2Fwp%2Fv2%2Fcomments&post=1871"}],"version-history":[{"count":2,"href":"https:\/\/powiatwwl.pl\/index.php?rest_route=\/wp\/v2\/posts\/1871\/revisions"}],"predecessor-version":[{"id":1876,"href":"https:\/\/powiatwwl.pl\/index.php?rest_route=\/wp\/v2\/posts\/1871\/revisions\/1876"}],"wp:featuredmedia":[{"embeddable":true,"href":"https:\/\/powiatwwl.pl\/index.php?rest_route=\/wp\/v2\/media\/1873"}],"wp:attachment":[{"href":"https:\/\/powiatwwl.pl\/index.php?rest_route=%2Fwp%2Fv2%2Fmedia&parent=1871"}],"wp:term":[{"taxonomy":"category","embeddable":true,"href":"https:\/\/powiatwwl.pl\/index.php?rest_route=%2Fwp%2Fv2%2Fcategories&post=1871"},{"taxonomy":"post_tag","embeddable":true,"href":"https:\/\/powiatwwl.pl\/index.php?rest_route=%2Fwp%2Fv2%2Ftags&post=1871"}],"curies":[{"name":"wp","href":"https:\/\/api.w.org\/{rel}","templated":true}]}}