{"id":1877,"date":"2026-03-05T10:11:51","date_gmt":"2026-03-05T09:11:51","guid":{"rendered":"http:\/\/powiatwwl.pl\/?p=1877"},"modified":"2026-03-05T10:15:13","modified_gmt":"2026-03-05T09:15:13","slug":"trudna-wyprawa-do-sieradza-wicelidera","status":"publish","type":"post","link":"https:\/\/powiatwwl.pl\/?p=1877","title":{"rendered":"Trudna wyprawa do wicelidera z Sieradza."},"content":{"rendered":"<div class=\"wp-block-image\">\n<figure class=\"aligncenter size-full\"><img loading=\"lazy\" decoding=\"async\" width=\"512\" height=\"640\" src=\"https:\/\/powiatwwl.pl\/wp-content\/uploads\/2026\/03\/646603097_1367587955170287_5958772288404462958_n.jpg\" alt=\"\" class=\"wp-image-1878\" srcset=\"https:\/\/powiatwwl.pl\/wp-content\/uploads\/2026\/03\/646603097_1367587955170287_5958772288404462958_n.jpg 512w, https:\/\/powiatwwl.pl\/wp-content\/uploads\/2026\/03\/646603097_1367587955170287_5958772288404462958_n-240x300.jpg 240w\" sizes=\"auto, (max-width: 512px) 100vw, 512px\" \/><\/figure>\n<\/div>\n\n\n<p>III liga. W najbli\u017csza sobot\u0119 MKS Z\u0104BKOVIA Z\u0105bki rozegra spotkanie wyjazdowe z WART\u0104 Sieradz. Dru\u017cyna z Sieradza w chwili obecnej zajmuje pozycje wicelidera. Zesp\u00f3\u0142 z Z\u0105bek w poprzedniej kolejce po ci\u0119\u017ckim spotkaniu przegra\u0142 1: 3 z OLIMPI\u0104 Elbl\u0105g. Faworytem spotkania s\u0105 gospodarze, ale my liczymy na niespodziank\u0119. Jedno jest pewne b\u0119dzie to bardzo trudna wyprawa do wicelidera III Ligi.<\/p>\n\n\n\n<hr class=\"wp-block-separator aligncenter has-alpha-channel-opacity\"\/>\n\n\n<div class=\"wp-block-image\">\n<figure class=\"alignleft size-full is-resized\"><img loading=\"lazy\" decoding=\"async\" width=\"500\" height=\"500\" src=\"https:\/\/powiatwwl.pl\/wp-content\/uploads\/2026\/02\/zabkovia-herb.png\" alt=\"\" class=\"wp-image-926\" style=\"width:109px;height:auto\" srcset=\"https:\/\/powiatwwl.pl\/wp-content\/uploads\/2026\/02\/zabkovia-herb.png 500w, https:\/\/powiatwwl.pl\/wp-content\/uploads\/2026\/02\/zabkovia-herb-300x300.png 300w, https:\/\/powiatwwl.pl\/wp-content\/uploads\/2026\/02\/zabkovia-herb-150x150.png 150w, https:\/\/powiatwwl.pl\/wp-content\/uploads\/2026\/02\/zabkovia-herb-80x80.png 80w, https:\/\/powiatwwl.pl\/wp-content\/uploads\/2026\/02\/zabkovia-herb-320x320.png 320w\" sizes=\"auto, (max-width: 500px) 100vw, 500px\" \/><\/figure>\n<\/div>\n\n\n<h2 class=\"wp-block-heading\"><strong><a href=\"https:\/\/www.facebook.com\/zabkovia1927\">Z\u0104BKOVIA Z\u0104BKI<\/a><\/strong><\/h2>\n\n\n\n<p><\/p>\n","protected":false},"excerpt":{"rendered":"<p>III liga. W najbli\u017csza sobot\u0119 MKS Z\u0104BKOVIA Z\u0105bki rozegra spotkanie wyjazdowe z WART\u0104 Sieradz. Dru\u017cyna z Sieradza w chwili obecnej zajmuje pozycje wicelidera. Zesp\u00f3\u0142 z Z\u0105bek w poprzedniej kolejce po ci\u0119\u017ckim spotkaniu przegra\u0142 1: 3 z OLIMPI\u0104 Elbl\u0105g. Faworytem spotkania s\u0105 gospodarze, ale my liczymy na niespodziank\u0119. Jedno jest pewne b\u0119dzie to bardzo trudna wyprawa do wicelidera III Ligi.<\/p>\n","protected":false},"author":1,"featured_media":1878,"comment_status":"open","ping_status":"open","sticky":false,"template":"","format":"standard","meta":{"footnotes":""},"categories":[1],"tags":[],"class_list":["post-1877","post","type-post","status-publish","format-standard","has-post-thumbnail","hentry","category-aktualnosci"],"_links":{"self":[{"href":"https:\/\/powiatwwl.pl\/index.php?rest_route=\/wp\/v2\/posts\/1877","targetHints":{"allow":["GET"]}}],"collection":[{"href":"https:\/\/powiatwwl.pl\/index.php?rest_route=\/wp\/v2\/posts"}],"about":[{"href":"https:\/\/powiatwwl.pl\/index.php?rest_route=\/wp\/v2\/types\/post"}],"author":[{"embeddable":true,"href":"https:\/\/powiatwwl.pl\/index.php?rest_route=\/wp\/v2\/users\/1"}],"replies":[{"embeddable":true,"href":"https:\/\/powiatwwl.pl\/index.php?rest_route=%2Fwp%2Fv2%2Fcomments&post=1877"}],"version-history":[{"count":2,"href":"https:\/\/powiatwwl.pl\/index.php?rest_route=\/wp\/v2\/posts\/1877\/revisions"}],"predecessor-version":[{"id":1880,"href":"https:\/\/powiatwwl.pl\/index.php?rest_route=\/wp\/v2\/posts\/1877\/revisions\/1880"}],"wp:featuredmedia":[{"embeddable":true,"href":"https:\/\/powiatwwl.pl\/index.php?rest_route=\/wp\/v2\/media\/1878"}],"wp:attachment":[{"href":"https:\/\/powiatwwl.pl\/index.php?rest_route=%2Fwp%2Fv2%2Fmedia&parent=1877"}],"wp:term":[{"taxonomy":"category","embeddable":true,"href":"https:\/\/powiatwwl.pl\/index.php?rest_route=%2Fwp%2Fv2%2Fcategories&post=1877"},{"taxonomy":"post_tag","embeddable":true,"href":"https:\/\/powiatwwl.pl\/index.php?rest_route=%2Fwp%2Fv2%2Ftags&post=1877"}],"curies":[{"name":"wp","href":"https:\/\/api.w.org\/{rel}","templated":true}]}}