{"id":1884,"date":"2026-03-05T19:24:51","date_gmt":"2026-03-05T18:24:51","guid":{"rendered":"http:\/\/powiatwwl.pl\/?p=1884"},"modified":"2026-03-05T19:24:53","modified_gmt":"2026-03-05T18:24:53","slug":"6-mln-zl-powiat-4-mln-zl-marki-4-mln-zl-ue","status":"publish","type":"post","link":"https:\/\/powiatwwl.pl\/?p=1884","title":{"rendered":"6 mln z\u0142 &#8211; Powiat, 4 mln z\u0142 &#8211; Marki, 4 mln z\u0142 &#8211; UE."},"content":{"rendered":"<div class=\"wp-block-image\">\n<figure class=\"aligncenter size-large is-resized\"><img loading=\"lazy\" decoding=\"async\" width=\"1024\" height=\"576\" src=\"https:\/\/powiatwwl.pl\/wp-content\/uploads\/2026\/03\/648297507_1476289731167948_6801872101958019956_n-1024x576.jpg\" alt=\"\" class=\"wp-image-1885\" style=\"width:879px;height:auto\" srcset=\"https:\/\/powiatwwl.pl\/wp-content\/uploads\/2026\/03\/648297507_1476289731167948_6801872101958019956_n-1024x576.jpg 1024w, https:\/\/powiatwwl.pl\/wp-content\/uploads\/2026\/03\/648297507_1476289731167948_6801872101958019956_n-300x169.jpg 300w, https:\/\/powiatwwl.pl\/wp-content\/uploads\/2026\/03\/648297507_1476289731167948_6801872101958019956_n-768x432.jpg 768w, https:\/\/powiatwwl.pl\/wp-content\/uploads\/2026\/03\/648297507_1476289731167948_6801872101958019956_n.jpg 1280w\" sizes=\"auto, (max-width: 1024px) 100vw, 1024px\" \/><\/figure>\n<\/div>\n\n\n<p>\ud835\udfd4 \ud835\udfce\ud835\udfce\ud835\udfce \ud835\udfce\ud835\udfce\ud835\udfce \ud835\udc33\u0142 \ud835\udc1d\ud835\udc25\ud835\udc1a \ud835\udc0c\ud835\udc1a\ud835\udc2b\ud835\udc1e\ud835\udc24 \ud835\udc27\ud835\udc1a \ud835\udc2b\ud835\udc28\ud835\udc33\ud835\udc1b\ud835\udc2e\ud835\udc1d\ud835\udc28\ud835\udc30\ud835\udc1e\u0328 \ud835\udc1a\ud835\udc25. \ud835\udc0f\ud835\udc22\u0142\ud835\udc2c\ud835\udc2e\ud835\udc1d\ud835\udc2c\ud835\udc24\ud835\udc22\ud835\udc1e\ud835\udc20\ud835\udc28! Odcinek od trasy S8 do Warszawy do ko\u0144ca 2027 roku. To moment, na kt\u00f3ry wielu mieszka\u0144c\u00f3w czeka\u0142o od dawna. Podpisali\u015bmy porozumienie mi\u0119dzy <a href=\"https:\/\/www.facebook.com\/Powiat.Wolominski?__cft__[0]=AZZvd4T_cRWI3Ln5MlD-yuCA9sXG620MZaNNljI3wvYj49hmq4uwUL45bk-821ekyxzME-mU64SfJEa09dQWCGiydbdaNuEl2ZS9cwhKyHEjReO2yX7KKcYd_3tHlka2z4K4vO90RI6UsMd1Dapyn-v4duUr8jext8RUsk6H-DBjby5KmNINWMTiWNIyIiOuOam2_NJpvL83IwYO-bq5VdZB&amp;__tn__=-]K-R\">Powiat Wo\u0142omi\u0144ski<\/a> a <a href=\"https:\/\/www.facebook.com\/markiwlaczsie?__cft__[0]=AZZvd4T_cRWI3Ln5MlD-yuCA9sXG620MZaNNljI3wvYj49hmq4uwUL45bk-821ekyxzME-mU64SfJEa09dQWCGiydbdaNuEl2ZS9cwhKyHEjReO2yX7KKcYd_3tHlka2z4K4vO90RI6UsMd1Dapyn-v4duUr8jext8RUsk6H-DBjby5KmNINWMTiWNIyIiOuOam2_NJpvL83IwYO-bq5VdZB&amp;__tn__=-]K-R\">Miasto Marki<\/a>, dzi\u0119ki kt\u00f3remu \ud835\udfd4 \ud835\udc26\ud835\udc25\ud835\udc27 \ud835\udc33\u0142 z bud\u017cetu powiatu trafi do Marek na rozbudow\u0119 al. Marsza\u0142ka J\u00f3zefa Pi\u0142sudskiego na odcinku od trasy S8 do skrzy\u017cowania z ul. Szpitaln\u0105 wraz z przebudow\u0105 skrzy\u017cowania. Kluczowym elementem inwestycji b\u0119dzie otwarcie skrzy\u017cowania z ul. Szpitaln\u0105. Dzi\u0119ki temu mo\u017cliwy b\u0119dzie skr\u0119t w lewo <img loading=\"lazy\" decoding=\"async\" height=\"16\" width=\"16\" src=\"https:\/\/static.xx.fbcdn.net\/images\/emoji.php\/v9\/t9f\/2\/16\/2b05.png\" alt=\"\u2b05\ufe0f\"> w stron\u0119 Warszawy bez konieczno\u015bci doje\u017cd\u017cania do skrzy\u017cowania z ul. Szkoln\u0105, co znacz\u0105co poprawi p\u0142ynno\u015b\u0107 ruchu w tej cz\u0119\u015bci miasta. Zakres prac obejmie r\u00f3wnie\u017c m.in. przebudow\u0119 dr\u00f3g serwisowych po obu stronach alei, budow\u0119 \u015bcie\u017cek rowerowych, nowoczesne o\u015bwietlenie oraz wydajny system kanalizacji deszczowej.<\/p>\n\n\n\n<p>Najwa\u017cniejsze informacje: Szacowana ca\u0142kowita warto\u015b\u0107 inwestycji to ok. 14 mln z\u0142 \u2013 w tym 6 mln z\u0142 z Powiatu Wo\u0142omi\u0144skiego, 4 mln z\u0142 z bud\u017cetu Miasta Marki oraz 4 mln z\u0142 z funduszy Unii Europejskiej. Marki przygotuj\u0105 dokumentacj\u0119 projektow\u0105 i zrealizuj\u0105 roboty w systemie \u201ezaprojektuj i wybuduj\u201d. Przetarg planowany jest na prze\u0142om marca i kwietnia, a zako\u0144czenie inwestycji przewidziane jest do ko\u0144ca 2027 roku. To jeszcze nie wszystko. Podpisana zosta\u0142a r\u00f3wnie\u017c druga umowa pomi\u0119dzy Powiatem a Markami. Miasto przeka\u017ce 430 tys. z\u0142 na przygotowanie dokumentacji projektowej dla odcinka al. Pi\u0142sudskiego \u2013 od ul. Szpitalnej do ul. Legionowej. Projekt obejmie zmiany w programach sygnalizacji \u015bwietlnej. Wspomniany projekt sygnalizacji wejdzie w szerszy zakres post\u0119powania przetargowego, poniewa\u017c planujemy r\u00f3wnie\u017c projekt przebudowy al. Pi\u0142sudskiego od ul. Szpitalnej do Lisa-Kuli. Podejmujemy kroki w kierunku wi\u0119kszej, wieloetapowej przebudowy al. Pi\u0142sudskiego i dostosowania jej do obecnych potrzeb mieszka\u0144c\u00f3w oraz miasta, kt\u00f3re po otwarciu obwodnicy funkcjonuje ju\u017c w zupe\u0142nie innych realiach komunikacyjnych.<\/p>\n\n\n<div class=\"wp-block-image\">\n<figure class=\"aligncenter size-large is-resized\"><img loading=\"lazy\" decoding=\"async\" width=\"1024\" height=\"780\" src=\"https:\/\/powiatwwl.pl\/wp-content\/uploads\/2026\/03\/648161750_1476289624501292_4538789982111546649_n-1024x780.jpg\" alt=\"\" class=\"wp-image-1886\" style=\"width:926px;height:auto\" srcset=\"https:\/\/powiatwwl.pl\/wp-content\/uploads\/2026\/03\/648161750_1476289624501292_4538789982111546649_n-1024x780.jpg 1024w, https:\/\/powiatwwl.pl\/wp-content\/uploads\/2026\/03\/648161750_1476289624501292_4538789982111546649_n-300x229.jpg 300w, https:\/\/powiatwwl.pl\/wp-content\/uploads\/2026\/03\/648161750_1476289624501292_4538789982111546649_n-768x585.jpg 768w, https:\/\/powiatwwl.pl\/wp-content\/uploads\/2026\/03\/648161750_1476289624501292_4538789982111546649_n.jpg 1260w\" sizes=\"auto, (max-width: 1024px) 100vw, 1024px\" \/><\/figure>\n<\/div>\n\n\n<hr class=\"wp-block-separator aligncenter has-alpha-channel-opacity\"\/>\n\n\n<div class=\"wp-block-image\">\n<figure class=\"alignleft size-large is-resized\"><img loading=\"lazy\" decoding=\"async\" width=\"1024\" height=\"1024\" src=\"https:\/\/powiatwwl.pl\/wp-content\/uploads\/2026\/03\/PW-logo12-Zdjecie-profilowe-na-Facebooka-1-1024x1024.jpg\" alt=\"\" class=\"wp-image-1845\" style=\"width:107px;height:auto\" srcset=\"https:\/\/powiatwwl.pl\/wp-content\/uploads\/2026\/03\/PW-logo12-Zdjecie-profilowe-na-Facebooka-1-1024x1024.jpg 1024w, https:\/\/powiatwwl.pl\/wp-content\/uploads\/2026\/03\/PW-logo12-Zdjecie-profilowe-na-Facebooka-1-300x300.jpg 300w, https:\/\/powiatwwl.pl\/wp-content\/uploads\/2026\/03\/PW-logo12-Zdjecie-profilowe-na-Facebooka-1-150x150.jpg 150w, https:\/\/powiatwwl.pl\/wp-content\/uploads\/2026\/03\/PW-logo12-Zdjecie-profilowe-na-Facebooka-1-768x768.jpg 768w, https:\/\/powiatwwl.pl\/wp-content\/uploads\/2026\/03\/PW-logo12-Zdjecie-profilowe-na-Facebooka-1-1536x1536.jpg 1536w, https:\/\/powiatwwl.pl\/wp-content\/uploads\/2026\/03\/PW-logo12-Zdjecie-profilowe-na-Facebooka-1-80x80.jpg 80w, https:\/\/powiatwwl.pl\/wp-content\/uploads\/2026\/03\/PW-logo12-Zdjecie-profilowe-na-Facebooka-1-320x320.jpg 320w, https:\/\/powiatwwl.pl\/wp-content\/uploads\/2026\/03\/PW-logo12-Zdjecie-profilowe-na-Facebooka-1.jpg 2048w\" sizes=\"auto, (max-width: 1024px) 100vw, 1024px\" \/><\/figure>\n<\/div>\n\n\n<h2 class=\"wp-block-heading\"><strong><a href=\"https:\/\/www.facebook.com\/starostaWerelich\">Arkadiusz WERELICH<\/a><\/strong><\/h2>\n\n\n\n<hr class=\"wp-block-separator aligncenter has-alpha-channel-opacity\"\/>\n\n\n<div class=\"wp-block-image\">\n<figure class=\"alignleft size-large is-resized\"><img loading=\"lazy\" decoding=\"async\" width=\"1024\" height=\"1024\" src=\"https:\/\/powiatwwl.pl\/wp-content\/uploads\/2026\/03\/PW-logok-Zdjecie-profilowe-na-Facebooka-1-1024x1024.jpg\" alt=\"\" class=\"wp-image-1851\" style=\"width:114px;height:auto\" srcset=\"https:\/\/powiatwwl.pl\/wp-content\/uploads\/2026\/03\/PW-logok-Zdjecie-profilowe-na-Facebooka-1-1024x1024.jpg 1024w, https:\/\/powiatwwl.pl\/wp-content\/uploads\/2026\/03\/PW-logok-Zdjecie-profilowe-na-Facebooka-1-300x300.jpg 300w, https:\/\/powiatwwl.pl\/wp-content\/uploads\/2026\/03\/PW-logok-Zdjecie-profilowe-na-Facebooka-1-150x150.jpg 150w, https:\/\/powiatwwl.pl\/wp-content\/uploads\/2026\/03\/PW-logok-Zdjecie-profilowe-na-Facebooka-1-768x768.jpg 768w, https:\/\/powiatwwl.pl\/wp-content\/uploads\/2026\/03\/PW-logok-Zdjecie-profilowe-na-Facebooka-1-1536x1536.jpg 1536w, https:\/\/powiatwwl.pl\/wp-content\/uploads\/2026\/03\/PW-logok-Zdjecie-profilowe-na-Facebooka-1-80x80.jpg 80w, https:\/\/powiatwwl.pl\/wp-content\/uploads\/2026\/03\/PW-logok-Zdjecie-profilowe-na-Facebooka-1-320x320.jpg 320w, https:\/\/powiatwwl.pl\/wp-content\/uploads\/2026\/03\/PW-logok-Zdjecie-profilowe-na-Facebooka-1.jpg 2048w\" sizes=\"auto, (max-width: 1024px) 100vw, 1024px\" \/><\/figure>\n<\/div>\n\n\n<h2 class=\"wp-block-heading\"><strong><a href=\"https:\/\/www.facebook.com\/profile.php?id=61561185435479\">Tomasz KALATA<\/a><\/strong><\/h2>\n\n\n\n<p><\/p>\n","protected":false},"excerpt":{"rendered":"<p>\ud835\udfd4 \ud835\udfce\ud835\udfce\ud835\udfce \ud835\udfce\ud835\udfce\ud835\udfce \ud835\udc33\u0142 \ud835\udc1d\ud835\udc25\ud835\udc1a \ud835\udc0c\ud835\udc1a\ud835\udc2b\ud835\udc1e\ud835\udc24 \ud835\udc27\ud835\udc1a \ud835\udc2b\ud835\udc28\ud835\udc33\ud835\udc1b\ud835\udc2e\ud835\udc1d\ud835\udc28\ud835\udc30\ud835\udc1e\u0328 \ud835\udc1a\ud835\udc25. \ud835\udc0f\ud835\udc22\u0142\ud835\udc2c\ud835\udc2e\ud835\udc1d\ud835\udc2c\ud835\udc24\ud835\udc22\ud835\udc1e\ud835\udc20\ud835\udc28! Odcinek od trasy S8 do Warszawy do ko\u0144ca 2027 roku. To moment, na kt\u00f3ry wielu mieszka\u0144c\u00f3w czeka\u0142o od dawna. Podpisali\u015bmy porozumienie mi\u0119dzy Powiat Wo\u0142omi\u0144ski a Miasto Marki, dzi\u0119ki kt\u00f3remu \ud835\udfd4 \ud835\udc26\ud835\udc25\ud835\udc27 \ud835\udc33\u0142 z bud\u017cetu powiatu trafi do Marek na rozbudow\u0119 al. Marsza\u0142ka J\u00f3zefa Pi\u0142sudskiego na odcinku od trasy S8 do skrzy\u017cowania z ul. Szpitaln\u0105 wraz z przebudow\u0105 skrzy\u017cowania. Kluczowym elementem inwestycji b\u0119dzie otwarcie skrzy\u017cowania z ul. Szpitaln\u0105. Dzi\u0119ki temu mo\u017cliwy b\u0119dzie skr\u0119t w lewo  w stron\u0119 Warszawy bez konieczno\u015bci doje\u017cd\u017cania do skrzy\u017cowania z ul. Szkoln\u0105, co znacz\u0105co poprawi p\u0142ynno\u015b\u0107 ruchu w tej cz\u0119\u015bci miasta&#8230; <\/p>\n","protected":false},"author":1,"featured_media":1885,"comment_status":"open","ping_status":"open","sticky":false,"template":"","format":"standard","meta":{"footnotes":""},"categories":[1],"tags":[],"class_list":["post-1884","post","type-post","status-publish","format-standard","has-post-thumbnail","hentry","category-aktualnosci"],"_links":{"self":[{"href":"https:\/\/powiatwwl.pl\/index.php?rest_route=\/wp\/v2\/posts\/1884","targetHints":{"allow":["GET"]}}],"collection":[{"href":"https:\/\/powiatwwl.pl\/index.php?rest_route=\/wp\/v2\/posts"}],"about":[{"href":"https:\/\/powiatwwl.pl\/index.php?rest_route=\/wp\/v2\/types\/post"}],"author":[{"embeddable":true,"href":"https:\/\/powiatwwl.pl\/index.php?rest_route=\/wp\/v2\/users\/1"}],"replies":[{"embeddable":true,"href":"https:\/\/powiatwwl.pl\/index.php?rest_route=%2Fwp%2Fv2%2Fcomments&post=1884"}],"version-history":[{"count":1,"href":"https:\/\/powiatwwl.pl\/index.php?rest_route=\/wp\/v2\/posts\/1884\/revisions"}],"predecessor-version":[{"id":1887,"href":"https:\/\/powiatwwl.pl\/index.php?rest_route=\/wp\/v2\/posts\/1884\/revisions\/1887"}],"wp:featuredmedia":[{"embeddable":true,"href":"https:\/\/powiatwwl.pl\/index.php?rest_route=\/wp\/v2\/media\/1885"}],"wp:attachment":[{"href":"https:\/\/powiatwwl.pl\/index.php?rest_route=%2Fwp%2Fv2%2Fmedia&parent=1884"}],"wp:term":[{"taxonomy":"category","embeddable":true,"href":"https:\/\/powiatwwl.pl\/index.php?rest_route=%2Fwp%2Fv2%2Fcategories&post=1884"},{"taxonomy":"post_tag","embeddable":true,"href":"https:\/\/powiatwwl.pl\/index.php?rest_route=%2Fwp%2Fv2%2Ftags&post=1884"}],"curies":[{"name":"wp","href":"https:\/\/api.w.org\/{rel}","templated":true}]}}