{"id":1928,"date":"2026-03-09T09:10:39","date_gmt":"2026-03-09T08:10:39","guid":{"rendered":"http:\/\/powiatwwl.pl\/?p=1928"},"modified":"2026-03-09T09:14:47","modified_gmt":"2026-03-09T08:14:47","slug":"pierwszy-powiatomat-w-zabkach-video","status":"publish","type":"post","link":"https:\/\/powiatwwl.pl\/?p=1928","title":{"rendered":"Pierwszy POWIATOMAT w Z\u0105bkach \/VIDEO\/"},"content":{"rendered":"\n<figure class=\"wp-block-image size-large\"><img loading=\"lazy\" decoding=\"async\" width=\"1024\" height=\"576\" src=\"https:\/\/powiatwwl.pl\/wp-content\/uploads\/2026\/03\/1-1024x576.jpg\" alt=\"\" class=\"wp-image-1929\" srcset=\"https:\/\/powiatwwl.pl\/wp-content\/uploads\/2026\/03\/1-1024x576.jpg 1024w, https:\/\/powiatwwl.pl\/wp-content\/uploads\/2026\/03\/1-300x169.jpg 300w, https:\/\/powiatwwl.pl\/wp-content\/uploads\/2026\/03\/1-768x432.jpg 768w, https:\/\/powiatwwl.pl\/wp-content\/uploads\/2026\/03\/1-1536x865.jpg 1536w, https:\/\/powiatwwl.pl\/wp-content\/uploads\/2026\/03\/1.jpg 1679w\" sizes=\"auto, (max-width: 1024px) 100vw, 1024px\" \/><\/figure>\n\n\n\n<p>\ud835\udc0f\ud835\udc28\ud835\udc33\ud835\udc27\ud835\udc1a\ud835\udc23 \ud835\udc27\ud835\udc1a\ud835\udc23\ud835\udc2c\ud835\udc33\ud835\udc32\ud835\udc1b\ud835\udc2c\ud835\udc33\ud835\udc1e\ud835\udc20\ud835\udc28 \ud835\udc2e\ud835\udc2b\ud835\udc33\ud835\udc1e\u0328\ud835\udc1d\ud835\udc27\ud835\udc22\ud835\udc24\ud835\udc1a \ud835\udc30 \ud835\udc29\ud835\udc28\ud835\udc30\ud835\udc22\ud835\udc1e\ud835\udc1c\ud835\udc22\ud835\udc1e. Przy filii wydzia\u0142u komunikacji w <a href=\"https:\/\/www.facebook.com\/Zabkimiasto?__cft__[0]=AZbSdsn5rKnn0nmqmbk7w_YqoZqynlW6KTR5FZ0XxhphYLG-GISX-d5nuzT-xy03TrJ3trwMBkihldhVnb7I-SpXfzrr1LS6eldCkz9n300IJ-XyJRqQeMwvve9L43brMfOpVQTWPz4XQ-gmzq4ELP69y-ivie_MU7VE3ILkPQwsaqFVhoIG9JZ7oF6QUXDx6kqyQTD7Tl95fZuc7RwXeZDD&amp;__tn__=-]K-R\">Miasto Z\u0105bki<\/a> pojawi\u0142 si\u0119 pierwszy <strong>POWIATOMAT<\/strong> w naszym powiecie. Dzi\u0119ki niemu sprawy zwi\u0105zane z rejestracj\u0105 pojazd\u00f3w oraz prawami jazdy za\u0142atwisz jeszcze wygodniej i bez stania w kolejkach.To dopiero pocz\u0105tek. Ju\u017c wkr\u00f3tce planujemy uruchomienie kolejnych <strong>POWIATOMAT\u00d3W<\/strong> przy pozosta\u0142ych wydzia\u0142ach komunikacji.<\/p>\n\n\n\n<p>Jak za\u0142atwi\u0107 spraw\u0119:<\/p>\n\n\n\n<p>Um\u00f3w wizyt\u0119 na konkretn\u0105 godzin\u0119, nawet na jutro, korzystaj\u0105c z linku: <a href=\"https:\/\/l.facebook.com\/l.php?u=https%3A%2F%2Fbezkolejki.eu%2Fspzabki%2FReservation%3Ffbclid%3DIwZXh0bgNhZW0CMTAAYnJpZBEwVGl1Y0VaOEZyWnVqTVl3WHNydGMGYXBwX2lkEDIyMjAzOTE3ODgyMDA4OTIAAR6Bjgc0d5w3YOGdYyU9mze1mhIpMs8XiGJKTghkoiqm14ZxY_k7HOz2pr1cwg_aem_uddjJeP0BXQZS0SluiEI1w&amp;h=AT4YWNw0wxfcdyrbZeFDWQ27LHeCMWE2du88Akq0b-72dAQrDSlHvwc_913vXd9IKLMQKe5h2OKV9eRqS4gu1wS3XZF5kRFzsosRDAeN5RCkpmHgcJfCPn-d6zFMbGgiJIabER28atHTLPcd&amp;__tn__=-UK-R&amp;c[0]=AT6_LxXSmYlSbGnQOoi_VaTuVO_YZjIUXHwavXvdCzyYjhXbt6RZEdCDPI9T19hsmYjXjv1WZPYuivB7zxI_W05ATHENQWpeJz2M3LsxpOQfUUr7-OoV-aAF55HAQHpJy-gbCcfs6Ig-RFJ37FDNSLOu5o4162smwgMuuo1wd8bQ-FsvwlafAcmjq46a9Dj2GJW2QpO290v8HXX2HApLTIziXKEmLbxvxOX3By7G\" target=\"_blank\" rel=\"noreferrer noopener\">https:\/\/bezkolejki.eu\/spzabki\/Reservation<\/a> <\/p>\n\n\n\n<p>Przyjd\u017a dok\u0142adnie na swoj\u0105 godzin\u0119<\/p>\n\n\n\n<p>Na miejscu zap\u0142acisz kart\u0105 lub Blikiem<\/p>\n\n\n\n<p>Po otrzymaniu wiadomo\u015bci SMS gotowy dokument odbierzesz z <strong>POWIATOMATU<\/strong> (je\u015bli nie jest wymagany zwrot dotychczasowego dokumentu)<\/p>\n\n\n\n<p>\ud835\udde3\ud835\uddfc\ud835\ude04\ud835\uddf6\ud835\uddee\ud835\ude01\ud835\uddfc\ud835\uddfa\ud835\uddee\ud835\ude01 \ud835\uddf1\ud835\ude07\ud835\uddf6\ud835\uddee\u0142\ud835\uddee \ud835\udfee\ud835\udff0 \ud835\uddf4\ud835\uddfc\ud835\uddf1\ud835\ude07\ud835\uddf6\ud835\uddfb\ud835\ude06 \ud835\uddfb\ud835\uddee \ud835\uddf1\ud835\uddfc\ud835\uddef\ud835\uddf2\u0328, \ud835\udff3 \ud835\uddf1\ud835\uddfb\ud835\uddf6 \ud835\ude04 \ud835\ude01\ud835\ude06\ud835\uddf4\ud835\uddfc\ud835\uddf1\ud835\uddfb\ud835\uddf6\ud835\ude02 <img loading=\"lazy\" decoding=\"async\" height=\"16\" width=\"16\" alt=\"2\ufe0f\u20e3\" src=\"https:\/\/static.xx.fbcdn.net\/images\/emoji.php\/v9\/t99\/1\/16\/32_20e3.png\"><img loading=\"lazy\" decoding=\"async\" height=\"16\" width=\"16\" alt=\"4\ufe0f\u20e3\" src=\"https:\/\/static.xx.fbcdn.net\/images\/emoji.php\/v9\/td7\/1\/16\/34_20e3.png\">\/<img loading=\"lazy\" decoding=\"async\" height=\"16\" width=\"16\" alt=\"7\ufe0f\u20e3\" src=\"https:\/\/static.xx.fbcdn.net\/images\/emoji.php\/v9\/t34\/1\/16\/37_20e3.png\"><\/p>\n\n\n\n<p>Gdy dokument b\u0119dzie gotowy, b\u0119dzie on na Ciebie czeka\u0142 przez \ud835\udff0\ud835\udff4 \ud835\uddf4\ud835\uddfc\ud835\uddf1\ud835\ude07\ud835\uddf6\ud835\uddfb.<\/p>\n\n\n\n<p>To troch\u0119 jak z paczkomatem, tylko zamiast przesy\u0142ki odbierasz dow\u00f3d rejestracyjny albo prawo jazdy. Urz\u0105d, kt\u00f3ry wychodzi naprzeciw oczekiwaniom mieszka\u0144c\u00f3w i pozostaje czynny ca\u0142\u0105 dob\u0119, to ca\u0142kiem przydatny wynalazek. \/AW.TK\/<\/p>\n\n\n\n<hr class=\"wp-block-separator aligncenter has-alpha-channel-opacity\"\/>\n\n\n<div class=\"wp-block-image\">\n<figure class=\"alignleft size-full is-resized\"><img loading=\"lazy\" decoding=\"async\" width=\"688\" height=\"688\" src=\"https:\/\/powiatwwl.pl\/wp-content\/uploads\/2026\/02\/Colorful-Live-News-Free-Logo.jpg\" alt=\"\" class=\"wp-image-371\" style=\"width:111px;height:auto\" srcset=\"https:\/\/powiatwwl.pl\/wp-content\/uploads\/2026\/02\/Colorful-Live-News-Free-Logo.jpg 688w, https:\/\/powiatwwl.pl\/wp-content\/uploads\/2026\/02\/Colorful-Live-News-Free-Logo-300x300.jpg 300w, https:\/\/powiatwwl.pl\/wp-content\/uploads\/2026\/02\/Colorful-Live-News-Free-Logo-150x150.jpg 150w, https:\/\/powiatwwl.pl\/wp-content\/uploads\/2026\/02\/Colorful-Live-News-Free-Logo-80x80.jpg 80w, https:\/\/powiatwwl.pl\/wp-content\/uploads\/2026\/02\/Colorful-Live-News-Free-Logo-320x320.jpg 320w\" sizes=\"auto, (max-width: 688px) 100vw, 688px\" \/><\/figure>\n<\/div>\n\n\n<h2 class=\"wp-block-heading\"><strong><a href=\"https:\/\/www.facebook.com\/reel\/3248867518656953\">ROLKA VIDEO<\/a><\/strong><\/h2>\n\n\n\n<hr class=\"wp-block-separator aligncenter has-alpha-channel-opacity\"\/>\n\n\n<div class=\"wp-block-image\">\n<figure class=\"alignleft size-large is-resized\"><img loading=\"lazy\" decoding=\"async\" width=\"1024\" height=\"1024\" src=\"https:\/\/powiatwwl.pl\/wp-content\/uploads\/2026\/03\/PW-logo12-Zdjecie-profilowe-na-Facebooka-1-1-1024x1024.jpg\" alt=\"\" class=\"wp-image-1847\" style=\"width:115px;height:auto\" srcset=\"https:\/\/powiatwwl.pl\/wp-content\/uploads\/2026\/03\/PW-logo12-Zdjecie-profilowe-na-Facebooka-1-1-1024x1024.jpg 1024w, https:\/\/powiatwwl.pl\/wp-content\/uploads\/2026\/03\/PW-logo12-Zdjecie-profilowe-na-Facebooka-1-1-300x300.jpg 300w, https:\/\/powiatwwl.pl\/wp-content\/uploads\/2026\/03\/PW-logo12-Zdjecie-profilowe-na-Facebooka-1-1-150x150.jpg 150w, https:\/\/powiatwwl.pl\/wp-content\/uploads\/2026\/03\/PW-logo12-Zdjecie-profilowe-na-Facebooka-1-1-768x768.jpg 768w, https:\/\/powiatwwl.pl\/wp-content\/uploads\/2026\/03\/PW-logo12-Zdjecie-profilowe-na-Facebooka-1-1-1536x1536.jpg 1536w, https:\/\/powiatwwl.pl\/wp-content\/uploads\/2026\/03\/PW-logo12-Zdjecie-profilowe-na-Facebooka-1-1-80x80.jpg 80w, https:\/\/powiatwwl.pl\/wp-content\/uploads\/2026\/03\/PW-logo12-Zdjecie-profilowe-na-Facebooka-1-1-320x320.jpg 320w, https:\/\/powiatwwl.pl\/wp-content\/uploads\/2026\/03\/PW-logo12-Zdjecie-profilowe-na-Facebooka-1-1.jpg 2048w\" sizes=\"auto, (max-width: 1024px) 100vw, 1024px\" \/><\/figure>\n<\/div>\n\n\n<h2 class=\"wp-block-heading\"><strong><a href=\"https:\/\/www.facebook.com\/starostaWerelich\">Arkadiusz WERELICH<\/a><\/strong><\/h2>\n\n\n\n<hr class=\"wp-block-separator aligncenter has-alpha-channel-opacity\"\/>\n\n\n<div class=\"wp-block-image\">\n<figure class=\"alignleft size-large is-resized\"><img loading=\"lazy\" decoding=\"async\" width=\"1024\" height=\"1024\" src=\"https:\/\/powiatwwl.pl\/wp-content\/uploads\/2026\/03\/PW-logok-Zdjecie-profilowe-na-Facebooka-1-1024x1024.jpg\" alt=\"\" class=\"wp-image-1851\" style=\"width:111px;height:auto\" srcset=\"https:\/\/powiatwwl.pl\/wp-content\/uploads\/2026\/03\/PW-logok-Zdjecie-profilowe-na-Facebooka-1-1024x1024.jpg 1024w, https:\/\/powiatwwl.pl\/wp-content\/uploads\/2026\/03\/PW-logok-Zdjecie-profilowe-na-Facebooka-1-300x300.jpg 300w, https:\/\/powiatwwl.pl\/wp-content\/uploads\/2026\/03\/PW-logok-Zdjecie-profilowe-na-Facebooka-1-150x150.jpg 150w, https:\/\/powiatwwl.pl\/wp-content\/uploads\/2026\/03\/PW-logok-Zdjecie-profilowe-na-Facebooka-1-768x768.jpg 768w, https:\/\/powiatwwl.pl\/wp-content\/uploads\/2026\/03\/PW-logok-Zdjecie-profilowe-na-Facebooka-1-1536x1536.jpg 1536w, https:\/\/powiatwwl.pl\/wp-content\/uploads\/2026\/03\/PW-logok-Zdjecie-profilowe-na-Facebooka-1-80x80.jpg 80w, https:\/\/powiatwwl.pl\/wp-content\/uploads\/2026\/03\/PW-logok-Zdjecie-profilowe-na-Facebooka-1-320x320.jpg 320w, https:\/\/powiatwwl.pl\/wp-content\/uploads\/2026\/03\/PW-logok-Zdjecie-profilowe-na-Facebooka-1.jpg 2048w\" sizes=\"auto, (max-width: 1024px) 100vw, 1024px\" \/><\/figure>\n<\/div>\n\n\n<h2 class=\"wp-block-heading\"><strong><a href=\"https:\/\/www.facebook.com\/profile.php?id=61561185435479\">Tomasz KALATA<\/a><\/strong><\/h2>\n\n\n\n<p><\/p>\n","protected":false},"excerpt":{"rendered":"<p>\ud835\udc0f\ud835\udc28\ud835\udc33\ud835\udc27\ud835\udc1a\ud835\udc23 \ud835\udc27\ud835\udc1a\ud835\udc23\ud835\udc2c\ud835\udc33\ud835\udc32\ud835\udc1b\ud835\udc2c\ud835\udc33\ud835\udc1e\ud835\udc20\ud835\udc28 \ud835\udc2e\ud835\udc2b\ud835\udc33\ud835\udc1e\u0328\ud835\udc1d\ud835\udc27\ud835\udc22\ud835\udc24\ud835\udc1a \ud835\udc30 \ud835\udc29\ud835\udc28\ud835\udc30\ud835\udc22\ud835\udc1e\ud835\udc1c\ud835\udc22\ud835\udc1e. Przy filii wydzia\u0142u komunikacji w Miasto Z\u0105bki pojawi\u0142 si\u0119 pierwszy POWIATOMAT w naszym powiecie. Dzi\u0119ki niemu sprawy zwi\u0105zane z rejestracj\u0105 pojazd\u00f3w oraz prawami jazdy za\u0142atwisz jeszcze wygodniej i bez stania w kolejkach. To dopiero pocz\u0105tek. Ju\u017c wkr\u00f3tce planujemy uruchomienie kolejnych POWIATOMAT\u00d3W przy pozosta\u0142ych wydzia\u0142ach komunikacji&#8230;<\/p>\n","protected":false},"author":1,"featured_media":1929,"comment_status":"open","ping_status":"open","sticky":false,"template":"","format":"standard","meta":{"footnotes":""},"categories":[1],"tags":[],"class_list":["post-1928","post","type-post","status-publish","format-standard","has-post-thumbnail","hentry","category-aktualnosci"],"_links":{"self":[{"href":"https:\/\/powiatwwl.pl\/index.php?rest_route=\/wp\/v2\/posts\/1928","targetHints":{"allow":["GET"]}}],"collection":[{"href":"https:\/\/powiatwwl.pl\/index.php?rest_route=\/wp\/v2\/posts"}],"about":[{"href":"https:\/\/powiatwwl.pl\/index.php?rest_route=\/wp\/v2\/types\/post"}],"author":[{"embeddable":true,"href":"https:\/\/powiatwwl.pl\/index.php?rest_route=\/wp\/v2\/users\/1"}],"replies":[{"embeddable":true,"href":"https:\/\/powiatwwl.pl\/index.php?rest_route=%2Fwp%2Fv2%2Fcomments&post=1928"}],"version-history":[{"count":2,"href":"https:\/\/powiatwwl.pl\/index.php?rest_route=\/wp\/v2\/posts\/1928\/revisions"}],"predecessor-version":[{"id":1932,"href":"https:\/\/powiatwwl.pl\/index.php?rest_route=\/wp\/v2\/posts\/1928\/revisions\/1932"}],"wp:featuredmedia":[{"embeddable":true,"href":"https:\/\/powiatwwl.pl\/index.php?rest_route=\/wp\/v2\/media\/1929"}],"wp:attachment":[{"href":"https:\/\/powiatwwl.pl\/index.php?rest_route=%2Fwp%2Fv2%2Fmedia&parent=1928"}],"wp:term":[{"taxonomy":"category","embeddable":true,"href":"https:\/\/powiatwwl.pl\/index.php?rest_route=%2Fwp%2Fv2%2Fcategories&post=1928"},{"taxonomy":"post_tag","embeddable":true,"href":"https:\/\/powiatwwl.pl\/index.php?rest_route=%2Fwp%2Fv2%2Ftags&post=1928"}],"curies":[{"name":"wp","href":"https:\/\/api.w.org\/{rel}","templated":true}]}}