{"id":1933,"date":"2026-03-09T10:07:59","date_gmt":"2026-03-09T09:07:59","guid":{"rendered":"http:\/\/powiatwwl.pl\/?p=1933"},"modified":"2026-03-09T10:09:19","modified_gmt":"2026-03-09T09:09:19","slug":"spelnili-pilkarskie-marzenia","status":"publish","type":"post","link":"https:\/\/powiatwwl.pl\/?p=1933","title":{"rendered":"Spe\u0142nili Pi\u0142karskie Marzenia"},"content":{"rendered":"<div class=\"wp-block-image\">\n<figure class=\"aligncenter size-large is-resized\"><img loading=\"lazy\" decoding=\"async\" width=\"1024\" height=\"678\" src=\"https:\/\/powiatwwl.pl\/wp-content\/uploads\/2026\/03\/644116861_1502369391501893_6261821383715472198_n-1024x678.jpg\" alt=\"\" class=\"wp-image-1934\" style=\"aspect-ratio:1.5103362448434008;width:778px;height:auto\" srcset=\"https:\/\/powiatwwl.pl\/wp-content\/uploads\/2026\/03\/644116861_1502369391501893_6261821383715472198_n-1024x678.jpg 1024w, https:\/\/powiatwwl.pl\/wp-content\/uploads\/2026\/03\/644116861_1502369391501893_6261821383715472198_n-300x199.jpg 300w, https:\/\/powiatwwl.pl\/wp-content\/uploads\/2026\/03\/644116861_1502369391501893_6261821383715472198_n-768x509.jpg 768w, https:\/\/powiatwwl.pl\/wp-content\/uploads\/2026\/03\/644116861_1502369391501893_6261821383715472198_n-1536x1017.jpg 1536w, https:\/\/powiatwwl.pl\/wp-content\/uploads\/2026\/03\/644116861_1502369391501893_6261821383715472198_n.jpg 2048w\" sizes=\"auto, (max-width: 1024px) 100vw, 1024px\" \/><\/figure>\n<\/div>\n\n\n<p>W niedziel\u0119 1 marca oraz 8 marca odby\u0142y si\u0119 dwa turnieje pi\u0142karskie na boisku pi\u0142karskim OSiR Huragan Wo\u0142omin. W turnieju gra\u0142y dru\u017cyny rocznika 2018 i 2019. W sumie udzia\u0142 w obu turniejach wzi\u0119\u0142o 14 zespo\u0142\u00f3w z :Marek, Koby\u0142ki, Wyszkowa, Warszawy, Radzymina i Wo\u0142omina. U\u015bmiech m\u0142odziutkich pi\u0142karzy, licznie zgromadzonych rodzic\u00f3w, fantastyczna s\u0142oneczna pogoda to gotowa recepta na sukces. I tak w\u0142a\u015bnie by\u0142o podczas turniej\u00f3w zorganizowanych przez OSiR Huragan Wo\u0142omin. Gratulacje dla organizator\u00f3w i pomys\u0142odawcy Arkadiusza Sikorskiego. Gratulacje dla wszystkich pi\u0142karzy, kibic\u00f3w, przyby\u0142ych go\u015bci. To by\u0142a wielka przyjemno\u015b\u0107 poprowadzi\u0107 oba tak fantastyczne pi\u0142karskie \u015bwi\u0119to w Wo\u0142ominie i by\u0107 cz\u0119\u015bci\u0105 turniej\u00f3w w kt\u00f3rym spe\u0142niane s\u0105 pi\u0142karskie marzenia.<\/p>\n\n\n\n<p><strong><em>(foto \u0141ukasz RYGA\u0141O OSiR Huragan Wo\u0142omin)<\/em><\/strong><\/p>\n\n\n<div class=\"wp-block-image\">\n<figure class=\"aligncenter size-large is-resized\"><img loading=\"lazy\" decoding=\"async\" width=\"1024\" height=\"846\" src=\"https:\/\/powiatwwl.pl\/wp-content\/uploads\/2026\/03\/649318093_1507968340941998_6505085931290702004_n-1024x846.jpg\" alt=\"\" class=\"wp-image-1935\" style=\"aspect-ratio:1.2104057772934635;width:759px;height:auto\" srcset=\"https:\/\/powiatwwl.pl\/wp-content\/uploads\/2026\/03\/649318093_1507968340941998_6505085931290702004_n-1024x846.jpg 1024w, https:\/\/powiatwwl.pl\/wp-content\/uploads\/2026\/03\/649318093_1507968340941998_6505085931290702004_n-300x248.jpg 300w, https:\/\/powiatwwl.pl\/wp-content\/uploads\/2026\/03\/649318093_1507968340941998_6505085931290702004_n-768x634.jpg 768w, https:\/\/powiatwwl.pl\/wp-content\/uploads\/2026\/03\/649318093_1507968340941998_6505085931290702004_n-1536x1268.jpg 1536w, https:\/\/powiatwwl.pl\/wp-content\/uploads\/2026\/03\/649318093_1507968340941998_6505085931290702004_n.jpg 2048w\" sizes=\"auto, (max-width: 1024px) 100vw, 1024px\" \/><\/figure>\n<\/div>\n\n\n<hr class=\"wp-block-separator aligncenter has-alpha-channel-opacity\"\/>\n\n\n<div class=\"wp-block-image\">\n<figure class=\"alignleft size-large is-resized\"><img loading=\"lazy\" decoding=\"async\" width=\"1024\" height=\"1024\" src=\"https:\/\/powiatwwl.pl\/wp-content\/uploads\/2026\/02\/PIOTREK-1024x1024.jpg\" alt=\"\" class=\"wp-image-208\" style=\"width:111px;height:auto\" srcset=\"https:\/\/powiatwwl.pl\/wp-content\/uploads\/2026\/02\/PIOTREK-1024x1024.jpg 1024w, https:\/\/powiatwwl.pl\/wp-content\/uploads\/2026\/02\/PIOTREK-300x300.jpg 300w, https:\/\/powiatwwl.pl\/wp-content\/uploads\/2026\/02\/PIOTREK-150x150.jpg 150w, https:\/\/powiatwwl.pl\/wp-content\/uploads\/2026\/02\/PIOTREK-768x768.jpg 768w, https:\/\/powiatwwl.pl\/wp-content\/uploads\/2026\/02\/PIOTREK-1536x1536.jpg 1536w, https:\/\/powiatwwl.pl\/wp-content\/uploads\/2026\/02\/PIOTREK-80x80.jpg 80w, https:\/\/powiatwwl.pl\/wp-content\/uploads\/2026\/02\/PIOTREK-320x320.jpg 320w, https:\/\/powiatwwl.pl\/wp-content\/uploads\/2026\/02\/PIOTREK.jpg 2048w\" sizes=\"auto, (max-width: 1024px) 100vw, 1024px\" \/><\/figure>\n<\/div>\n\n\n<h2 class=\"wp-block-heading\"><strong><a href=\"http:\/\/www.wyszynskipiotr.pl\">Piotr WYSZY\u0143SKI<\/a><\/strong><\/h2>\n\n\n\n<p><\/p>\n","protected":false},"excerpt":{"rendered":"<p>W niedziel\u0119 1 marca oraz 8 marca odby\u0142y si\u0119 dwa turnieje pi\u0142karskie na boisku pi\u0142karskim OSiR Huragan Wo\u0142omin. W turnieju gra\u0142y dru\u017cyny rocznika 2018 i 2019. W sumie udzia\u0142 w obu turniejach wzi\u0119\u0142o 14 zespo\u0142\u00f3w z :Marek, Koby\u0142ki, Wyszkowa, Warszawy, Radzymina i Wo\u0142omina. U\u015bmiech m\u0142odziutkich pi\u0142karzy, licznie zgromadzonych rodzic\u00f3w, fantastyczna s\u0142oneczna pogoda to gotowa recepta na sukces. I tak w\u0142a\u015bnie by\u0142o podczas turniej\u00f3w zorganizowanych przez OSiR Huragan Wo\u0142omin. Gratulacje dla organizator\u00f3w i pomys\u0142odawcy Arkadiusza Sikorskiego&#8230;<\/p>\n","protected":false},"author":1,"featured_media":1936,"comment_status":"open","ping_status":"open","sticky":false,"template":"","format":"standard","meta":{"footnotes":""},"categories":[1],"tags":[],"class_list":["post-1933","post","type-post","status-publish","format-standard","has-post-thumbnail","hentry","category-aktualnosci"],"_links":{"self":[{"href":"https:\/\/powiatwwl.pl\/index.php?rest_route=\/wp\/v2\/posts\/1933","targetHints":{"allow":["GET"]}}],"collection":[{"href":"https:\/\/powiatwwl.pl\/index.php?rest_route=\/wp\/v2\/posts"}],"about":[{"href":"https:\/\/powiatwwl.pl\/index.php?rest_route=\/wp\/v2\/types\/post"}],"author":[{"embeddable":true,"href":"https:\/\/powiatwwl.pl\/index.php?rest_route=\/wp\/v2\/users\/1"}],"replies":[{"embeddable":true,"href":"https:\/\/powiatwwl.pl\/index.php?rest_route=%2Fwp%2Fv2%2Fcomments&post=1933"}],"version-history":[{"count":2,"href":"https:\/\/powiatwwl.pl\/index.php?rest_route=\/wp\/v2\/posts\/1933\/revisions"}],"predecessor-version":[{"id":1938,"href":"https:\/\/powiatwwl.pl\/index.php?rest_route=\/wp\/v2\/posts\/1933\/revisions\/1938"}],"wp:featuredmedia":[{"embeddable":true,"href":"https:\/\/powiatwwl.pl\/index.php?rest_route=\/wp\/v2\/media\/1936"}],"wp:attachment":[{"href":"https:\/\/powiatwwl.pl\/index.php?rest_route=%2Fwp%2Fv2%2Fmedia&parent=1933"}],"wp:term":[{"taxonomy":"category","embeddable":true,"href":"https:\/\/powiatwwl.pl\/index.php?rest_route=%2Fwp%2Fv2%2Fcategories&post=1933"},{"taxonomy":"post_tag","embeddable":true,"href":"https:\/\/powiatwwl.pl\/index.php?rest_route=%2Fwp%2Fv2%2Ftags&post=1933"}],"curies":[{"name":"wp","href":"https:\/\/api.w.org\/{rel}","templated":true}]}}