{"id":1948,"date":"2026-03-10T09:10:01","date_gmt":"2026-03-10T08:10:01","guid":{"rendered":"http:\/\/powiatwwl.pl\/?p=1948"},"modified":"2026-03-10T09:10:02","modified_gmt":"2026-03-10T08:10:02","slug":"zagrali-dla-pani-ani","status":"publish","type":"post","link":"https:\/\/powiatwwl.pl\/?p=1948","title":{"rendered":"Zagrali dla Pani ANI"},"content":{"rendered":"<div class=\"wp-block-image\">\n<figure class=\"aligncenter size-large is-resized\"><img loading=\"lazy\" decoding=\"async\" width=\"819\" height=\"1024\" src=\"https:\/\/powiatwwl.pl\/wp-content\/uploads\/2026\/03\/648093595_1501408321989634_8140114596764355995_n-819x1024.jpg\" alt=\"\" class=\"wp-image-1949\" style=\"aspect-ratio:0.7998138370921964;width:567px;height:auto\" srcset=\"https:\/\/powiatwwl.pl\/wp-content\/uploads\/2026\/03\/648093595_1501408321989634_8140114596764355995_n-819x1024.jpg 819w, https:\/\/powiatwwl.pl\/wp-content\/uploads\/2026\/03\/648093595_1501408321989634_8140114596764355995_n-240x300.jpg 240w, https:\/\/powiatwwl.pl\/wp-content\/uploads\/2026\/03\/648093595_1501408321989634_8140114596764355995_n-768x960.jpg 768w, https:\/\/powiatwwl.pl\/wp-content\/uploads\/2026\/03\/648093595_1501408321989634_8140114596764355995_n-1229x1536.jpg 1229w, https:\/\/powiatwwl.pl\/wp-content\/uploads\/2026\/03\/648093595_1501408321989634_8140114596764355995_n.jpg 1638w\" sizes=\"auto, (max-width: 819px) 100vw, 819px\" \/><\/figure>\n<\/div>\n\n\n<p>W niedziel\u0119 8 marca w I LO PUL w Wo\u0142ominie odby\u0142 si\u0119 charytatywny koncert &#8222;Gramy dla Pani Ani&#8221;. To inicjatywa pomocowa szko\u0142y mundurowej na rzecz nauczycielki j\u0119zyka angielskiego. Na relacje zapraszam poni\u017cej:<\/p>\n\n\n\n<hr class=\"wp-block-separator aligncenter has-alpha-channel-opacity\"\/>\n\n\n<div class=\"wp-block-image\">\n<figure class=\"alignleft size-large is-resized\"><img loading=\"lazy\" decoding=\"async\" width=\"943\" height=\"1024\" src=\"https:\/\/powiatwwl.pl\/wp-content\/uploads\/2026\/02\/406918724_834110852052721_785468657989585474_n-943x1024.jpg\" alt=\"\" class=\"wp-image-1577\" style=\"aspect-ratio:0.9209112826929533;width:110px;height:auto\" srcset=\"https:\/\/powiatwwl.pl\/wp-content\/uploads\/2026\/02\/406918724_834110852052721_785468657989585474_n-943x1024.jpg 943w, https:\/\/powiatwwl.pl\/wp-content\/uploads\/2026\/02\/406918724_834110852052721_785468657989585474_n-276x300.jpg 276w, https:\/\/powiatwwl.pl\/wp-content\/uploads\/2026\/02\/406918724_834110852052721_785468657989585474_n-768x834.jpg 768w, https:\/\/powiatwwl.pl\/wp-content\/uploads\/2026\/02\/406918724_834110852052721_785468657989585474_n-1415x1536.jpg 1415w, https:\/\/powiatwwl.pl\/wp-content\/uploads\/2026\/02\/406918724_834110852052721_785468657989585474_n.jpg 1886w\" sizes=\"auto, (max-width: 943px) 100vw, 943px\" \/><\/figure>\n<\/div>\n\n\n<h2 class=\"wp-block-heading\"><strong><a href=\"https:\/\/www.facebook.com\/ILOPULWolomin\">I LO PUL w WO\u0141OMINIE<\/a><\/strong><\/h2>\n\n\n\n<p><\/p>\n","protected":false},"excerpt":{"rendered":"<p>W niedziel\u0119 8 marca w I LO PUL w Wo\u0142ominie odby\u0142 si\u0119 charytatywny koncert &#8222;Gramy dla Pani Ani&#8221;. To inicjatywa pomocowa szko\u0142y mundurowej na rzecz nauczycielki j\u0119zyka angielskiego&#8230;<\/p>\n","protected":false},"author":1,"featured_media":1950,"comment_status":"open","ping_status":"open","sticky":false,"template":"","format":"standard","meta":{"footnotes":""},"categories":[1],"tags":[],"class_list":["post-1948","post","type-post","status-publish","format-standard","has-post-thumbnail","hentry","category-aktualnosci"],"_links":{"self":[{"href":"https:\/\/powiatwwl.pl\/index.php?rest_route=\/wp\/v2\/posts\/1948","targetHints":{"allow":["GET"]}}],"collection":[{"href":"https:\/\/powiatwwl.pl\/index.php?rest_route=\/wp\/v2\/posts"}],"about":[{"href":"https:\/\/powiatwwl.pl\/index.php?rest_route=\/wp\/v2\/types\/post"}],"author":[{"embeddable":true,"href":"https:\/\/powiatwwl.pl\/index.php?rest_route=\/wp\/v2\/users\/1"}],"replies":[{"embeddable":true,"href":"https:\/\/powiatwwl.pl\/index.php?rest_route=%2Fwp%2Fv2%2Fcomments&post=1948"}],"version-history":[{"count":1,"href":"https:\/\/powiatwwl.pl\/index.php?rest_route=\/wp\/v2\/posts\/1948\/revisions"}],"predecessor-version":[{"id":1951,"href":"https:\/\/powiatwwl.pl\/index.php?rest_route=\/wp\/v2\/posts\/1948\/revisions\/1951"}],"wp:featuredmedia":[{"embeddable":true,"href":"https:\/\/powiatwwl.pl\/index.php?rest_route=\/wp\/v2\/media\/1950"}],"wp:attachment":[{"href":"https:\/\/powiatwwl.pl\/index.php?rest_route=%2Fwp%2Fv2%2Fmedia&parent=1948"}],"wp:term":[{"taxonomy":"category","embeddable":true,"href":"https:\/\/powiatwwl.pl\/index.php?rest_route=%2Fwp%2Fv2%2Fcategories&post=1948"},{"taxonomy":"post_tag","embeddable":true,"href":"https:\/\/powiatwwl.pl\/index.php?rest_route=%2Fwp%2Fv2%2Ftags&post=1948"}],"curies":[{"name":"wp","href":"https:\/\/api.w.org\/{rel}","templated":true}]}}