{"id":1952,"date":"2026-03-10T09:21:56","date_gmt":"2026-03-10T08:21:56","guid":{"rendered":"http:\/\/powiatwwl.pl\/?p=1952"},"modified":"2026-03-10T09:25:02","modified_gmt":"2026-03-10T08:25:02","slug":"extraliga-badmintona-pierwsza-porazka-z-legia-25","status":"publish","type":"post","link":"https:\/\/powiatwwl.pl\/?p=1952","title":{"rendered":"Pierwsza pora\u017cka z Legi\u0105 2:5"},"content":{"rendered":"<div class=\"wp-block-image\">\n<figure class=\"aligncenter size-large is-resized\"><img loading=\"lazy\" decoding=\"async\" width=\"1024\" height=\"682\" src=\"https:\/\/powiatwwl.pl\/wp-content\/uploads\/2026\/03\/650828577_122217022634051066_6233337083646065967_n-1024x682.jpg\" alt=\"\" class=\"wp-image-1953\" style=\"aspect-ratio:1.5015121660633277;width:763px;height:auto\" srcset=\"https:\/\/powiatwwl.pl\/wp-content\/uploads\/2026\/03\/650828577_122217022634051066_6233337083646065967_n-1024x682.jpg 1024w, https:\/\/powiatwwl.pl\/wp-content\/uploads\/2026\/03\/650828577_122217022634051066_6233337083646065967_n-300x200.jpg 300w, https:\/\/powiatwwl.pl\/wp-content\/uploads\/2026\/03\/650828577_122217022634051066_6233337083646065967_n-768x511.jpg 768w, https:\/\/powiatwwl.pl\/wp-content\/uploads\/2026\/03\/650828577_122217022634051066_6233337083646065967_n-1536x1022.jpg 1536w, https:\/\/powiatwwl.pl\/wp-content\/uploads\/2026\/03\/650828577_122217022634051066_6233337083646065967_n.jpg 2048w\" sizes=\"auto, (max-width: 1024px) 100vw, 1024px\" \/><\/figure>\n<\/div>\n\n\n<p>Ekstraliga Badmintona: 9 marca (poniedzia\u0142ek) o godz. 18:00 na naszej hali MCER &#8211; Mareckie Centrum Edukacyjno-Rekreacyjne podejmowali\u015bmy utytu\u0142owan\u0105 dru\u017cyn\u0119 z Warszawy. Wiedzieli\u015bmy, \u017ce b\u0119dzie to bardzo trudne spotkanie. Do MCER przyjecha\u0142a dru\u017cyna z\u0142o\u017cona niemal\u017ce w ca\u0142o\u015bci z Reprezentant\u00f3w Polski w swoich specjalizacjach. Ale te\u017c traktowali\u015bmy to jako pewien sprawdzian i zbieranie do\u015bwiadczenia Naszej dru\u017cyny przed nast\u0119pnymi meczami. Nie na darmo okre\u015blano, \u017ce ten mecz b\u0119dzie &#8222;hitem kolejki&#8221;. Tak w\u0142a\u015bnie by\u0142o. Sam wynik nie odzwierciedla bowiem tego, co dzia\u0142o si\u0119 na boisku i jak waleczni byli nasi zawodnicy. O ostatecznym rezultacie zawa\u017cy\u0142y detale szczeg\u00f3lnie w ostatnich fazach set\u00f3w\/mecz\u00f3w.<\/p>\n\n\n\n<p>Legia rozpocz\u0119\u0142a mocno, wygrywaj\u0105c pierwsze trzy pojedynki:<\/p>\n\n\n\n<p>&#8211; deblem m\u0119\u017cczyzn (Adrian Krawczyk\/Szymon \u015alepecki pokonali Ade Resky\u2019ego Dwicahyo\/Victora Svendsena 15:8, 15:12),<\/p>\n\n\n\n<p>&#8211; deblem kobiet (Zuzanna Jankowska\/Aleksandra W\u0119s\u0142awowicz wygra\u0142y z Dominik\u0105 Kwa\u015bnik\/Kaj\u0105 Zi\u00f3\u0142kowsk\u0105 15:9, 12:15, 15:10) oraz<\/p>\n\n\n\n<p>&#8211; singlem kobiet (Jessica Orzechowicz ogra\u0142a Aleksandr\u0119 Wasilewsk\u0105 15:7, 15:10).\u200b<\/p>\n\n\n\n<p>My odpowiedzieli\u015bmy w dw\u00f3ch singlach m\u0119\u017cczyzn:<\/p>\n\n\n\n<p>&#8211; Victor Svendsen pokona\u0142 Mateusza Golasa 15:5, 15:7, a<\/p>\n\n\n\n<p>&#8211; Ade Resky Dwicahyo wygra\u0142 z Dominikiem Kwint\u0105 12:15, 15:12, 15:9.\u200b<\/p>\n\n\n\n<p>Kluczowy by\u0142 pojedynek Zuzanny Jankowskiej z Kaj\u0105 Zi\u00f3\u0142kowsk\u0105 \u2013 trwaj\u0105cy 30 minut thriller zako\u0144czy\u0142 si\u0119 wygran\u0105 legionistki 16:14, 15:13, 16:14 w trzecim secie. Ostatni mikst(Adrian Krawczyk\/Jessica Orzechowicz pokonali Rafa\u0142a Hawela\/Dominik\u0119 Kwa\u015bnik 15:13, 16:14) <strong>przypiecz\u0119towa\u0142 wynik 5:2 dla Legii.<\/strong><\/p>\n\n\n\n<p><strong><em>\/WWL Badminton Marcovia Marki\/<\/em><\/strong><\/p>\n\n\n\n<hr class=\"wp-block-separator aligncenter has-alpha-channel-opacity\"\/>\n\n\n<div class=\"wp-block-image\">\n<figure class=\"alignleft size-full is-resized\"><img loading=\"lazy\" decoding=\"async\" width=\"688\" height=\"688\" src=\"https:\/\/powiatwwl.pl\/wp-content\/uploads\/2026\/02\/Colorful-Live-News-Free-Logo.jpg\" alt=\"\" class=\"wp-image-371\" style=\"width:112px;height:auto\" srcset=\"https:\/\/powiatwwl.pl\/wp-content\/uploads\/2026\/02\/Colorful-Live-News-Free-Logo.jpg 688w, https:\/\/powiatwwl.pl\/wp-content\/uploads\/2026\/02\/Colorful-Live-News-Free-Logo-300x300.jpg 300w, https:\/\/powiatwwl.pl\/wp-content\/uploads\/2026\/02\/Colorful-Live-News-Free-Logo-150x150.jpg 150w, https:\/\/powiatwwl.pl\/wp-content\/uploads\/2026\/02\/Colorful-Live-News-Free-Logo-80x80.jpg 80w, https:\/\/powiatwwl.pl\/wp-content\/uploads\/2026\/02\/Colorful-Live-News-Free-Logo-320x320.jpg 320w\" sizes=\"auto, (max-width: 688px) 100vw, 688px\" \/><\/figure>\n<\/div>\n\n\n<h2 class=\"wp-block-heading\"><strong><a href=\"https:\/\/www.facebook.com\/reel\/911499861844979\">ROLKA VIDEO<\/a><\/strong><\/h2>\n\n\n\n<hr class=\"wp-block-separator aligncenter has-alpha-channel-opacity\"\/>\n\n\n<div class=\"wp-block-image\">\n<figure class=\"alignleft size-large is-resized\"><img loading=\"lazy\" decoding=\"async\" width=\"1024\" height=\"1024\" src=\"https:\/\/powiatwwl.pl\/wp-content\/uploads\/2026\/02\/379366235_6801068059954916_2100159226784633748_n-1024x1024.jpg\" alt=\"\" class=\"wp-image-1150\" style=\"width:113px;height:auto\" srcset=\"https:\/\/powiatwwl.pl\/wp-content\/uploads\/2026\/02\/379366235_6801068059954916_2100159226784633748_n-1024x1024.jpg 1024w, https:\/\/powiatwwl.pl\/wp-content\/uploads\/2026\/02\/379366235_6801068059954916_2100159226784633748_n-300x300.jpg 300w, https:\/\/powiatwwl.pl\/wp-content\/uploads\/2026\/02\/379366235_6801068059954916_2100159226784633748_n-150x150.jpg 150w, https:\/\/powiatwwl.pl\/wp-content\/uploads\/2026\/02\/379366235_6801068059954916_2100159226784633748_n-768x768.jpg 768w, https:\/\/powiatwwl.pl\/wp-content\/uploads\/2026\/02\/379366235_6801068059954916_2100159226784633748_n-1536x1536.jpg 1536w, https:\/\/powiatwwl.pl\/wp-content\/uploads\/2026\/02\/379366235_6801068059954916_2100159226784633748_n-80x80.jpg 80w, https:\/\/powiatwwl.pl\/wp-content\/uploads\/2026\/02\/379366235_6801068059954916_2100159226784633748_n-320x320.jpg 320w, https:\/\/powiatwwl.pl\/wp-content\/uploads\/2026\/02\/379366235_6801068059954916_2100159226784633748_n.jpg 2048w\" sizes=\"auto, (max-width: 1024px) 100vw, 1024px\" \/><\/figure>\n<\/div>\n\n\n<h2 class=\"wp-block-heading\"><strong><a href=\"https:\/\/www.facebook.com\/wwlbadmintonmarcoviamarki\">WWL BADMINTON MARCOVIA Marki<\/a><\/strong><\/h2>\n\n\n\n<p><\/p>\n","protected":false},"excerpt":{"rendered":"<p>Ekstraliga Badmintona: 9 marca (poniedzia\u0142ek) o godz. 18:00 na naszej hali MCER &#8211; Mareckie Centrum Edukacyjno-Rekreacyjne podejmowali\u015bmy utytu\u0142owan\u0105 dru\u017cyn\u0119 z Warszawy. Wiedzieli\u015bmy, \u017ce b\u0119dzie to bardzo trudne spotkanie. Do MCER przyjecha\u0142a dru\u017cyna z\u0142o\u017cona niemal\u017ce w ca\u0142o\u015bci z Reprezentant\u00f3w Polski w swoich specjalizacjach. Ale te\u017c traktowali\u015bmy to jako pewien sprawdzian i zbieranie do\u015bwiadczenia Naszej dru\u017cyny przed nast\u0119pnymi meczami. Nie na darmo okre\u015blano, \u017ce ten mecz b\u0119dzie &#8222;hitem kolejki&#8221;. Tak w\u0142a\u015bnie by\u0142o. Sam wynik nie odzwierciedla bowiem tego, co dzia\u0142o si\u0119 na boisku i jak waleczni byli nasi zawodnicy. O ostatecznym rezultacie zawa\u017cy\u0142y detale szczeg\u00f3lnie w ostatnich fazach set\u00f3w\/mecz\u00f3w&#8230;<\/p>\n","protected":false},"author":1,"featured_media":1954,"comment_status":"open","ping_status":"open","sticky":false,"template":"","format":"standard","meta":{"footnotes":""},"categories":[1],"tags":[],"class_list":["post-1952","post","type-post","status-publish","format-standard","has-post-thumbnail","hentry","category-aktualnosci"],"_links":{"self":[{"href":"https:\/\/powiatwwl.pl\/index.php?rest_route=\/wp\/v2\/posts\/1952","targetHints":{"allow":["GET"]}}],"collection":[{"href":"https:\/\/powiatwwl.pl\/index.php?rest_route=\/wp\/v2\/posts"}],"about":[{"href":"https:\/\/powiatwwl.pl\/index.php?rest_route=\/wp\/v2\/types\/post"}],"author":[{"embeddable":true,"href":"https:\/\/powiatwwl.pl\/index.php?rest_route=\/wp\/v2\/users\/1"}],"replies":[{"embeddable":true,"href":"https:\/\/powiatwwl.pl\/index.php?rest_route=%2Fwp%2Fv2%2Fcomments&post=1952"}],"version-history":[{"count":3,"href":"https:\/\/powiatwwl.pl\/index.php?rest_route=\/wp\/v2\/posts\/1952\/revisions"}],"predecessor-version":[{"id":1957,"href":"https:\/\/powiatwwl.pl\/index.php?rest_route=\/wp\/v2\/posts\/1952\/revisions\/1957"}],"wp:featuredmedia":[{"embeddable":true,"href":"https:\/\/powiatwwl.pl\/index.php?rest_route=\/wp\/v2\/media\/1954"}],"wp:attachment":[{"href":"https:\/\/powiatwwl.pl\/index.php?rest_route=%2Fwp%2Fv2%2Fmedia&parent=1952"}],"wp:term":[{"taxonomy":"category","embeddable":true,"href":"https:\/\/powiatwwl.pl\/index.php?rest_route=%2Fwp%2Fv2%2Fcategories&post=1952"},{"taxonomy":"post_tag","embeddable":true,"href":"https:\/\/powiatwwl.pl\/index.php?rest_route=%2Fwp%2Fv2%2Ftags&post=1952"}],"curies":[{"name":"wp","href":"https:\/\/api.w.org\/{rel}","templated":true}]}}