{"id":1963,"date":"2026-03-10T15:00:41","date_gmt":"2026-03-10T14:00:41","guid":{"rendered":"http:\/\/powiatwwl.pl\/?p=1963"},"modified":"2026-03-10T15:03:03","modified_gmt":"2026-03-10T14:03:03","slug":"ochrona-ludnosci-i-obrona-cywilna","status":"publish","type":"post","link":"https:\/\/powiatwwl.pl\/?p=1963","title":{"rendered":"Ochrona Ludno\u015bci i Obrona Cywilna"},"content":{"rendered":"<div class=\"wp-block-image\">\n<figure class=\"aligncenter size-large is-resized\"><img loading=\"lazy\" decoding=\"async\" width=\"1024\" height=\"728\" src=\"https:\/\/powiatwwl.pl\/wp-content\/uploads\/2026\/03\/648856849_1480356884094566_6933453243551053748_n-1024x728.jpg\" alt=\"\" class=\"wp-image-1964\" style=\"aspect-ratio:1.4066021334592518;width:707px;height:auto\" srcset=\"https:\/\/powiatwwl.pl\/wp-content\/uploads\/2026\/03\/648856849_1480356884094566_6933453243551053748_n-1024x728.jpg 1024w, https:\/\/powiatwwl.pl\/wp-content\/uploads\/2026\/03\/648856849_1480356884094566_6933453243551053748_n-300x213.jpg 300w, https:\/\/powiatwwl.pl\/wp-content\/uploads\/2026\/03\/648856849_1480356884094566_6933453243551053748_n-768x546.jpg 768w, https:\/\/powiatwwl.pl\/wp-content\/uploads\/2026\/03\/648856849_1480356884094566_6933453243551053748_n-1536x1092.jpg 1536w, https:\/\/powiatwwl.pl\/wp-content\/uploads\/2026\/03\/648856849_1480356884094566_6933453243551053748_n.jpg 2048w\" sizes=\"auto, (max-width: 1024px) 100vw, 1024px\" \/><\/figure>\n<\/div>\n\n\n<p>W <a href=\"https:\/\/www.facebook.com\/MUW.Warszawa?__cft__[0]=AZY336qGcrthuhUlH2Md-YJT9G3zKrwEtQLI-2U07fulaDuXrgFI9KARrTmbGNPSBrKhfP3c_-rsdgA3Mrt4f9XLyISNit4Ut1HfsNUIDOgTZhWMJM2HJbRICNGpSTZfAZLP1ufdwHNPshOgJnRBo5OQDcRBYiY4QN9x47RiJCopb4MJVij7f9KLXiQavKcrRG4&amp;__tn__=-]K-R\">Mazowiecki Urz\u0105d Wojew\u00f3dzki<\/a> odby\u0142o si\u0119 spotkanie Wojewody Mazowieckiego <a href=\"https:\/\/www.facebook.com\/mariusz.r.frankowski?__cft__[0]=AZY336qGcrthuhUlH2Md-YJT9G3zKrwEtQLI-2U07fulaDuXrgFI9KARrTmbGNPSBrKhfP3c_-rsdgA3Mrt4f9XLyISNit4Ut1HfsNUIDOgTZhWMJM2HJbRICNGpSTZfAZLP1ufdwHNPshOgJnRBo5OQDcRBYiY4QN9x47RiJCopb4MJVij7f9KLXiQavKcrRG4&amp;__tn__=-]K-R\">Mariusz R. Frankowski<\/a> z samorz\u0105dowcami z terenu ca\u0142ego Mazowsza. Rozmawiali\u015bmy m.in. o dalszej realizacji Programu Ochrony Ludno\u015bci i Obrony Cywilnej na lata 2025\u20132026 oraz o naborze wniosk\u00f3w na zadania zwi\u0105zane z rozwojem infrastruktury ochrony ludno\u015bci, w tym obiekt\u00f3w ochrony zbiorowej. Spotkanie by\u0142o tak\u017ce okazj\u0105 do rozmowy o najwa\u017cniejszych wyzwaniach zwi\u0105zanych z realizacj\u0105 programu oraz o bie\u017c\u0105cych sprawach dotycz\u0105cych przygotowania i sk\u0142adania wniosk\u00f3w przez samorz\u0105dy. Takie spotkania pozwalaj\u0105 lepiej przygotowa\u0107 si\u0119 do kolejnych dzia\u0142a\u0144 w obszarze ochrony ludno\u015bci i bezpiecze\u0144stwa mieszka\u0144c\u00f3w.\/AW\/<\/p>\n\n\n\n<hr class=\"wp-block-separator aligncenter has-alpha-channel-opacity\"\/>\n\n\n<div class=\"wp-block-image\">\n<figure class=\"alignleft size-large is-resized\"><img loading=\"lazy\" decoding=\"async\" width=\"1024\" height=\"1024\" src=\"https:\/\/powiatwwl.pl\/wp-content\/uploads\/2026\/03\/PW-logo12-Zdjecie-profilowe-na-Facebooka-1-1-1024x1024.jpg\" alt=\"\" class=\"wp-image-1847\" style=\"width:109px;height:auto\" srcset=\"https:\/\/powiatwwl.pl\/wp-content\/uploads\/2026\/03\/PW-logo12-Zdjecie-profilowe-na-Facebooka-1-1-1024x1024.jpg 1024w, https:\/\/powiatwwl.pl\/wp-content\/uploads\/2026\/03\/PW-logo12-Zdjecie-profilowe-na-Facebooka-1-1-300x300.jpg 300w, https:\/\/powiatwwl.pl\/wp-content\/uploads\/2026\/03\/PW-logo12-Zdjecie-profilowe-na-Facebooka-1-1-150x150.jpg 150w, https:\/\/powiatwwl.pl\/wp-content\/uploads\/2026\/03\/PW-logo12-Zdjecie-profilowe-na-Facebooka-1-1-768x768.jpg 768w, https:\/\/powiatwwl.pl\/wp-content\/uploads\/2026\/03\/PW-logo12-Zdjecie-profilowe-na-Facebooka-1-1-1536x1536.jpg 1536w, https:\/\/powiatwwl.pl\/wp-content\/uploads\/2026\/03\/PW-logo12-Zdjecie-profilowe-na-Facebooka-1-1-80x80.jpg 80w, https:\/\/powiatwwl.pl\/wp-content\/uploads\/2026\/03\/PW-logo12-Zdjecie-profilowe-na-Facebooka-1-1-320x320.jpg 320w, https:\/\/powiatwwl.pl\/wp-content\/uploads\/2026\/03\/PW-logo12-Zdjecie-profilowe-na-Facebooka-1-1.jpg 2048w\" sizes=\"auto, (max-width: 1024px) 100vw, 1024px\" \/><\/figure>\n<\/div>\n\n\n<h2 class=\"wp-block-heading\"><strong>Arkadiusz WERELICH<\/strong><\/h2>\n\n\n\n<p><\/p>\n","protected":false},"excerpt":{"rendered":"<p>W Mazowieckim Urz\u0119dzie Wojew\u00f3dzkim odby\u0142o si\u0119 spotkanie Wojewody Mazowieckiego Mariusz R. Frankowskiego z samorz\u0105dowcami z terenu ca\u0142ego Mazowsza. Rozmawiali\u015bmy m.in. o dalszej realizacji Programu Ochrony Ludno\u015bci i Obrony Cywilnej na lata 2025\u20132026 oraz o naborze wniosk\u00f3w na zadania zwi\u0105zane z rozwojem infrastruktury ochrony ludno\u015bci, w tym obiekt\u00f3w ochrony zbiorowej&#8230;<\/p>\n","protected":false},"author":1,"featured_media":1965,"comment_status":"open","ping_status":"open","sticky":false,"template":"","format":"standard","meta":{"footnotes":""},"categories":[1],"tags":[],"class_list":["post-1963","post","type-post","status-publish","format-standard","has-post-thumbnail","hentry","category-aktualnosci"],"_links":{"self":[{"href":"https:\/\/powiatwwl.pl\/index.php?rest_route=\/wp\/v2\/posts\/1963","targetHints":{"allow":["GET"]}}],"collection":[{"href":"https:\/\/powiatwwl.pl\/index.php?rest_route=\/wp\/v2\/posts"}],"about":[{"href":"https:\/\/powiatwwl.pl\/index.php?rest_route=\/wp\/v2\/types\/post"}],"author":[{"embeddable":true,"href":"https:\/\/powiatwwl.pl\/index.php?rest_route=\/wp\/v2\/users\/1"}],"replies":[{"embeddable":true,"href":"https:\/\/powiatwwl.pl\/index.php?rest_route=%2Fwp%2Fv2%2Fcomments&post=1963"}],"version-history":[{"count":4,"href":"https:\/\/powiatwwl.pl\/index.php?rest_route=\/wp\/v2\/posts\/1963\/revisions"}],"predecessor-version":[{"id":1969,"href":"https:\/\/powiatwwl.pl\/index.php?rest_route=\/wp\/v2\/posts\/1963\/revisions\/1969"}],"wp:featuredmedia":[{"embeddable":true,"href":"https:\/\/powiatwwl.pl\/index.php?rest_route=\/wp\/v2\/media\/1965"}],"wp:attachment":[{"href":"https:\/\/powiatwwl.pl\/index.php?rest_route=%2Fwp%2Fv2%2Fmedia&parent=1963"}],"wp:term":[{"taxonomy":"category","embeddable":true,"href":"https:\/\/powiatwwl.pl\/index.php?rest_route=%2Fwp%2Fv2%2Fcategories&post=1963"},{"taxonomy":"post_tag","embeddable":true,"href":"https:\/\/powiatwwl.pl\/index.php?rest_route=%2Fwp%2Fv2%2Ftags&post=1963"}],"curies":[{"name":"wp","href":"https:\/\/api.w.org\/{rel}","templated":true}]}}