{"id":1970,"date":"2026-03-10T15:09:24","date_gmt":"2026-03-10T14:09:24","guid":{"rendered":"http:\/\/powiatwwl.pl\/?p=1970"},"modified":"2026-03-10T15:09:25","modified_gmt":"2026-03-10T14:09:25","slug":"sikorki-wroble-kosy-sojki-dziecioly","status":"publish","type":"post","link":"https:\/\/powiatwwl.pl\/?p=1970","title":{"rendered":"Sikorki, wr\u00f3ble, kosy, s\u00f3jki, dzi\u0119cio\u0142y&#8230;"},"content":{"rendered":"<div class=\"wp-block-image\">\n<figure class=\"aligncenter size-full\"><img loading=\"lazy\" decoding=\"async\" width=\"640\" height=\"512\" src=\"https:\/\/powiatwwl.pl\/wp-content\/uploads\/2026\/03\/649893263_1253311436912652_5274496487282500663_n.jpg\" alt=\"\" class=\"wp-image-1971\" srcset=\"https:\/\/powiatwwl.pl\/wp-content\/uploads\/2026\/03\/649893263_1253311436912652_5274496487282500663_n.jpg 640w, https:\/\/powiatwwl.pl\/wp-content\/uploads\/2026\/03\/649893263_1253311436912652_5274496487282500663_n-300x240.jpg 300w\" sizes=\"auto, (max-width: 640px) 100vw, 640px\" \/><\/figure>\n<\/div>\n\n\n<p>\ud835\uddd4\ud835\uddf8\ud835\uddf0\ud835\uddf7\ud835\uddee \ud835\uddde\ud835\uddee\ud835\uddff\ud835\uddfa\ud835\uddfb\ud835\uddf6\ud835\uddf8 \u2013 \ud835\uddfd\ud835\uddfc\ud835\uddf1\ud835\ude00\ud835\ude02\ud835\uddfa\ud835\uddfc\ud835\ude04\ud835\uddee\ud835\uddfb\ud835\uddf6\ud835\uddf2 \ud835\ude07\ud835\uddf6\ud835\uddfa\ud835\uddfc\ud835\ude04\ud835\uddf2\ud835\uddf4\ud835\uddfc \ud835\uddfd\ud835\uddff\ud835\uddfc\ud835\uddf7\ud835\uddf2\ud835\uddf8\ud835\ude01\ud835\ude02 \ud835\uddf2\ud835\uddf1\ud835\ude02\ud835\uddf8\ud835\uddee\ud835\uddf0\ud835\ude06\ud835\uddf7\ud835\uddfb\ud835\uddf2\ud835\uddf4\ud835\uddfc. Z ko\u0144cem lutego zako\u0144czyli\u015bmy zimowy projekt edukacyjny \u201eAkcja Karmnik\u201d. W inicjatywie wzi\u0119\u0142o udzia\u0142 a\u017c \ud835\udff0\ud835\udfec \ud835\uddfd\ud835\uddf9\ud835\uddee\ud835\uddf0\ud835\uddfc\u0301\ud835\ude04\ud835\uddf2\ud835\uddf8 \ud835\uddf2\ud835\uddf1\ud835\ude02\ud835\uddf8\ud835\uddee\ud835\uddf0\ud835\ude06\ud835\uddf7\ud835\uddfb\ud835\ude06\ud835\uddf0\ud835\uddf5 \u2013 \ud835\uddfd\ud835\uddff\ud835\ude07\ud835\uddf2\ud835\uddf1\ud835\ude00\ud835\ude07\ud835\uddf8\ud835\uddfc\ud835\uddf9\ud835\uddf6 \ud835\uddf6 \ud835\ude00\ud835\ude07\ud835\uddf8\ud835\uddfc\u0301\u0142 \ud835\uddfd\ud835\uddfc\ud835\uddf1\ud835\ude00\ud835\ude01\ud835\uddee\ud835\ude04\ud835\uddfc\ud835\ude04\ud835\ude06\ud835\uddf0\ud835\uddf5 z terenu powiatu wo\u0142omi\u0144skiego. W ramach programu uczestnicy otrzymali pakiety karmnikowe, w sk\u0142ad kt\u00f3rych wchodzi\u0142y: karmnik, zapas karmy dla ptak\u00f3w oraz album o ptakach. Dzieci prowadzi\u0142y obserwacje odwiedzaj\u0105cych karmniki gatunk\u00f3w i zapisywa\u0142y swoje spostrze\u017cenia w Dzienniku Obserwacji Ptak\u00f3w.<\/p>\n\n\n\n<p>Po przeanalizowaniu nades\u0142anych informacji pojawi\u0142o si\u0119 kilka bardzo ciekawych wniosk\u00f3w: \ud835\udde1\ud835\uddee\ud835\uddf7\ud835\uddf0\ud835\ude07\ud835\uddf2\u0328\ud835\ude00\ud835\ude01\ud835\ude00\ud835\ude07\ud835\ude06\ud835\uddfa \ud835\uddf4\ud835\uddfc\ud835\ude00\u0301\ud835\uddf0\ud835\uddf6\ud835\uddf2\ud835\uddfa \ud835\uddf8\ud835\uddee\ud835\uddff\ud835\uddfa\ud835\uddfb\ud835\uddf6\ud835\uddf8\ud835\uddfc\u0301\ud835\ude04 na terenie ca\u0142ego powiatu by\u0142a \ud835\ude00\ud835\uddf6\ud835\uddf8\ud835\uddfc\ud835\uddff\ud835\uddf8\ud835\uddee \ud835\uddef\ud835\uddfc\ud835\uddf4\ud835\uddee\ud835\ude01\ud835\uddf8\ud835\uddee. Bardzo cz\u0119sto pojawia\u0142y si\u0119 tak\u017ce \ud835\ude04\ud835\uddff\ud835\uddfc\u0301\ud835\uddef\ud835\uddf9\ud835\uddf2 oraz \ud835\uddf8\ud835\uddfc\ud835\ude00\ud835\ude06. Na terenach miejskich w karmnikach obserwowano gatunki charakterystyczne dla miast, m.in. \ud835\ude04\ud835\uddff\ud835\uddfc\ud835\uddfb\ud835\ude06, \ud835\uddf4\ud835\uddfc\u0142\ud835\uddf2\u0328\ud835\uddef\ud835\uddf6\ud835\uddf2 \ud835\uddf6 \ud835\ude00\ud835\uddff\ud835\uddfc\ud835\uddf8\ud835\uddf6. Na terenach wiejskich cz\u0119\u015bciej pojawia\u0142y si\u0119 \ud835\ude00\ud835\uddf6\ud835\uddf8\ud835\uddfc\ud835\uddff\ud835\uddf8\ud835\uddf6 \ud835\uddfa\ud835\uddfc\ud835\uddf1\ud835\uddff\ud835\uddf2, \ud835\ude00\ud835\uddf6\ud835\uddf8\ud835\uddfc\ud835\uddff\ud835\uddf8\ud835\uddf6 \ud835\ude02\ud835\uddef\ud835\uddfc\ud835\uddf4\ud835\uddf6\ud835\uddf2, \ud835\ude00\ud835\uddfc\u0301\ud835\uddf7\ud835\uddf8\ud835\uddf6 \ud835\uddfc\ud835\uddff\ud835\uddee\ud835\ude07 \ud835\uddf1\ud835\ude07\ud835\uddf6\ud835\uddf2\u0328\ud835\uddf0\ud835\uddf6\ud835\uddfc\u0142\ud835\ude06. W jednym z karmnik\u00f3w pojawi\u0142 si\u0119 r\u00f3wnie\u017c niecodzienny go\u015b\u0107 \u2013 \ud835\ude04\ud835\uddf6\ud835\uddf2\ud835\ude04\ud835\uddf6\ud835\uddfc\u0301\ud835\uddff\ud835\uddf8\ud835\uddee!<\/p>\n\n\n\n<p>Ogromnie cieszy nas zaanga\u017cowanie dzieci, kt\u00f3re wraz z opiekunami rozwija\u0142y projekt o dodatkowe dzia\u0142ania. Powstawa\u0142y m.in. \ud835\uddf2\ud835\uddf8\ud835\uddfc-\ud835\uddf8\ud835\uddee\ud835\uddff\ud835\uddfa\ud835\uddfb\ud835\uddf6\ud835\uddf8\ud835\uddf6, przygotowywano ptasie przysmaki, prowadzono obserwacje przez lornetki, a tak\u017ce tworzono prace plastyczne przedstawiaj\u0105ce zaobserwowane gatunki.<\/p>\n\n\n\n<p>Serdecznie dzi\u0119kujemy wszystkim plac\u00f3wkom za aktywny udzia\u0142 w projekcie, dzielenie si\u0119 obserwacjami oraz przes\u0142anie pi\u0119knych zdj\u0119\u0107. Przed naszymi ptakami teraz bardzo pracowity czas \u2013 okres l\u0119gowy, a nadchodz\u0105ce wiosenne dni z pewno\u015bci\u0105 b\u0119d\u0105 umila\u0107 nam ich \u015bpiewy \/PW\/<\/p>\n\n\n\n<hr class=\"wp-block-separator aligncenter has-alpha-channel-opacity\"\/>\n\n\n<div class=\"wp-block-image\">\n<figure class=\"alignleft size-large is-resized\"><img loading=\"lazy\" decoding=\"async\" width=\"1024\" height=\"1024\" src=\"https:\/\/powiatwwl.pl\/wp-content\/uploads\/2026\/02\/pw-1024x1024.jpg\" alt=\"\" class=\"wp-image-395\" style=\"width:109px;height:auto\" srcset=\"https:\/\/powiatwwl.pl\/wp-content\/uploads\/2026\/02\/pw-1024x1024.jpg 1024w, https:\/\/powiatwwl.pl\/wp-content\/uploads\/2026\/02\/pw-300x300.jpg 300w, https:\/\/powiatwwl.pl\/wp-content\/uploads\/2026\/02\/pw-150x150.jpg 150w, https:\/\/powiatwwl.pl\/wp-content\/uploads\/2026\/02\/pw-768x768.jpg 768w, https:\/\/powiatwwl.pl\/wp-content\/uploads\/2026\/02\/pw-80x80.jpg 80w, https:\/\/powiatwwl.pl\/wp-content\/uploads\/2026\/02\/pw-320x320.jpg 320w, https:\/\/powiatwwl.pl\/wp-content\/uploads\/2026\/02\/pw.jpg 1280w\" sizes=\"auto, (max-width: 1024px) 100vw, 1024px\" \/><\/figure>\n<\/div>\n\n\n<h2 class=\"wp-block-heading\"><strong><a href=\"https:\/\/www.facebook.com\/Powiat.Wolominski\">POWIAT WO\u0141OMI\u0143SKI<\/a><\/strong><\/h2>\n\n\n\n<p><\/p>\n","protected":false},"excerpt":{"rendered":"<p>\ud835\uddd4\ud835\uddf8\ud835\uddf0\ud835\uddf7\ud835\uddee \ud835\uddde\ud835\uddee\ud835\uddff\ud835\uddfa\ud835\uddfb\ud835\uddf6\ud835\uddf8 \u2013 \ud835\uddfd\ud835\uddfc\ud835\uddf1\ud835\ude00\ud835\ude02\ud835\uddfa\ud835\uddfc\ud835\ude04\ud835\uddee\ud835\uddfb\ud835\uddf6\ud835\uddf2 \ud835\ude07\ud835\uddf6\ud835\uddfa\ud835\uddfc\ud835\ude04\ud835\uddf2\ud835\uddf4\ud835\uddfc \ud835\uddfd\ud835\uddff\ud835\uddfc\ud835\uddf7\ud835\uddf2\ud835\uddf8\ud835\ude01\ud835\ude02 \ud835\uddf2\ud835\uddf1\ud835\ude02\ud835\uddf8\ud835\uddee\ud835\uddf0\ud835\ude06\ud835\uddf7\ud835\uddfb\ud835\uddf2\ud835\uddf4\ud835\uddfc. Z ko\u0144cem lutego zako\u0144czyli\u015bmy zimowy projekt edukacyjny \u201eAkcja Karmnik\u201d. W inicjatywie wzi\u0119\u0142o udzia\u0142 a\u017c \ud835\udff0\ud835\udfec \ud835\uddfd\ud835\uddf9\ud835\uddee\ud835\uddf0\ud835\uddfc\u0301\ud835\ude04\ud835\uddf2\ud835\uddf8 \ud835\uddf2\ud835\uddf1\ud835\ude02\ud835\uddf8\ud835\uddee\ud835\uddf0\ud835\ude06\ud835\uddf7\ud835\uddfb\ud835\ude06\ud835\uddf0\ud835\uddf5 \u2013 \ud835\uddfd\ud835\uddff\ud835\ude07\ud835\uddf2\ud835\uddf1\ud835\ude00\ud835\ude07\ud835\uddf8\ud835\uddfc\ud835\uddf9\ud835\uddf6 \ud835\uddf6 \ud835\ude00\ud835\ude07\ud835\uddf8\ud835\uddfc\u0301\u0142 \ud835\uddfd\ud835\uddfc\ud835\uddf1\ud835\ude00\ud835\ude01\ud835\uddee\ud835\ude04\ud835\uddfc\ud835\ude04\ud835\ude06\ud835\uddf0\ud835\uddf5 z terenu powiatu wo\u0142omi\u0144skiego. W ramach programu uczestnicy otrzymali pakiety karmnikowe, w sk\u0142ad kt\u00f3rych wchodzi\u0142y: karmnik, zapas karmy dla ptak\u00f3w oraz album o ptakach. Dzieci prowadzi\u0142y obserwacje odwiedzaj\u0105cych karmniki gatunk\u00f3w i zapisywa\u0142y swoje spostrze\u017cenia w Dzienniku Obserwacji Ptak\u00f3w&#8230;<\/p>\n","protected":false},"author":1,"featured_media":1971,"comment_status":"open","ping_status":"open","sticky":false,"template":"","format":"standard","meta":{"footnotes":""},"categories":[1],"tags":[],"class_list":["post-1970","post","type-post","status-publish","format-standard","has-post-thumbnail","hentry","category-aktualnosci"],"_links":{"self":[{"href":"https:\/\/powiatwwl.pl\/index.php?rest_route=\/wp\/v2\/posts\/1970","targetHints":{"allow":["GET"]}}],"collection":[{"href":"https:\/\/powiatwwl.pl\/index.php?rest_route=\/wp\/v2\/posts"}],"about":[{"href":"https:\/\/powiatwwl.pl\/index.php?rest_route=\/wp\/v2\/types\/post"}],"author":[{"embeddable":true,"href":"https:\/\/powiatwwl.pl\/index.php?rest_route=\/wp\/v2\/users\/1"}],"replies":[{"embeddable":true,"href":"https:\/\/powiatwwl.pl\/index.php?rest_route=%2Fwp%2Fv2%2Fcomments&post=1970"}],"version-history":[{"count":1,"href":"https:\/\/powiatwwl.pl\/index.php?rest_route=\/wp\/v2\/posts\/1970\/revisions"}],"predecessor-version":[{"id":1972,"href":"https:\/\/powiatwwl.pl\/index.php?rest_route=\/wp\/v2\/posts\/1970\/revisions\/1972"}],"wp:featuredmedia":[{"embeddable":true,"href":"https:\/\/powiatwwl.pl\/index.php?rest_route=\/wp\/v2\/media\/1971"}],"wp:attachment":[{"href":"https:\/\/powiatwwl.pl\/index.php?rest_route=%2Fwp%2Fv2%2Fmedia&parent=1970"}],"wp:term":[{"taxonomy":"category","embeddable":true,"href":"https:\/\/powiatwwl.pl\/index.php?rest_route=%2Fwp%2Fv2%2Fcategories&post=1970"},{"taxonomy":"post_tag","embeddable":true,"href":"https:\/\/powiatwwl.pl\/index.php?rest_route=%2Fwp%2Fv2%2Ftags&post=1970"}],"curies":[{"name":"wp","href":"https:\/\/api.w.org\/{rel}","templated":true}]}}