{"id":1975,"date":"2026-03-11T10:02:13","date_gmt":"2026-03-11T09:02:13","guid":{"rendered":"http:\/\/powiatwwl.pl\/?p=1975"},"modified":"2026-03-13T13:47:37","modified_gmt":"2026-03-13T12:47:37","slug":"dzien-soltysa-dziekujemy-video","status":"publish","type":"post","link":"https:\/\/powiatwwl.pl\/?p=1975","title":{"rendered":"Dzie\u0144 So\u0142tysa &#8211; DZI\u0118KUJEMY ! \/VIDEO\/"},"content":{"rendered":"\n<figure class=\"wp-block-image size-full\"><img loading=\"lazy\" decoding=\"async\" width=\"289\" height=\"175\" src=\"https:\/\/powiatwwl.pl\/wp-content\/uploads\/2026\/03\/images.jpg\" alt=\"\" class=\"wp-image-2082\"\/><\/figure>\n\n\n\n<p>\ud835\udfed\ud835\udfed \ud835\uddfa\ud835\uddee\ud835\uddff\ud835\uddf0\ud835\uddee \ud835\ude01\ud835\uddfc \ud835\uddd7\ud835\ude07\ud835\uddf6\ud835\uddf2\ud835\uddfb\u0301 \ud835\udde6\ud835\uddfc\u0142\ud835\ude01\ud835\ude06\ud835\ude00\ud835\uddf8\ud835\uddf6 \ud835\uddf6 \ud835\udde6\ud835\uddfc\u0142\ud835\ude01\ud835\ude06\ud835\ude00\ud835\uddee \u2013 \ud835\uddf9\ud835\uddfc\ud835\uddf8\ud835\uddee\ud835\uddf9\ud835\uddfb\ud835\ude06\ud835\uddf0\ud835\uddf5 \ud835\uddf9\ud835\uddf6\ud835\uddf1\ud835\uddf2\ud835\uddff\ud835\uddfc\u0301\ud835\ude04 \ud835\uddfb\ud835\uddee\ud835\ude00\ud835\ude07\ud835\ude06\ud835\uddf0\ud835\uddf5 \ud835\uddfa\ud835\uddf6\ud835\uddf2\ud835\uddf7\ud835\ude00\ud835\uddf0\ud835\uddfc\ud835\ude04\ud835\uddfc\ud835\ude00\u0301\ud835\uddf0\ud835\uddf6! <img loading=\"lazy\" decoding=\"async\" height=\"16\" width=\"16\" alt=\"\ud83d\udc4f\" src=\"https:\/\/static.xx.fbcdn.net\/images\/emoji.php\/v9\/tfe\/1\/16\/1f44f.png\"><\/p>\n\n\n\n<p>W wielu miejscowo\u015bciach to w\u0142a\u015bnie do so\u0142tysa mieszka\u0144cy id\u0105 jako pierwsi, z pomys\u0142em, problemem albo po prostu z pytaniem. So\u0142tys zna swoj\u0105 wie\u015b, ludzi i sprawy, kt\u00f3re s\u0105 dla nich najwa\u017cniejsze. Cz\u0119sto to w\u0142a\u015bnie oni organizuj\u0105 zebrania, integruj\u0105 mieszka\u0144c\u00f3w i pilnuj\u0105, \u017ceby g\u0142os lokalnej spo\u0142eczno\u015bci by\u0142 s\u0142yszany <img loading=\"lazy\" decoding=\"async\" height=\"16\" width=\"16\" alt=\"\ud83c\udf3e\" src=\"https:\/\/static.xx.fbcdn.net\/images\/emoji.php\/v9\/t9d\/1\/16\/1f33e.png\"><\/p>\n\n\n\n<p>To funkcja, kt\u00f3ra wymaga czasu, zaanga\u017cowania i poczucia odpowiedzialno\u015bci za swoj\u0105 miejscowo\u015b\u0107. Dlatego Dzie\u0144 So\u0142tysa to dobra okazja, by powiedzie\u0107 jedno proste s\u0142owo: \ud835\udc37\ud835\udc67\ud835\udc56\ud835\udc52\u0328\ud835\udc58\ud835\udc62\ud835\udc57\ud835\udc52\ud835\udc5a\ud835\udc66 \u2013 za codzienn\u0105 prac\u0119, za inicjatywy, za bycie blisko ludzi.<\/p>\n\n\n\n<p>\ud835\uddd4 \ud835\uddf7\ud835\uddee\ud835\uddf8 \ud835\ude04\ud835\ude06\ud835\uddf4\ud835\uddf9\ud835\uddee\u0328\ud835\uddf1\ud835\uddee \ud835\ude01\ud835\uddfc \ud835\ude04 \ud835\uddf9\ud835\uddf6\ud835\uddf0\ud835\ude07\ud835\uddef\ud835\uddee\ud835\uddf0\ud835\uddf5 \ud835\ude04 <a href=\"https:\/\/www.facebook.com\/Powiat.Wolominski?__cft__[0]=AZYcGQm-NuLOJIaDQtMxNVI_CTErHgjTLZ42LmpYIb-Q2OVC-PfcEnSQMXcLdVEeQi7xURPcdcOVNozIPmftssaeORRVrIIDDQ3i4A1SD2CRrxVm-7xCBce2V6UacSZWK_BYNHy-S3IJzJ13l4zm9a3Npmbxgqb4d3TElKvwxADVO3sPSJ1b9ROrqCL_jy3hnHuvHQDm06qrq3yB3ITmzebG&amp;__tn__=-]K-R\">Powiat Wo\u0142omi\u0144ski<\/a>?. W naszych gminach funkcjonuje \ud835\udfed\ud835\udff5\ud835\udff2 \ud835\ude00\ud835\uddfc\u0142\ud835\uddf2\ud835\uddf0\ud835\ude01\ud835\ude04, funkcj\u0119 t\u0119 pe\u0142ni \ud835\udff5\ud835\udfef \ud835\uddf8\ud835\uddfc\ud835\uddef\ud835\uddf6\ud835\uddf2\ud835\ude01\ud835\ude06 \ud835\uddf6 \ud835\udfed\ud835\udfec\ud835\udfee \ud835\uddfa\ud835\uddf2\u0328\ud835\ude07\u0307\ud835\uddf0\ud835\ude07\ud835\ude06\ud835\ude07\ud835\uddfb \u2013 czyli niemal idealna r\u00f3wnowaga (48% do 52%). <a href=\"https:\/\/www.facebook.com\/gminaklembow?__cft__[0]=AZYcGQm-NuLOJIaDQtMxNVI_CTErHgjTLZ42LmpYIb-Q2OVC-PfcEnSQMXcLdVEeQi7xURPcdcOVNozIPmftssaeORRVrIIDDQ3i4A1SD2CRrxVm-7xCBce2V6UacSZWK_BYNHy-S3IJzJ13l4zm9a3Npmbxgqb4d3TElKvwxADVO3sPSJ1b9ROrqCL_jy3hnHuvHQDm06qrq3yB3ITmzebG&amp;__tn__=-]K-R\">Gmina Klemb\u00f3w<\/a> to gmina z najwi\u0119kszym udzia\u0142em So\u0142tysek \u2013 10 kobiet na 17 so\u0142ectw. T\u0142uszcz ma z kolei najwi\u0119kszy udzia\u0142 m\u0119\u017cczyzn \u2013 18 So\u0142tys\u00f3w na 28 so\u0142ectw. <a href=\"https:\/\/www.facebook.com\/strachowka?__cft__[0]=AZYcGQm-NuLOJIaDQtMxNVI_CTErHgjTLZ42LmpYIb-Q2OVC-PfcEnSQMXcLdVEeQi7xURPcdcOVNozIPmftssaeORRVrIIDDQ3i4A1SD2CRrxVm-7xCBce2V6UacSZWK_BYNHy-S3IJzJ13l4zm9a3Npmbxgqb4d3TElKvwxADVO3sPSJ1b9ROrqCL_jy3hnHuvHQDm06qrq3yB3ITmzebG&amp;__tn__=-]K-R\">Gmina Strach\u00f3wka<\/a> panuje statystyczna r\u00f3wnowaga \u2013 \ud835\udfed\ud835\udfed \ud835\uddf8\ud835\uddfc\ud835\uddef\ud835\uddf6\ud835\uddf2\ud835\ude01 \ud835\uddf6 \ud835\udfed\ud835\udfed \ud835\uddfa\ud835\uddf2\u0328\ud835\ude07\u0307\ud835\uddf0\ud835\ude07\ud835\ude06\ud835\ude07\ud835\uddfb<\/p>\n\n\n\n<p>Te liczby pokazuj\u0105 jedno: so\u0142tysi i so\u0142tyski to ogromna sie\u0107 lokalnych lider\u00f3w, kt\u00f3rzy ka\u017cdego dnia dbaj\u0105 o rozw\u00f3j swoich miejscowo\u015bci i integruj\u0105 mieszka\u0144c\u00f3w. Dzi\u0119kujemy wszystkim so\u0142tysom za zaanga\u017cowanie, energi\u0119 i prac\u0119 na rzecz swoich spo\u0142eczno\u015bci. To w\u0142a\u015bnie dzi\u0119ki Wam samorz\u0105d jest jeszcze bli\u017cej ludzi.<\/p>\n\n\n\n<hr class=\"wp-block-separator aligncenter has-alpha-channel-opacity\"\/>\n\n\n<div class=\"wp-block-image\">\n<figure class=\"alignleft size-large is-resized\"><img loading=\"lazy\" decoding=\"async\" width=\"1024\" height=\"1024\" src=\"https:\/\/powiatwwl.pl\/wp-content\/uploads\/2026\/03\/PW-logok-Zdjecie-profilowe-na-Facebooka-6-1024x1024.jpg\" alt=\"\" class=\"wp-image-1976\" style=\"width:107px;height:auto\" srcset=\"https:\/\/powiatwwl.pl\/wp-content\/uploads\/2026\/03\/PW-logok-Zdjecie-profilowe-na-Facebooka-6-1024x1024.jpg 1024w, https:\/\/powiatwwl.pl\/wp-content\/uploads\/2026\/03\/PW-logok-Zdjecie-profilowe-na-Facebooka-6-300x300.jpg 300w, https:\/\/powiatwwl.pl\/wp-content\/uploads\/2026\/03\/PW-logok-Zdjecie-profilowe-na-Facebooka-6-150x150.jpg 150w, https:\/\/powiatwwl.pl\/wp-content\/uploads\/2026\/03\/PW-logok-Zdjecie-profilowe-na-Facebooka-6-768x768.jpg 768w, https:\/\/powiatwwl.pl\/wp-content\/uploads\/2026\/03\/PW-logok-Zdjecie-profilowe-na-Facebooka-6-80x80.jpg 80w, https:\/\/powiatwwl.pl\/wp-content\/uploads\/2026\/03\/PW-logok-Zdjecie-profilowe-na-Facebooka-6-320x320.jpg 320w, https:\/\/powiatwwl.pl\/wp-content\/uploads\/2026\/03\/PW-logok-Zdjecie-profilowe-na-Facebooka-6.jpg 1280w\" sizes=\"auto, (max-width: 1024px) 100vw, 1024px\" \/><\/figure>\n<\/div>\n\n\n<h2 class=\"wp-block-heading\"><strong><a href=\"https:\/\/www.facebook.com\/reel\/684210634748563\">ROLKA VIDEO<\/a><\/strong><\/h2>\n\n\n\n<hr class=\"wp-block-separator aligncenter has-alpha-channel-opacity\"\/>\n\n\n<div class=\"wp-block-image\">\n<figure class=\"alignleft size-large is-resized\"><img loading=\"lazy\" decoding=\"async\" width=\"1024\" height=\"1024\" src=\"https:\/\/powiatwwl.pl\/wp-content\/uploads\/2026\/03\/PW-logo12-Zdjecie-profilowe-na-Facebooka-1-1-1024x1024.jpg\" alt=\"\" class=\"wp-image-1847\" style=\"width:114px;height:auto\" srcset=\"https:\/\/powiatwwl.pl\/wp-content\/uploads\/2026\/03\/PW-logo12-Zdjecie-profilowe-na-Facebooka-1-1-1024x1024.jpg 1024w, https:\/\/powiatwwl.pl\/wp-content\/uploads\/2026\/03\/PW-logo12-Zdjecie-profilowe-na-Facebooka-1-1-300x300.jpg 300w, https:\/\/powiatwwl.pl\/wp-content\/uploads\/2026\/03\/PW-logo12-Zdjecie-profilowe-na-Facebooka-1-1-150x150.jpg 150w, https:\/\/powiatwwl.pl\/wp-content\/uploads\/2026\/03\/PW-logo12-Zdjecie-profilowe-na-Facebooka-1-1-768x768.jpg 768w, https:\/\/powiatwwl.pl\/wp-content\/uploads\/2026\/03\/PW-logo12-Zdjecie-profilowe-na-Facebooka-1-1-1536x1536.jpg 1536w, https:\/\/powiatwwl.pl\/wp-content\/uploads\/2026\/03\/PW-logo12-Zdjecie-profilowe-na-Facebooka-1-1-80x80.jpg 80w, https:\/\/powiatwwl.pl\/wp-content\/uploads\/2026\/03\/PW-logo12-Zdjecie-profilowe-na-Facebooka-1-1-320x320.jpg 320w, https:\/\/powiatwwl.pl\/wp-content\/uploads\/2026\/03\/PW-logo12-Zdjecie-profilowe-na-Facebooka-1-1.jpg 2048w\" sizes=\"auto, (max-width: 1024px) 100vw, 1024px\" \/><\/figure>\n<\/div>\n\n\n<h2 class=\"wp-block-heading\"><strong><a href=\"https:\/\/www.facebook.com\/starostaWerelich\">Arkadiusz WERELICH<\/a><\/strong><\/h2>\n\n\n\n<p><\/p>\n","protected":false},"excerpt":{"rendered":"<p>\ud835\udfed\ud835\udfed \ud835\uddfa\ud835\uddee\ud835\uddff\ud835\uddf0\ud835\uddee \ud835\ude01\ud835\uddfc \ud835\uddd7\ud835\ude07\ud835\uddf6\ud835\uddf2\ud835\uddfb\u0301 \ud835\udde6\ud835\uddfc\u0142\ud835\ude01\ud835\ude06\ud835\ude00\ud835\uddf8\ud835\uddf6 \ud835\uddf6 \ud835\udde6\ud835\uddfc\u0142\ud835\ude01\ud835\ude06\ud835\ude00\ud835\uddee \u2013 \ud835\uddf9\ud835\uddfc\ud835\uddf8\ud835\uddee\ud835\uddf9\ud835\uddfb\ud835\ude06\ud835\uddf0\ud835\uddf5 \ud835\uddf9\ud835\uddf6\ud835\uddf1\ud835\uddf2\ud835\uddff\ud835\uddfc\u0301\ud835\ude04 \ud835\uddfb\ud835\uddee\ud835\ude00\ud835\ude07\ud835\ude06\ud835\uddf0\ud835\uddf5 \ud835\uddfa\ud835\uddf6\ud835\uddf2\ud835\uddf7\ud835\ude00\ud835\uddf0\ud835\uddfc\ud835\ude04\ud835\uddfc\ud835\ude00\u0301\ud835\uddf0\ud835\uddf6!<br \/>\nW wielu miejscowo\u015bciach to w\u0142a\u015bnie do so\u0142tysa mieszka\u0144cy id\u0105 jako pierwsi, z pomys\u0142em, problemem albo po prostu z pytaniem. So\u0142tys zna swoj\u0105 wie\u015b, ludzi i sprawy, kt\u00f3re s\u0105 dla nich najwa\u017cniejsze. Cz\u0119sto to w\u0142a\u015bnie oni organizuj\u0105 zebrania, integruj\u0105 mieszka\u0144c\u00f3w i pilnuj\u0105, \u017ceby g\u0142os lokalnej spo\u0142eczno\u015bci by\u0142 s\u0142yszany <\/p>\n<p>To funkcja, kt\u00f3ra wymaga czasu, zaanga\u017cowania i poczucia odpowiedzialno\u015bci za swoj\u0105 miejscowo\u015b\u0107. Dlatego Dzie\u0144 So\u0142tysa to dobra okazja, by powiedzie\u0107 jedno proste s\u0142owo: \ud835\udc37\ud835\udc67\ud835\udc56\ud835\udc52\u0328\ud835\udc58\ud835\udc62\ud835\udc57\ud835\udc52\ud835\udc5a\ud835\udc66 \u2013 za codzienn\u0105 prac\u0119, za inicjatywy, za bycie blisko ludzi&#8230;<\/p>\n","protected":false},"author":1,"featured_media":2082,"comment_status":"open","ping_status":"open","sticky":false,"template":"","format":"standard","meta":{"footnotes":""},"categories":[1],"tags":[],"class_list":["post-1975","post","type-post","status-publish","format-standard","has-post-thumbnail","hentry","category-aktualnosci"],"_links":{"self":[{"href":"https:\/\/powiatwwl.pl\/index.php?rest_route=\/wp\/v2\/posts\/1975","targetHints":{"allow":["GET"]}}],"collection":[{"href":"https:\/\/powiatwwl.pl\/index.php?rest_route=\/wp\/v2\/posts"}],"about":[{"href":"https:\/\/powiatwwl.pl\/index.php?rest_route=\/wp\/v2\/types\/post"}],"author":[{"embeddable":true,"href":"https:\/\/powiatwwl.pl\/index.php?rest_route=\/wp\/v2\/users\/1"}],"replies":[{"embeddable":true,"href":"https:\/\/powiatwwl.pl\/index.php?rest_route=%2Fwp%2Fv2%2Fcomments&post=1975"}],"version-history":[{"count":2,"href":"https:\/\/powiatwwl.pl\/index.php?rest_route=\/wp\/v2\/posts\/1975\/revisions"}],"predecessor-version":[{"id":2083,"href":"https:\/\/powiatwwl.pl\/index.php?rest_route=\/wp\/v2\/posts\/1975\/revisions\/2083"}],"wp:featuredmedia":[{"embeddable":true,"href":"https:\/\/powiatwwl.pl\/index.php?rest_route=\/wp\/v2\/media\/2082"}],"wp:attachment":[{"href":"https:\/\/powiatwwl.pl\/index.php?rest_route=%2Fwp%2Fv2%2Fmedia&parent=1975"}],"wp:term":[{"taxonomy":"category","embeddable":true,"href":"https:\/\/powiatwwl.pl\/index.php?rest_route=%2Fwp%2Fv2%2Fcategories&post=1975"},{"taxonomy":"post_tag","embeddable":true,"href":"https:\/\/powiatwwl.pl\/index.php?rest_route=%2Fwp%2Fv2%2Ftags&post=1975"}],"curies":[{"name":"wp","href":"https:\/\/api.w.org\/{rel}","templated":true}]}}