{"id":1990,"date":"2026-03-11T12:18:52","date_gmt":"2026-03-11T11:18:52","guid":{"rendered":"http:\/\/powiatwwl.pl\/?p=1990"},"modified":"2026-03-11T12:18:53","modified_gmt":"2026-03-11T11:18:53","slug":"powiatowa-komunikacja-by-byla-coraz-lepsza","status":"publish","type":"post","link":"https:\/\/powiatwwl.pl\/?p=1990","title":{"rendered":"Powiatowa Komunikacja &#8211; by by\u0142a coraz lepsza"},"content":{"rendered":"<div class=\"wp-block-image\">\n<figure class=\"aligncenter size-large is-resized\"><img loading=\"lazy\" decoding=\"async\" width=\"1024\" height=\"732\" src=\"https:\/\/powiatwwl.pl\/wp-content\/uploads\/2026\/03\/649349313_122210751926372847_3891331568401986595_n-1024x732.jpg\" alt=\"\" class=\"wp-image-1991\" style=\"aspect-ratio:1.3989454809375401;width:669px;height:auto\" srcset=\"https:\/\/powiatwwl.pl\/wp-content\/uploads\/2026\/03\/649349313_122210751926372847_3891331568401986595_n-1024x732.jpg 1024w, https:\/\/powiatwwl.pl\/wp-content\/uploads\/2026\/03\/649349313_122210751926372847_3891331568401986595_n-300x214.jpg 300w, https:\/\/powiatwwl.pl\/wp-content\/uploads\/2026\/03\/649349313_122210751926372847_3891331568401986595_n-768x549.jpg 768w, https:\/\/powiatwwl.pl\/wp-content\/uploads\/2026\/03\/649349313_122210751926372847_3891331568401986595_n-1536x1098.jpg 1536w, https:\/\/powiatwwl.pl\/wp-content\/uploads\/2026\/03\/649349313_122210751926372847_3891331568401986595_n.jpg 2048w\" sizes=\"auto, (max-width: 1024px) 100vw, 1024px\" \/><\/figure>\n<\/div>\n\n\n<p>Zawsze powtarzam, \u017ce czasu na rozmow\u0119 i wymian\u0119 do\u015bwiadcze\u0144 nigdy nie jest za du\u017co. Dzi\u015b spotka\u0142em si\u0119 z <a href=\"https:\/\/www.facebook.com\/adam.morzyk.73?__cft__[0]=AZbUCHo5InMu4ItqFrlMakgFkdCpnnwwKDc1bv_FlNYLS8JTsPsrOe-WNL2yaey6fy9Kx0iES5d3SqO8wpeqesZKRg6EvMp5cJAiIZs6HqqVOJh2ILaRlfVCaHyyVgYxtjWqsR6NAbDcBtPqPJqnsOEOdOe4HdkG_LgH4bIDClqv5X0LFma7Y9Xnv5VbfaDBI-Ds58eehAfuTcRpfr7UiqAz&amp;__tn__=-]K-R\">Adam Morzyk<\/a> Cz\u0142onkiem Zarz\u0105du Powiatu Cz\u0119stochowskiego, kt\u00f3ry przebywa\u0142 w okolicy naszego <a href=\"https:\/\/www.facebook.com\/Powiat.Wolominski?__cft__[0]=AZbUCHo5InMu4ItqFrlMakgFkdCpnnwwKDc1bv_FlNYLS8JTsPsrOe-WNL2yaey6fy9Kx0iES5d3SqO8wpeqesZKRg6EvMp5cJAiIZs6HqqVOJh2ILaRlfVCaHyyVgYxtjWqsR6NAbDcBtPqPJqnsOEOdOe4HdkG_LgH4bIDClqv5X0LFma7Y9Xnv5VbfaDBI-Ds58eehAfuTcRpfr7UiqAz&amp;__tn__=-]K-R\">Powiat<\/a>u, a na swoim terenie organizuje transport publiczny poprzez \u201eKomunikacja Jurajska\u201d powiatowo\u2011gminny zwi\u0105zek. Uwa\u017cam, \u017ce takie niecodzienne i bardzo przyjazne spotkania s\u0105 niezwykle warto\u015bciowe i realnie przyczyniaj\u0105 si\u0119 do poprawy jako\u015bci \u017cycia naszych mieszka\u0144c\u00f3w.\/TK\/<\/p>\n\n\n\n<hr class=\"wp-block-separator aligncenter has-alpha-channel-opacity\"\/>\n\n\n<div class=\"wp-block-image\">\n<figure class=\"alignleft size-large is-resized\"><img loading=\"lazy\" decoding=\"async\" width=\"1024\" height=\"1024\" src=\"https:\/\/powiatwwl.pl\/wp-content\/uploads\/2026\/03\/PW-logok-Zdjecie-profilowe-na-Facebooka-1-1024x1024.jpg\" alt=\"\" class=\"wp-image-1851\" style=\"width:107px;height:auto\" srcset=\"https:\/\/powiatwwl.pl\/wp-content\/uploads\/2026\/03\/PW-logok-Zdjecie-profilowe-na-Facebooka-1-1024x1024.jpg 1024w, https:\/\/powiatwwl.pl\/wp-content\/uploads\/2026\/03\/PW-logok-Zdjecie-profilowe-na-Facebooka-1-300x300.jpg 300w, https:\/\/powiatwwl.pl\/wp-content\/uploads\/2026\/03\/PW-logok-Zdjecie-profilowe-na-Facebooka-1-150x150.jpg 150w, https:\/\/powiatwwl.pl\/wp-content\/uploads\/2026\/03\/PW-logok-Zdjecie-profilowe-na-Facebooka-1-768x768.jpg 768w, https:\/\/powiatwwl.pl\/wp-content\/uploads\/2026\/03\/PW-logok-Zdjecie-profilowe-na-Facebooka-1-1536x1536.jpg 1536w, https:\/\/powiatwwl.pl\/wp-content\/uploads\/2026\/03\/PW-logok-Zdjecie-profilowe-na-Facebooka-1-80x80.jpg 80w, https:\/\/powiatwwl.pl\/wp-content\/uploads\/2026\/03\/PW-logok-Zdjecie-profilowe-na-Facebooka-1-320x320.jpg 320w, https:\/\/powiatwwl.pl\/wp-content\/uploads\/2026\/03\/PW-logok-Zdjecie-profilowe-na-Facebooka-1.jpg 2048w\" sizes=\"auto, (max-width: 1024px) 100vw, 1024px\" \/><\/figure>\n<\/div>\n\n\n<h2 class=\"wp-block-heading\"><strong><a href=\"https:\/\/www.facebook.com\/profile.php?id=61561185435479\">Tomasz KALATA<\/a><\/strong><\/h2>\n","protected":false},"excerpt":{"rendered":"<p>Zawsze powtarzam, \u017ce czasu na rozmow\u0119 i wymian\u0119 do\u015bwiadcze\u0144 nigdy nie jest za du\u017co. Dzi\u015b spotka\u0142em si\u0119 z Adam Morzyk Cz\u0142onkiem Zarz\u0105du Powiatu Cz\u0119stochowskiego, kt\u00f3ry przebywa\u0142 w okolicy naszego Powiatu, a na swoim terenie organizuje transport publiczny poprzez \u201eKomunikacja Jurajska\u201d powiatowo\u2011gminny zwi\u0105zek&#8230;<\/p>\n","protected":false},"author":1,"featured_media":1992,"comment_status":"open","ping_status":"open","sticky":false,"template":"","format":"standard","meta":{"footnotes":""},"categories":[1],"tags":[],"class_list":["post-1990","post","type-post","status-publish","format-standard","has-post-thumbnail","hentry","category-aktualnosci"],"_links":{"self":[{"href":"https:\/\/powiatwwl.pl\/index.php?rest_route=\/wp\/v2\/posts\/1990","targetHints":{"allow":["GET"]}}],"collection":[{"href":"https:\/\/powiatwwl.pl\/index.php?rest_route=\/wp\/v2\/posts"}],"about":[{"href":"https:\/\/powiatwwl.pl\/index.php?rest_route=\/wp\/v2\/types\/post"}],"author":[{"embeddable":true,"href":"https:\/\/powiatwwl.pl\/index.php?rest_route=\/wp\/v2\/users\/1"}],"replies":[{"embeddable":true,"href":"https:\/\/powiatwwl.pl\/index.php?rest_route=%2Fwp%2Fv2%2Fcomments&post=1990"}],"version-history":[{"count":1,"href":"https:\/\/powiatwwl.pl\/index.php?rest_route=\/wp\/v2\/posts\/1990\/revisions"}],"predecessor-version":[{"id":1993,"href":"https:\/\/powiatwwl.pl\/index.php?rest_route=\/wp\/v2\/posts\/1990\/revisions\/1993"}],"wp:featuredmedia":[{"embeddable":true,"href":"https:\/\/powiatwwl.pl\/index.php?rest_route=\/wp\/v2\/media\/1992"}],"wp:attachment":[{"href":"https:\/\/powiatwwl.pl\/index.php?rest_route=%2Fwp%2Fv2%2Fmedia&parent=1990"}],"wp:term":[{"taxonomy":"category","embeddable":true,"href":"https:\/\/powiatwwl.pl\/index.php?rest_route=%2Fwp%2Fv2%2Fcategories&post=1990"},{"taxonomy":"post_tag","embeddable":true,"href":"https:\/\/powiatwwl.pl\/index.php?rest_route=%2Fwp%2Fv2%2Ftags&post=1990"}],"curies":[{"name":"wp","href":"https:\/\/api.w.org\/{rel}","templated":true}]}}