{"id":1994,"date":"2026-03-11T12:40:01","date_gmt":"2026-03-11T11:40:01","guid":{"rendered":"http:\/\/powiatwwl.pl\/?p=1994"},"modified":"2026-03-11T12:40:02","modified_gmt":"2026-03-11T11:40:02","slug":"wspaniala-soltyska-ossowa","status":"publish","type":"post","link":"https:\/\/powiatwwl.pl\/?p=1994","title":{"rendered":"Wspania\u0142a So\u0142tyska Ossowa"},"content":{"rendered":"<div class=\"wp-block-image\">\n<figure class=\"aligncenter size-full is-resized\"><img loading=\"lazy\" decoding=\"async\" width=\"960\" height=\"720\" src=\"https:\/\/powiatwwl.pl\/wp-content\/uploads\/2026\/03\/563499268_122153640902746670_3759407069339608469_n.jpg\" alt=\"\" class=\"wp-image-1995\" style=\"width:614px;height:auto\" srcset=\"https:\/\/powiatwwl.pl\/wp-content\/uploads\/2026\/03\/563499268_122153640902746670_3759407069339608469_n.jpg 960w, https:\/\/powiatwwl.pl\/wp-content\/uploads\/2026\/03\/563499268_122153640902746670_3759407069339608469_n-300x225.jpg 300w, https:\/\/powiatwwl.pl\/wp-content\/uploads\/2026\/03\/563499268_122153640902746670_3759407069339608469_n-768x576.jpg 768w\" sizes=\"auto, (max-width: 960px) 100vw, 960px\" \/><\/figure>\n<\/div>\n\n\n<p>Odk\u0105d zosta\u0142a So\u0142tysk\u0105 nasz Oss\u00f3w t\u0119tni nowym , niesamowitym \u017cyciem. Jest wyr\u00f3\u017cniaj\u0105c\u0105 si\u0119 So\u0142tysk\u0105 w Powiecie Wo\u0142omi\u0144skim. Niesamowicie aktywna, pe\u0142na nowych pomys\u0142\u00f3w, pe\u0142na energii. Szanowana i lubiana. O Ossowie i  Kole Gospody\u0144 Wiejskich OSSOWIANKI wiedza nie tylko w Powiecie Wo\u0142omi\u0144skim, ale ju\u017c w ca\u0142ej Polsce. So\u0142tyska Viola BOLUK jest wielkim skarbem dla spo\u0142eczno\u015bci Ossowa. Z okazji DNIA SO\u0141TYSA \u017cyczymy Pani Violi zdrowia i nieustaj\u0105cej energii, kt\u00f3ra zmienia \u015bwiat na lepsze. Wszystkiego Najlepszego Pani So\u0142tys Ossowa i DZI\u0118KUJEMY !\/PW\/<\/p>\n\n\n\n<hr class=\"wp-block-separator aligncenter has-alpha-channel-opacity\"\/>\n\n\n<div class=\"wp-block-image\">\n<figure class=\"alignleft size-large is-resized\"><img loading=\"lazy\" decoding=\"async\" width=\"1024\" height=\"1024\" src=\"https:\/\/powiatwwl.pl\/wp-content\/uploads\/2026\/03\/PW-logok-Zdjecie-profilowe-na-Facebooka-2-1024x1024.jpg\" alt=\"\" class=\"wp-image-1853\" style=\"width:109px;height:auto\" srcset=\"https:\/\/powiatwwl.pl\/wp-content\/uploads\/2026\/03\/PW-logok-Zdjecie-profilowe-na-Facebooka-2-1024x1024.jpg 1024w, https:\/\/powiatwwl.pl\/wp-content\/uploads\/2026\/03\/PW-logok-Zdjecie-profilowe-na-Facebooka-2-300x300.jpg 300w, https:\/\/powiatwwl.pl\/wp-content\/uploads\/2026\/03\/PW-logok-Zdjecie-profilowe-na-Facebooka-2-150x150.jpg 150w, https:\/\/powiatwwl.pl\/wp-content\/uploads\/2026\/03\/PW-logok-Zdjecie-profilowe-na-Facebooka-2-768x768.jpg 768w, https:\/\/powiatwwl.pl\/wp-content\/uploads\/2026\/03\/PW-logok-Zdjecie-profilowe-na-Facebooka-2-1536x1536.jpg 1536w, https:\/\/powiatwwl.pl\/wp-content\/uploads\/2026\/03\/PW-logok-Zdjecie-profilowe-na-Facebooka-2-80x80.jpg 80w, https:\/\/powiatwwl.pl\/wp-content\/uploads\/2026\/03\/PW-logok-Zdjecie-profilowe-na-Facebooka-2-320x320.jpg 320w, https:\/\/powiatwwl.pl\/wp-content\/uploads\/2026\/03\/PW-logok-Zdjecie-profilowe-na-Facebooka-2.jpg 2048w\" sizes=\"auto, (max-width: 1024px) 100vw, 1024px\" \/><\/figure>\n<\/div>\n\n\n<h2 class=\"wp-block-heading\"><strong><a href=\"http:\/\/www.wyszynskipiotr.pl\">Piotr WYSZY\u0143SKI<\/a><\/strong><\/h2>\n\n\n\n<p><\/p>\n","protected":false},"excerpt":{"rendered":"<p>Odk\u0105d zosta\u0142a So\u0142tysk\u0105 nasz Oss\u00f3w t\u0119tni nowym , niesamowitym \u017cyciem. Jest wyr\u00f3\u017cniaj\u0105c\u0105 si\u0119 So\u0142tysk\u0105 w Powiecie Wo\u0142omi\u0144skim. Niesamowicie aktywna, pe\u0142na nowych pomys\u0142\u00f3w, pe\u0142na energii. Szanowana i lubiana. O Ossowie i  Kole Gospody\u0144 Wiejskich OSSOWIANKI wiedza nie tylko w Powiecie Wo\u0142omi\u0144skim, ale ju\u017c w ca\u0142ej Polsce. So\u0142tyska Viola BOLUK jest wielkim skarbem dla spo\u0142eczno\u015bci Ossowa. Z okazji DNIA SO\u0141TYSA \u017cyczymy Pani Violi zdrowia i nieustaj\u0105cej energii, kt\u00f3ra zmienia \u015bwiat na lepsze. Wszystkiego Najlepszego Pani So\u0142tys Ossowa i DZI\u0118KUJEMY !\/PW\/<\/p>\n","protected":false},"author":1,"featured_media":1996,"comment_status":"open","ping_status":"open","sticky":false,"template":"","format":"standard","meta":{"footnotes":""},"categories":[1],"tags":[],"class_list":["post-1994","post","type-post","status-publish","format-standard","has-post-thumbnail","hentry","category-aktualnosci"],"_links":{"self":[{"href":"https:\/\/powiatwwl.pl\/index.php?rest_route=\/wp\/v2\/posts\/1994","targetHints":{"allow":["GET"]}}],"collection":[{"href":"https:\/\/powiatwwl.pl\/index.php?rest_route=\/wp\/v2\/posts"}],"about":[{"href":"https:\/\/powiatwwl.pl\/index.php?rest_route=\/wp\/v2\/types\/post"}],"author":[{"embeddable":true,"href":"https:\/\/powiatwwl.pl\/index.php?rest_route=\/wp\/v2\/users\/1"}],"replies":[{"embeddable":true,"href":"https:\/\/powiatwwl.pl\/index.php?rest_route=%2Fwp%2Fv2%2Fcomments&post=1994"}],"version-history":[{"count":1,"href":"https:\/\/powiatwwl.pl\/index.php?rest_route=\/wp\/v2\/posts\/1994\/revisions"}],"predecessor-version":[{"id":1997,"href":"https:\/\/powiatwwl.pl\/index.php?rest_route=\/wp\/v2\/posts\/1994\/revisions\/1997"}],"wp:featuredmedia":[{"embeddable":true,"href":"https:\/\/powiatwwl.pl\/index.php?rest_route=\/wp\/v2\/media\/1996"}],"wp:attachment":[{"href":"https:\/\/powiatwwl.pl\/index.php?rest_route=%2Fwp%2Fv2%2Fmedia&parent=1994"}],"wp:term":[{"taxonomy":"category","embeddable":true,"href":"https:\/\/powiatwwl.pl\/index.php?rest_route=%2Fwp%2Fv2%2Fcategories&post=1994"},{"taxonomy":"post_tag","embeddable":true,"href":"https:\/\/powiatwwl.pl\/index.php?rest_route=%2Fwp%2Fv2%2Ftags&post=1994"}],"curies":[{"name":"wp","href":"https:\/\/api.w.org\/{rel}","templated":true}]}}