{"id":2005,"date":"2026-03-11T13:37:59","date_gmt":"2026-03-11T12:37:59","guid":{"rendered":"http:\/\/powiatwwl.pl\/?p=2005"},"modified":"2026-03-11T13:38:00","modified_gmt":"2026-03-11T12:38:00","slug":"zyczenia-od-wicestarosciny-dla-soltysow-i-rad-soleckich","status":"publish","type":"post","link":"https:\/\/powiatwwl.pl\/?p=2005","title":{"rendered":"\u017byczenia od Wicestaro\u015bciny dla So\u0142tys\u00f3w i Rad So\u0142eckich"},"content":{"rendered":"<div class=\"wp-block-image\">\n<figure class=\"aligncenter size-full\"><img loading=\"lazy\" decoding=\"async\" width=\"720\" height=\"536\" src=\"https:\/\/powiatwwl.pl\/wp-content\/uploads\/2026\/03\/649486908_1555610319726378_8179705388474026473_n.jpg\" alt=\"\" class=\"wp-image-2006\" srcset=\"https:\/\/powiatwwl.pl\/wp-content\/uploads\/2026\/03\/649486908_1555610319726378_8179705388474026473_n.jpg 720w, https:\/\/powiatwwl.pl\/wp-content\/uploads\/2026\/03\/649486908_1555610319726378_8179705388474026473_n-300x223.jpg 300w\" sizes=\"auto, (max-width: 720px) 100vw, 720px\" \/><\/figure>\n<\/div>\n\n\n<p>Przesy\u0142am moc u\u015bcisk\u00f3w dla wszystkich So\u0142tys\u00f3w, So\u0142tysek i Rad So\u0142eckich. Dzi\u0119kuj\u0119 za Wasz\u0105 codzienn\u0105 prac\u0119 i zaanga\u017cowanie na rzecz naszych lokalnych spo\u0142eczno\u015bci. Wasza troska o rozw\u00f3j naszych so\u0142ectw i budowanie wsp\u00f3lnoty zas\u0142uguj\u0105 na szczeg\u00f3lne uznanie. Dzi\u0119ki Wam nasze miejscowo\u015bci staj\u0105 si\u0119 miejscem przyjaznym do \u017cycia, wsp\u00f3\u0142pracy i wzajemnego wsparcia. \u017bycz\u0119 du\u017co zdrowia, satysfakcji z pe\u0142nionej funkcji, pomy\u015blno\u015bci w realizacji wszystkich inicjatyw oraz nieustaj\u0105cej \u017cyczliwo\u015bci mieszka\u0144c\u00f3w.\/KP\/<\/p>\n\n\n\n<hr class=\"wp-block-separator aligncenter has-alpha-channel-opacity\"\/>\n\n\n<div class=\"wp-block-image\">\n<figure class=\"alignleft size-large is-resized\"><img loading=\"lazy\" decoding=\"async\" width=\"1024\" height=\"1024\" src=\"https:\/\/powiatwwl.pl\/wp-content\/uploads\/2026\/03\/PW-logok-Zdjecie-profilowe-na-Facebooka-1024x1024.jpg\" alt=\"\" class=\"wp-image-1850\" style=\"width:108px;height:auto\" srcset=\"https:\/\/powiatwwl.pl\/wp-content\/uploads\/2026\/03\/PW-logok-Zdjecie-profilowe-na-Facebooka-1024x1024.jpg 1024w, https:\/\/powiatwwl.pl\/wp-content\/uploads\/2026\/03\/PW-logok-Zdjecie-profilowe-na-Facebooka-300x300.jpg 300w, https:\/\/powiatwwl.pl\/wp-content\/uploads\/2026\/03\/PW-logok-Zdjecie-profilowe-na-Facebooka-150x150.jpg 150w, https:\/\/powiatwwl.pl\/wp-content\/uploads\/2026\/03\/PW-logok-Zdjecie-profilowe-na-Facebooka-768x768.jpg 768w, https:\/\/powiatwwl.pl\/wp-content\/uploads\/2026\/03\/PW-logok-Zdjecie-profilowe-na-Facebooka-1536x1536.jpg 1536w, https:\/\/powiatwwl.pl\/wp-content\/uploads\/2026\/03\/PW-logok-Zdjecie-profilowe-na-Facebooka-80x80.jpg 80w, https:\/\/powiatwwl.pl\/wp-content\/uploads\/2026\/03\/PW-logok-Zdjecie-profilowe-na-Facebooka-320x320.jpg 320w, https:\/\/powiatwwl.pl\/wp-content\/uploads\/2026\/03\/PW-logok-Zdjecie-profilowe-na-Facebooka.jpg 2048w\" sizes=\"auto, (max-width: 1024px) 100vw, 1024px\" \/><\/figure>\n<\/div>\n\n\n<h2 class=\"wp-block-heading\"><strong><a href=\"https:\/\/www.facebook.com\/profile.php?id=100058322747273\">Katarzyna PAZIO<\/a><\/strong><\/h2>\n\n\n\n<p><\/p>\n","protected":false},"excerpt":{"rendered":"<p>Przesy\u0142am moc u\u015bcisk\u00f3w dla wszystkich So\u0142tys\u00f3w, So\u0142tysek i Rad So\u0142eckich. Dzi\u0119kuj\u0119 za Wasz\u0105 codzienn\u0105 prac\u0119 i zaanga\u017cowanie na rzecz naszych lokalnych spo\u0142eczno\u015bci. Wasza troska o rozw\u00f3j naszych so\u0142ectw i budowanie wsp\u00f3lnoty zas\u0142uguj\u0105 na szczeg\u00f3lne uznanie. Dzi\u0119ki Wam nasze miejscowo\u015bci staj\u0105 si\u0119 miejscem przyjaznym do \u017cycia, wsp\u00f3\u0142pracy i wzajemnego wsparcia&#8230;<\/p>\n","protected":false},"author":1,"featured_media":2006,"comment_status":"open","ping_status":"open","sticky":false,"template":"","format":"standard","meta":{"footnotes":""},"categories":[1],"tags":[],"class_list":["post-2005","post","type-post","status-publish","format-standard","has-post-thumbnail","hentry","category-aktualnosci"],"_links":{"self":[{"href":"https:\/\/powiatwwl.pl\/index.php?rest_route=\/wp\/v2\/posts\/2005","targetHints":{"allow":["GET"]}}],"collection":[{"href":"https:\/\/powiatwwl.pl\/index.php?rest_route=\/wp\/v2\/posts"}],"about":[{"href":"https:\/\/powiatwwl.pl\/index.php?rest_route=\/wp\/v2\/types\/post"}],"author":[{"embeddable":true,"href":"https:\/\/powiatwwl.pl\/index.php?rest_route=\/wp\/v2\/users\/1"}],"replies":[{"embeddable":true,"href":"https:\/\/powiatwwl.pl\/index.php?rest_route=%2Fwp%2Fv2%2Fcomments&post=2005"}],"version-history":[{"count":1,"href":"https:\/\/powiatwwl.pl\/index.php?rest_route=\/wp\/v2\/posts\/2005\/revisions"}],"predecessor-version":[{"id":2007,"href":"https:\/\/powiatwwl.pl\/index.php?rest_route=\/wp\/v2\/posts\/2005\/revisions\/2007"}],"wp:featuredmedia":[{"embeddable":true,"href":"https:\/\/powiatwwl.pl\/index.php?rest_route=\/wp\/v2\/media\/2006"}],"wp:attachment":[{"href":"https:\/\/powiatwwl.pl\/index.php?rest_route=%2Fwp%2Fv2%2Fmedia&parent=2005"}],"wp:term":[{"taxonomy":"category","embeddable":true,"href":"https:\/\/powiatwwl.pl\/index.php?rest_route=%2Fwp%2Fv2%2Fcategories&post=2005"},{"taxonomy":"post_tag","embeddable":true,"href":"https:\/\/powiatwwl.pl\/index.php?rest_route=%2Fwp%2Fv2%2Ftags&post=2005"}],"curies":[{"name":"wp","href":"https:\/\/api.w.org\/{rel}","templated":true}]}}