{"id":2008,"date":"2026-03-11T14:35:33","date_gmt":"2026-03-11T13:35:33","guid":{"rendered":"http:\/\/powiatwwl.pl\/?p=2008"},"modified":"2026-03-11T14:44:51","modified_gmt":"2026-03-11T13:44:51","slug":"d-tusk-j-grabiec-a-werelich","status":"publish","type":"post","link":"https:\/\/powiatwwl.pl\/?p=2008","title":{"rendered":"D.Tusk, J.Grabiec, A.Werelich"},"content":{"rendered":"<div class=\"wp-block-image\">\n<figure class=\"aligncenter size-full is-resized\"><img loading=\"lazy\" decoding=\"async\" width=\"940\" height=\"788\" src=\"https:\/\/powiatwwl.pl\/wp-content\/uploads\/2026\/03\/Bezowy-Jasny-Pozytywny-Post-na-Facebooka.jpg\" alt=\"\" class=\"wp-image-2009\" style=\"aspect-ratio:1.1929170549860204;width:572px;height:auto\" srcset=\"https:\/\/powiatwwl.pl\/wp-content\/uploads\/2026\/03\/Bezowy-Jasny-Pozytywny-Post-na-Facebooka.jpg 940w, https:\/\/powiatwwl.pl\/wp-content\/uploads\/2026\/03\/Bezowy-Jasny-Pozytywny-Post-na-Facebooka-300x251.jpg 300w, https:\/\/powiatwwl.pl\/wp-content\/uploads\/2026\/03\/Bezowy-Jasny-Pozytywny-Post-na-Facebooka-768x644.jpg 768w\" sizes=\"auto, (max-width: 940px) 100vw, 940px\" \/><\/figure>\n<\/div>\n\n\n<p>W niedziel\u0119 8 marca odby\u0142y si\u0119 powszechne wybory w Koalicji Obywatelskiej. W wyborach zwyci\u0119\u017cyli: <strong>Donald TUSK<\/strong> &#8211; Przewodnicz\u0105cy Koalicji Obywatelskiej, <strong>Jan GRABIEC <\/strong>&#8211; Przewodnicz\u0105cy Koalicji Obywatelskiej Region Mazowiecki, <strong>Arkadiusz WERELICH<\/strong> &#8211; Przewodnicz\u0105cy Koalicji Obywatelskiej w Powiecie Wo\u0142omi\u0144skim. Gratulujemy Serdecznie. \/PW\/<\/p>\n\n\n\n<hr class=\"wp-block-separator aligncenter has-alpha-channel-opacity\"\/>\n\n\n<div class=\"wp-block-image\">\n<figure class=\"alignleft size-large is-resized\"><img loading=\"lazy\" decoding=\"async\" width=\"1024\" height=\"1024\" src=\"https:\/\/powiatwwl.pl\/wp-content\/uploads\/2026\/03\/PW-logok-Zdjecie-profilowe-na-Facebooka-2-1024x1024.jpg\" alt=\"\" class=\"wp-image-1853\" style=\"width:110px;height:auto\" srcset=\"https:\/\/powiatwwl.pl\/wp-content\/uploads\/2026\/03\/PW-logok-Zdjecie-profilowe-na-Facebooka-2-1024x1024.jpg 1024w, https:\/\/powiatwwl.pl\/wp-content\/uploads\/2026\/03\/PW-logok-Zdjecie-profilowe-na-Facebooka-2-300x300.jpg 300w, https:\/\/powiatwwl.pl\/wp-content\/uploads\/2026\/03\/PW-logok-Zdjecie-profilowe-na-Facebooka-2-150x150.jpg 150w, https:\/\/powiatwwl.pl\/wp-content\/uploads\/2026\/03\/PW-logok-Zdjecie-profilowe-na-Facebooka-2-768x768.jpg 768w, https:\/\/powiatwwl.pl\/wp-content\/uploads\/2026\/03\/PW-logok-Zdjecie-profilowe-na-Facebooka-2-1536x1536.jpg 1536w, https:\/\/powiatwwl.pl\/wp-content\/uploads\/2026\/03\/PW-logok-Zdjecie-profilowe-na-Facebooka-2-80x80.jpg 80w, https:\/\/powiatwwl.pl\/wp-content\/uploads\/2026\/03\/PW-logok-Zdjecie-profilowe-na-Facebooka-2-320x320.jpg 320w, https:\/\/powiatwwl.pl\/wp-content\/uploads\/2026\/03\/PW-logok-Zdjecie-profilowe-na-Facebooka-2.jpg 2048w\" sizes=\"auto, (max-width: 1024px) 100vw, 1024px\" \/><\/figure>\n<\/div>\n\n\n<h2 class=\"wp-block-heading\"><strong>Piotr WYSZY\u0143SKI<\/strong><\/h2>\n\n\n\n<p><\/p>\n","protected":false},"excerpt":{"rendered":"<p>W niedziel\u0119 8 marca odby\u0142y si\u0119 powszechne wybory w Koalicji Obywatelskiej. W wyborach zwyci\u0119\u017cyli: Donald TUSK &#8211; Przewodnicz\u0105cy Koalicji Obywatelskiej RP, Jan GRABIEC &#8211;  Przewodnicz\u0105cy Koalicji Obywatelskiej RP Region Mazowiecki, Arkadiusz WERELICH &#8211; Przewodnicz\u0105cy Koalicji Obywatelskiej RP w Powiecie Wo\u0142omi\u0144skim. Gratulujemy Serdecznie. \/PW\/<\/p>\n","protected":false},"author":1,"featured_media":2009,"comment_status":"open","ping_status":"open","sticky":false,"template":"","format":"standard","meta":{"footnotes":""},"categories":[1],"tags":[],"class_list":["post-2008","post","type-post","status-publish","format-standard","has-post-thumbnail","hentry","category-aktualnosci"],"_links":{"self":[{"href":"https:\/\/powiatwwl.pl\/index.php?rest_route=\/wp\/v2\/posts\/2008","targetHints":{"allow":["GET"]}}],"collection":[{"href":"https:\/\/powiatwwl.pl\/index.php?rest_route=\/wp\/v2\/posts"}],"about":[{"href":"https:\/\/powiatwwl.pl\/index.php?rest_route=\/wp\/v2\/types\/post"}],"author":[{"embeddable":true,"href":"https:\/\/powiatwwl.pl\/index.php?rest_route=\/wp\/v2\/users\/1"}],"replies":[{"embeddable":true,"href":"https:\/\/powiatwwl.pl\/index.php?rest_route=%2Fwp%2Fv2%2Fcomments&post=2008"}],"version-history":[{"count":3,"href":"https:\/\/powiatwwl.pl\/index.php?rest_route=\/wp\/v2\/posts\/2008\/revisions"}],"predecessor-version":[{"id":2013,"href":"https:\/\/powiatwwl.pl\/index.php?rest_route=\/wp\/v2\/posts\/2008\/revisions\/2013"}],"wp:featuredmedia":[{"embeddable":true,"href":"https:\/\/powiatwwl.pl\/index.php?rest_route=\/wp\/v2\/media\/2009"}],"wp:attachment":[{"href":"https:\/\/powiatwwl.pl\/index.php?rest_route=%2Fwp%2Fv2%2Fmedia&parent=2008"}],"wp:term":[{"taxonomy":"category","embeddable":true,"href":"https:\/\/powiatwwl.pl\/index.php?rest_route=%2Fwp%2Fv2%2Fcategories&post=2008"},{"taxonomy":"post_tag","embeddable":true,"href":"https:\/\/powiatwwl.pl\/index.php?rest_route=%2Fwp%2Fv2%2Ftags&post=2008"}],"curies":[{"name":"wp","href":"https:\/\/api.w.org\/{rel}","templated":true}]}}