{"id":2022,"date":"2026-03-11T15:44:27","date_gmt":"2026-03-11T14:44:27","guid":{"rendered":"http:\/\/powiatwwl.pl\/?p=2022"},"modified":"2026-03-11T15:44:29","modified_gmt":"2026-03-11T14:44:29","slug":"waskotorowka-do-marek-i-radzymina-pamietacie-video","status":"publish","type":"post","link":"https:\/\/powiatwwl.pl\/?p=2022","title":{"rendered":"W\u0105skotor\u00f3wka do Marek i Radzymina&#8230;Pami\u0119tacie ? \/VIDEO\/"},"content":{"rendered":"<div class=\"wp-block-image\">\n<figure class=\"aligncenter size-large is-resized\"><img loading=\"lazy\" decoding=\"async\" width=\"1024\" height=\"577\" src=\"https:\/\/powiatwwl.pl\/wp-content\/uploads\/2026\/03\/Marecki-parowoz-po-remoncie-w-2023-r.-Foto-UM-Marki-zr.-marki.pl_-1024x577.jpg\" alt=\"\" class=\"wp-image-2023\" style=\"aspect-ratio:1.7747657477116394;width:712px;height:auto\" srcset=\"https:\/\/powiatwwl.pl\/wp-content\/uploads\/2026\/03\/Marecki-parowoz-po-remoncie-w-2023-r.-Foto-UM-Marki-zr.-marki.pl_-1024x577.jpg 1024w, https:\/\/powiatwwl.pl\/wp-content\/uploads\/2026\/03\/Marecki-parowoz-po-remoncie-w-2023-r.-Foto-UM-Marki-zr.-marki.pl_-300x169.jpg 300w, https:\/\/powiatwwl.pl\/wp-content\/uploads\/2026\/03\/Marecki-parowoz-po-remoncie-w-2023-r.-Foto-UM-Marki-zr.-marki.pl_-768x432.jpg 768w, https:\/\/powiatwwl.pl\/wp-content\/uploads\/2026\/03\/Marecki-parowoz-po-remoncie-w-2023-r.-Foto-UM-Marki-zr.-marki.pl_-1536x865.jpg 1536w, https:\/\/powiatwwl.pl\/wp-content\/uploads\/2026\/03\/Marecki-parowoz-po-remoncie-w-2023-r.-Foto-UM-Marki-zr.-marki.pl_.jpg 1600w\" sizes=\"auto, (max-width: 1024px) 100vw, 1024px\" \/><\/figure>\n<\/div>\n\n\n<p>By\u0142a przez lata jednym z ulubionych \u015brodk\u00f3w transportu do Marek i Radzymina s\u0142ynna w\u0105skotor\u00f3wka. <mark><a href=\"https:\/\/www.google.com\/search?q=Kolej+Dojazdowa+Marecka&amp;oq=w%C4%85skotor%C3%B3wka+do+Radzymina&amp;gs_lcrp=EgZjaHJvbWUyBggAEEUYOTIHCAEQIRigATIHCAIQIRigAdIBCTg4NThqMGoxNagCCLACAfEFhG5DtQH1xfDxBYRuQ7UB9cXw&amp;sourceid=chrome&amp;ie=UTF-8&amp;mstk=AUtExfDmEFlx8vk4_cR2ryMBDmkWwXp9ikVmz4gDgDpe5TJAp3nLkdhZ0I4VtrVq8OW1kJGUQFOfO1t869U4hTSmviGdiedMcTY5V2T5RvLd8dxhJw0E9gSQ98uW1NeXTTp4TxPHaCLLfAu6tmbe5DL_gG6zNgAhLKJONsE72NHSi1s4Nrs&amp;csui=3&amp;ved=2ahUKEwju-ovwiZiTAxUiGhAIHYR1JhoQgK4QegQIARAC\">Kolej Dojazdowa Marecka<\/a>\u00a0(kolejka marecka\/radzymi\u0144ska) by\u0142a historyczn\u0105 kolej\u0105 w\u0105skotorow\u0105 kursuj\u0105c\u0105 w latach 1897\u20131974, \u0142\u0105cz\u0105c\u0105 Warszaw\u0119 (od Ronda \u017baba) z Markami i Radzyminem<\/mark>. S\u0142u\u017cy\u0142a g\u0142\u00f3wnie do transportu pasa\u017cer\u00f3w i towar\u00f3w, a jej trasa bieg\u0142a wzd\u0142u\u017c obecnej ulicy Radzimi\u0144skiej. Zosta\u0142a zlikwidowana z powodu rozwoju komunikacji samochodowej w sierpni 1974 roku. Zobaczcie na kr\u00f3tkim sentymentalnym filmiku (rolce) jak to si\u0119 je\u017adzi\u0142o. <\/p>\n\n\n\n<hr class=\"wp-block-separator aligncenter has-alpha-channel-opacity\"\/>\n\n\n<div class=\"wp-block-image\">\n<figure class=\"alignleft size-large is-resized\"><img loading=\"lazy\" decoding=\"async\" width=\"1024\" height=\"1024\" src=\"https:\/\/powiatwwl.pl\/wp-content\/uploads\/2026\/03\/PW-logok-Zdjecie-profilowe-na-Facebooka-6-1024x1024.jpg\" alt=\"\" class=\"wp-image-1976\" style=\"width:111px;height:auto\" srcset=\"https:\/\/powiatwwl.pl\/wp-content\/uploads\/2026\/03\/PW-logok-Zdjecie-profilowe-na-Facebooka-6-1024x1024.jpg 1024w, https:\/\/powiatwwl.pl\/wp-content\/uploads\/2026\/03\/PW-logok-Zdjecie-profilowe-na-Facebooka-6-300x300.jpg 300w, https:\/\/powiatwwl.pl\/wp-content\/uploads\/2026\/03\/PW-logok-Zdjecie-profilowe-na-Facebooka-6-150x150.jpg 150w, https:\/\/powiatwwl.pl\/wp-content\/uploads\/2026\/03\/PW-logok-Zdjecie-profilowe-na-Facebooka-6-768x768.jpg 768w, https:\/\/powiatwwl.pl\/wp-content\/uploads\/2026\/03\/PW-logok-Zdjecie-profilowe-na-Facebooka-6-80x80.jpg 80w, https:\/\/powiatwwl.pl\/wp-content\/uploads\/2026\/03\/PW-logok-Zdjecie-profilowe-na-Facebooka-6-320x320.jpg 320w, https:\/\/powiatwwl.pl\/wp-content\/uploads\/2026\/03\/PW-logok-Zdjecie-profilowe-na-Facebooka-6.jpg 1280w\" sizes=\"auto, (max-width: 1024px) 100vw, 1024px\" \/><\/figure>\n<\/div>\n\n\n<h2 class=\"wp-block-heading\"><strong><a href=\"https:\/\/www.facebook.com\/reel\/1280653794009684\">ROLKA VIDEO<\/a><\/strong><\/h2>\n\n\n\n<p><\/p>\n","protected":false},"excerpt":{"rendered":"<p>By\u0142a przez lata jednym z ulubionych \u015brodk\u00f3w transportu do Marek i Radzymina s\u0142ynna w\u0105skotor\u00f3wka. Kolej Dojazdowa Marecka\u00a0(kolejka marecka\/radzymi\u0144ska) by\u0142a historyczn\u0105 kolej\u0105 w\u0105skotorow\u0105 kursuj\u0105c\u0105 w latach 1897\u20131974, \u0142\u0105cz\u0105c\u0105 Warszaw\u0119 (od Ronda \u017baba) z Markami i Radzyminem. S\u0142u\u017cy\u0142a g\u0142\u00f3wnie do transportu pasa\u017cer\u00f3w i towar\u00f3w, a jej trasa bieg\u0142a wzd\u0142u\u017c obecnej ulicy Radzimi\u0144skiej. ..<\/p>\n","protected":false},"author":1,"featured_media":2024,"comment_status":"open","ping_status":"open","sticky":false,"template":"","format":"standard","meta":{"footnotes":""},"categories":[1],"tags":[],"class_list":["post-2022","post","type-post","status-publish","format-standard","has-post-thumbnail","hentry","category-aktualnosci"],"_links":{"self":[{"href":"https:\/\/powiatwwl.pl\/index.php?rest_route=\/wp\/v2\/posts\/2022","targetHints":{"allow":["GET"]}}],"collection":[{"href":"https:\/\/powiatwwl.pl\/index.php?rest_route=\/wp\/v2\/posts"}],"about":[{"href":"https:\/\/powiatwwl.pl\/index.php?rest_route=\/wp\/v2\/types\/post"}],"author":[{"embeddable":true,"href":"https:\/\/powiatwwl.pl\/index.php?rest_route=\/wp\/v2\/users\/1"}],"replies":[{"embeddable":true,"href":"https:\/\/powiatwwl.pl\/index.php?rest_route=%2Fwp%2Fv2%2Fcomments&post=2022"}],"version-history":[{"count":1,"href":"https:\/\/powiatwwl.pl\/index.php?rest_route=\/wp\/v2\/posts\/2022\/revisions"}],"predecessor-version":[{"id":2025,"href":"https:\/\/powiatwwl.pl\/index.php?rest_route=\/wp\/v2\/posts\/2022\/revisions\/2025"}],"wp:featuredmedia":[{"embeddable":true,"href":"https:\/\/powiatwwl.pl\/index.php?rest_route=\/wp\/v2\/media\/2024"}],"wp:attachment":[{"href":"https:\/\/powiatwwl.pl\/index.php?rest_route=%2Fwp%2Fv2%2Fmedia&parent=2022"}],"wp:term":[{"taxonomy":"category","embeddable":true,"href":"https:\/\/powiatwwl.pl\/index.php?rest_route=%2Fwp%2Fv2%2Fcategories&post=2022"},{"taxonomy":"post_tag","embeddable":true,"href":"https:\/\/powiatwwl.pl\/index.php?rest_route=%2Fwp%2Fv2%2Ftags&post=2022"}],"curies":[{"name":"wp","href":"https:\/\/api.w.org\/{rel}","templated":true}]}}