{"id":2031,"date":"2026-03-12T08:20:39","date_gmt":"2026-03-12T07:20:39","guid":{"rendered":"http:\/\/powiatwwl.pl\/?p=2031"},"modified":"2026-03-12T08:20:41","modified_gmt":"2026-03-12T07:20:41","slug":"asy-przestworzy-w-mbw1920-w-ossowie","status":"publish","type":"post","link":"https:\/\/powiatwwl.pl\/?p=2031","title":{"rendered":"&#8222;Asy Przestworzy&#8221; w MBW1920 w Ossowie"},"content":{"rendered":"<div class=\"wp-block-image\">\n<figure class=\"aligncenter size-full\"><img loading=\"lazy\" decoding=\"async\" width=\"417\" height=\"587\" src=\"https:\/\/powiatwwl.pl\/wp-content\/uploads\/2026\/03\/649853876_122126237091055632_140264924372322447_n.jpg\" alt=\"\" class=\"wp-image-2032\" srcset=\"https:\/\/powiatwwl.pl\/wp-content\/uploads\/2026\/03\/649853876_122126237091055632_140264924372322447_n.jpg 417w, https:\/\/powiatwwl.pl\/wp-content\/uploads\/2026\/03\/649853876_122126237091055632_140264924372322447_n-213x300.jpg 213w\" sizes=\"auto, (max-width: 417px) 100vw, 417px\" \/><\/figure>\n<\/div>\n\n\n<p>Ju\u017c w<strong> niedziel\u0119, 15 marca o godz. 13:00<\/strong> zapraszamy na spotkanie z histori\u0105 polskich skrzyde\u0142 podczas wydarzenia \u201eAsy przestworzy\u201d. Podczas spotkania wspomina\u0107 b\u0119dziemy dwie niezwyk\u0142e postacie zwi\u0105zane z lotnictwem i wojn\u0105 polsko-bolszewick\u0105 &#8211; szczeg\u00f3lnie wspomnimy jednego z polskich pilot\u00f3w, kt\u00f3rego 100. rocznica \u015bmierci przypada w\u0142a\u015bnie w najbli\u017cszych dniach. Eugeniusz Guttmajer  \u2013 pilot Wojska Polskiego i jeden z przedstawicieli pokolenia lotnik\u00f3w, kt\u00f3re w czasie wojny 1920 roku budowa\u0142o polskie lotnictwo niemal od podstaw. 100 lat temu, w marcu 1926 roku zosta\u0142 wyznaczony na stanowisko dow\u00f3dcy maj\u0105cej powsta\u0107 123. eskadry my\u015bliwskiej. Stanowiska tego nie zd\u0105\u017cy\u0142 jednak obj\u0105\u0107 \u2013 17 marca 1926 roku, podczas lotu testowego na nowym samolocie Bl\u00e9riot-SPAD S.61C1, zgin\u0105\u0142 w katastrofie lotniczej. W\u0142a\u015bnie Eugeniusza Guttmajera chcemy symbolicznie upami\u0119tni\u0107 podczas naszego spotkania. Drugim z pilot\u00f3w jest Merian C. Cooper \u2013 ameryka\u0144ski ochotnik, kt\u00f3ry w 1920 roku walczy\u0142 po stronie Polski w s\u0142ynnej Eskadrze Ko\u015bciuszkowskiej. Po zestrzeleniu przez bolszewik\u00f3w trafi\u0142 do niewoli, z kt\u00f3rej zdo\u0142a\u0142 uciec. Po wojnie zrobi\u0142 niezwyk\u0142\u0105 karier\u0119 filmow\u0105 w Stanach Zjednoczonych \u2013 by\u0142 wsp\u00f3\u0142tw\u00f3rc\u0105 legendarnego filmu \u201eKing Kong\u201d. <\/p>\n\n\n<div class=\"wp-block-image\">\n<figure class=\"aligncenter size-full\"><img loading=\"lazy\" decoding=\"async\" width=\"417\" height=\"584\" src=\"https:\/\/powiatwwl.pl\/wp-content\/uploads\/2026\/03\/648642392_122126237097055632_413631131684246714_n.jpg\" alt=\"\" class=\"wp-image-2033\" srcset=\"https:\/\/powiatwwl.pl\/wp-content\/uploads\/2026\/03\/648642392_122126237097055632_413631131684246714_n.jpg 417w, https:\/\/powiatwwl.pl\/wp-content\/uploads\/2026\/03\/648642392_122126237097055632_413631131684246714_n-214x300.jpg 214w\" sizes=\"auto, (max-width: 417px) 100vw, 417px\" \/><\/figure>\n<\/div>\n\n\n<p>Podczas wydarzenia poka\u017cemy r\u00f3wnie\u017c film \u201eTajemnica Gwia\u017adzistej Eskadry\u201d (2025) \u2013 dokument opowiadaj\u0105cy o fascynuj\u0105cym \u015bledztwie w sprawie zaginionego filmu z 1930 roku, jednej z najdro\u017cszych przedwojennych polskich produkcji dotycz\u0105cych w\u0142a\u015bnie lotnictwa i Meriana C. Coopera. Tw\u00f3rcy wyruszaj\u0105 tropem kopii przez archiwa w Polsce, USA i Rosji , a jednym z kluczowych bohater\u00f3w tej historii okazuje si\u0119 w\u0142a\u015bnie Merian C. Cooper \u2013 pierwowz\u00f3r bohatera filmowej opowie\u015bci. Film \u0142\u0105czy dokument, animacj\u0119 i historyczn\u0105 przygod\u0119. <\/p>\n\n\n<div class=\"wp-block-image\">\n<figure class=\"aligncenter size-full\"><img loading=\"lazy\" decoding=\"async\" width=\"443\" height=\"590\" src=\"https:\/\/powiatwwl.pl\/wp-content\/uploads\/2026\/03\/649685629_122126237145055632_4161558362722075050_n.jpg\" alt=\"\" class=\"wp-image-2034\" srcset=\"https:\/\/powiatwwl.pl\/wp-content\/uploads\/2026\/03\/649685629_122126237145055632_4161558362722075050_n.jpg 443w, https:\/\/powiatwwl.pl\/wp-content\/uploads\/2026\/03\/649685629_122126237145055632_4161558362722075050_n-225x300.jpg 225w\" sizes=\"auto, (max-width: 443px) 100vw, 443px\" \/><\/figure>\n<\/div>\n\n\n<p>W programie wydarzenia: gaw\u0119da o pocz\u0105tkach polskiego lotnictwa wojskowego, pokaz filmu \u201eTajemnica Gwia\u017adzistej Eskadry\u201d, spotkanie z rekonstruktorami, przek\u0105ski inspirowane menu lotnika z 1920 roku Muzeum Bitwy Warszawskiej 1920. <strong>WST\u0118P WOLNY. <\/strong>Zapraszamy na spotkanie z histori\u0105 ludzi, kt\u00f3rzy jako pierwsi bronili Polski wysoko nad ziemi\u0105.<\/p>\n\n\n\n<hr class=\"wp-block-separator aligncenter has-alpha-channel-opacity\"\/>\n\n\n<div class=\"wp-block-image\">\n<figure class=\"alignleft size-full is-resized\"><img loading=\"lazy\" decoding=\"async\" width=\"984\" height=\"996\" src=\"https:\/\/powiatwwl.pl\/wp-content\/uploads\/2026\/02\/556266872_122093761467055632_2017420217808264624_n.jpg\" alt=\"\" class=\"wp-image-1346\" style=\"aspect-ratio:0.9879516182169022;width:106px;height:auto\" srcset=\"https:\/\/powiatwwl.pl\/wp-content\/uploads\/2026\/02\/556266872_122093761467055632_2017420217808264624_n.jpg 984w, https:\/\/powiatwwl.pl\/wp-content\/uploads\/2026\/02\/556266872_122093761467055632_2017420217808264624_n-296x300.jpg 296w, https:\/\/powiatwwl.pl\/wp-content\/uploads\/2026\/02\/556266872_122093761467055632_2017420217808264624_n-768x777.jpg 768w, https:\/\/powiatwwl.pl\/wp-content\/uploads\/2026\/02\/556266872_122093761467055632_2017420217808264624_n-80x80.jpg 80w\" sizes=\"auto, (max-width: 984px) 100vw, 984px\" \/><\/figure>\n<\/div>\n\n\n<h2 class=\"wp-block-heading\"><strong><a href=\"https:\/\/www.facebook.com\/MuzeumBW1920\">MBW 1920<\/a><\/strong><\/h2>\n\n\n\n<p><\/p>\n","protected":false},"excerpt":{"rendered":"<p>Ju\u017c w niedziel\u0119, 15 marca o godz. 13:00 zapraszamy na spotkanie z histori\u0105 polskich skrzyde\u0142 podczas wydarzenia \u201eAsy przestworzy\u201d. Podczas spotkania wspomina\u0107 b\u0119dziemy dwie niezwyk\u0142e postacie zwi\u0105zane z lotnictwem i wojn\u0105 polsko-bolszewick\u0105 &#8211; szczeg\u00f3lnie wspomnimy jednego z polskich pilot\u00f3w, kt\u00f3rego 100. rocznica \u015bmierci przypada w\u0142a\u015bnie w najbli\u017cszych dniach.Eugeniusz Guttmajer  \u2013 pilot Wojska Polskiego i jeden z przedstawicieli pokolenia lotnik\u00f3w, kt\u00f3re w czasie wojny 1920 roku budowa\u0142o polskie lotnictwo niemal od podstaw. 100 lat temu, w marcu 1926 roku zosta\u0142 wyznaczony na stanowisko dow\u00f3dcy maj\u0105cej powsta\u0107 123. eskadry my\u015bliwskiej. ..<\/p>\n","protected":false},"author":1,"featured_media":2035,"comment_status":"open","ping_status":"open","sticky":false,"template":"","format":"standard","meta":{"footnotes":""},"categories":[1],"tags":[],"class_list":["post-2031","post","type-post","status-publish","format-standard","has-post-thumbnail","hentry","category-aktualnosci"],"_links":{"self":[{"href":"https:\/\/powiatwwl.pl\/index.php?rest_route=\/wp\/v2\/posts\/2031","targetHints":{"allow":["GET"]}}],"collection":[{"href":"https:\/\/powiatwwl.pl\/index.php?rest_route=\/wp\/v2\/posts"}],"about":[{"href":"https:\/\/powiatwwl.pl\/index.php?rest_route=\/wp\/v2\/types\/post"}],"author":[{"embeddable":true,"href":"https:\/\/powiatwwl.pl\/index.php?rest_route=\/wp\/v2\/users\/1"}],"replies":[{"embeddable":true,"href":"https:\/\/powiatwwl.pl\/index.php?rest_route=%2Fwp%2Fv2%2Fcomments&post=2031"}],"version-history":[{"count":1,"href":"https:\/\/powiatwwl.pl\/index.php?rest_route=\/wp\/v2\/posts\/2031\/revisions"}],"predecessor-version":[{"id":2036,"href":"https:\/\/powiatwwl.pl\/index.php?rest_route=\/wp\/v2\/posts\/2031\/revisions\/2036"}],"wp:featuredmedia":[{"embeddable":true,"href":"https:\/\/powiatwwl.pl\/index.php?rest_route=\/wp\/v2\/media\/2035"}],"wp:attachment":[{"href":"https:\/\/powiatwwl.pl\/index.php?rest_route=%2Fwp%2Fv2%2Fmedia&parent=2031"}],"wp:term":[{"taxonomy":"category","embeddable":true,"href":"https:\/\/powiatwwl.pl\/index.php?rest_route=%2Fwp%2Fv2%2Fcategories&post=2031"},{"taxonomy":"post_tag","embeddable":true,"href":"https:\/\/powiatwwl.pl\/index.php?rest_route=%2Fwp%2Fv2%2Ftags&post=2031"}],"curies":[{"name":"wp","href":"https:\/\/api.w.org\/{rel}","templated":true}]}}