{"id":2047,"date":"2026-03-12T09:27:23","date_gmt":"2026-03-12T08:27:23","guid":{"rendered":"http:\/\/powiatwwl.pl\/?p=2047"},"modified":"2026-03-12T09:30:44","modified_gmt":"2026-03-12T08:30:44","slug":"3-powiatowa-gala-sportu-juz-w-sobote-video","status":"publish","type":"post","link":"https:\/\/powiatwwl.pl\/?p=2047","title":{"rendered":"3 Powiatowa Gala Sportu ju\u017c w sobot\u0119 \/VIDEO\/"},"content":{"rendered":"<div class=\"wp-block-image\">\n<figure class=\"aligncenter size-large\"><img loading=\"lazy\" decoding=\"async\" width=\"1024\" height=\"360\" src=\"https:\/\/powiatwwl.pl\/wp-content\/uploads\/2026\/03\/unnamed-1024x360.jpg\" alt=\"\" class=\"wp-image-2002\" srcset=\"https:\/\/powiatwwl.pl\/wp-content\/uploads\/2026\/03\/unnamed-1024x360.jpg 1024w, https:\/\/powiatwwl.pl\/wp-content\/uploads\/2026\/03\/unnamed-300x106.jpg 300w, https:\/\/powiatwwl.pl\/wp-content\/uploads\/2026\/03\/unnamed-768x270.jpg 768w, https:\/\/powiatwwl.pl\/wp-content\/uploads\/2026\/03\/unnamed-1536x540.jpg 1536w, https:\/\/powiatwwl.pl\/wp-content\/uploads\/2026\/03\/unnamed.jpg 1709w\" sizes=\"auto, (max-width: 1024px) 100vw, 1024px\" \/><\/figure>\n<\/div>\n\n\n<p>Nie ka\u017cdy medal wida\u0107 od razu. Najpierw s\u0105 poranne treningi , zm\u0119czenie, kolejne pr\u00f3by i trener, kt\u00f3ry m\u00f3wi: \u201ejeszcze raz\u201d. W\u0142a\u015bnie za tymi historiami stoi III Powiatowa Gala Sportu Powiatu Wo\u0142omi\u0144skiego. W tym roku wyr\u00f3\u017cnimy 124 zawodnik\u00f3w i 29 trener\u00f3w, kt\u00f3rzy w 2025 roku reprezentowali nasz powiat na Mistrzostwach Polski, Europy i \u015awiata zdobywali medale i ustanawiali rekordy. Na nagrody przeznaczamy blisko 143 tysi\u0105ce z\u0142otych. To wyj\u0105tkowe grono \u2013 od najm\u0142odszych talent\u00f3w  po do\u015bwiadczonych sportowc\u00f3w  \u2013 wszystkich \u0142\u0105czy jedno: ci\u0119\u017cka praca i sportowa ambicja.<\/p>\n\n\n\n<p>Podczas gali b\u0119d\u0105 z nami tak\u017ce go\u015bcie specjalni \u2013 <a href=\"https:\/\/www.facebook.com\/jurasmma?__cft__[0]=AZbwn8sLv3PP-kZ3rsRmLHoYWyabQit8HqhTvZAS4DGDTi-slA6JdszNMhUqADiFketgQmFrPLH-ySnMrJDaMohfCOAtIeT9dqpM-5CpyRbzf-o6u-yADOBkvKtejl9YzR9B8blH5bjl3RsnvfON2MGUDd3uO5LaPEIHFfGreN-F-PGEsStAxIhd5jF3DwxxOLLRib5v-hN1kCqEZir1ndeF&amp;__tn__=-]K-R\">\u0141ukasz &#8222;Juras&#8221; Jurkowski<\/a> i <a href=\"https:\/\/www.facebook.com\/LukaszKadziuKadziewicz?__cft__[0]=AZbwn8sLv3PP-kZ3rsRmLHoYWyabQit8HqhTvZAS4DGDTi-slA6JdszNMhUqADiFketgQmFrPLH-ySnMrJDaMohfCOAtIeT9dqpM-5CpyRbzf-o6u-yADOBkvKtejl9YzR9B8blH5bjl3RsnvfON2MGUDd3uO5LaPEIHFfGreN-F-PGEsStAxIhd5jF3DwxxOLLRib5v-hN1kCqEZir1ndeF&amp;__tn__=-]K-R\">\u0141ukasz Kadziewicz<\/a>\u2013 ludzie, kt\u00f3rzy doskonale wiedz\u0105, ile potu kosztuje droga na szczyt Bo kiedy na podium staje zawodnik, ca\u0142y <a href=\"https:\/\/www.facebook.com\/Powiat.Wolominski?__cft__[0]=AZbwn8sLv3PP-kZ3rsRmLHoYWyabQit8HqhTvZAS4DGDTi-slA6JdszNMhUqADiFketgQmFrPLH-ySnMrJDaMohfCOAtIeT9dqpM-5CpyRbzf-o6u-yADOBkvKtejl9YzR9B8blH5bjl3RsnvfON2MGUDd3uO5LaPEIHFfGreN-F-PGEsStAxIhd5jF3DwxxOLLRib5v-hN1kCqEZir1ndeF&amp;__tn__=-]K-R\">Powiat Wo\u0142omi\u0144ski<\/a> stoi za nim.\/Powiat Wo\u0142omi\u0144ski\/<\/p>\n\n\n\n<hr class=\"wp-block-separator aligncenter has-alpha-channel-opacity\"\/>\n\n\n<div class=\"wp-block-image\">\n<figure class=\"alignleft size-large is-resized\"><img loading=\"lazy\" decoding=\"async\" width=\"1024\" height=\"1024\" src=\"https:\/\/powiatwwl.pl\/wp-content\/uploads\/2026\/03\/PW-logok-Zdjecie-profilowe-na-Facebooka-6-1024x1024.jpg\" alt=\"\" class=\"wp-image-1976\" style=\"width:109px;height:auto\" srcset=\"https:\/\/powiatwwl.pl\/wp-content\/uploads\/2026\/03\/PW-logok-Zdjecie-profilowe-na-Facebooka-6-1024x1024.jpg 1024w, https:\/\/powiatwwl.pl\/wp-content\/uploads\/2026\/03\/PW-logok-Zdjecie-profilowe-na-Facebooka-6-300x300.jpg 300w, https:\/\/powiatwwl.pl\/wp-content\/uploads\/2026\/03\/PW-logok-Zdjecie-profilowe-na-Facebooka-6-150x150.jpg 150w, https:\/\/powiatwwl.pl\/wp-content\/uploads\/2026\/03\/PW-logok-Zdjecie-profilowe-na-Facebooka-6-768x768.jpg 768w, https:\/\/powiatwwl.pl\/wp-content\/uploads\/2026\/03\/PW-logok-Zdjecie-profilowe-na-Facebooka-6-80x80.jpg 80w, https:\/\/powiatwwl.pl\/wp-content\/uploads\/2026\/03\/PW-logok-Zdjecie-profilowe-na-Facebooka-6-320x320.jpg 320w, https:\/\/powiatwwl.pl\/wp-content\/uploads\/2026\/03\/PW-logok-Zdjecie-profilowe-na-Facebooka-6.jpg 1280w\" sizes=\"auto, (max-width: 1024px) 100vw, 1024px\" \/><\/figure>\n<\/div>\n\n\n<h2 class=\"wp-block-heading\"><strong><a href=\"https:\/\/www.facebook.com\/reel\/1423159672164082\">ROLKA VIDEO<\/a><\/strong><\/h2>\n\n\n\n<hr class=\"wp-block-separator aligncenter has-alpha-channel-opacity\"\/>\n\n\n\n<p><\/p>\n\n\n<div class=\"wp-block-image\">\n<figure class=\"alignleft size-large is-resized\"><img loading=\"lazy\" decoding=\"async\" width=\"1024\" height=\"1024\" src=\"https:\/\/powiatwwl.pl\/wp-content\/uploads\/2026\/02\/pw-1024x1024.jpg\" alt=\"\" class=\"wp-image-395\" style=\"width:108px;height:auto\" srcset=\"https:\/\/powiatwwl.pl\/wp-content\/uploads\/2026\/02\/pw-1024x1024.jpg 1024w, https:\/\/powiatwwl.pl\/wp-content\/uploads\/2026\/02\/pw-300x300.jpg 300w, https:\/\/powiatwwl.pl\/wp-content\/uploads\/2026\/02\/pw-150x150.jpg 150w, https:\/\/powiatwwl.pl\/wp-content\/uploads\/2026\/02\/pw-768x768.jpg 768w, https:\/\/powiatwwl.pl\/wp-content\/uploads\/2026\/02\/pw-80x80.jpg 80w, https:\/\/powiatwwl.pl\/wp-content\/uploads\/2026\/02\/pw-320x320.jpg 320w, https:\/\/powiatwwl.pl\/wp-content\/uploads\/2026\/02\/pw.jpg 1280w\" sizes=\"auto, (max-width: 1024px) 100vw, 1024px\" \/><\/figure>\n<\/div>\n\n\n<h2 class=\"wp-block-heading\"><strong><a href=\"https:\/\/www.facebook.com\/Powiat.Wolominski\">POWIAT WO\u0141OMI\u0143SKI<\/a><\/strong><\/h2>\n\n\n\n<p><\/p>\n","protected":false},"excerpt":{"rendered":"<p>Nie ka\u017cdy medal wida\u0107 od razu. Najpierw s\u0105 poranne treningi , zm\u0119czenie, kolejne pr\u00f3by i trener, kt\u00f3ry m\u00f3wi: \u201ejeszcze raz\u201d. W\u0142a\u015bnie za tymi historiami stoi III Powiatowa Gala Sportu Powiatu Wo\u0142omi\u0144skiego. W tym roku wyr\u00f3\u017cnimy 124 zawodnik\u00f3w i 29 trener\u00f3w, kt\u00f3rzy w 2025 roku reprezentowali nasz powiat na Mistrzostwach Polski, Europy i \u015awiata zdobywali medale i ustanawiali rekordy. Na nagrody przeznaczamy blisko 143 tysi\u0105ce z\u0142otych&#8230;<\/p>\n","protected":false},"author":1,"featured_media":2002,"comment_status":"open","ping_status":"open","sticky":false,"template":"","format":"standard","meta":{"footnotes":""},"categories":[1],"tags":[],"class_list":["post-2047","post","type-post","status-publish","format-standard","has-post-thumbnail","hentry","category-aktualnosci"],"_links":{"self":[{"href":"https:\/\/powiatwwl.pl\/index.php?rest_route=\/wp\/v2\/posts\/2047","targetHints":{"allow":["GET"]}}],"collection":[{"href":"https:\/\/powiatwwl.pl\/index.php?rest_route=\/wp\/v2\/posts"}],"about":[{"href":"https:\/\/powiatwwl.pl\/index.php?rest_route=\/wp\/v2\/types\/post"}],"author":[{"embeddable":true,"href":"https:\/\/powiatwwl.pl\/index.php?rest_route=\/wp\/v2\/users\/1"}],"replies":[{"embeddable":true,"href":"https:\/\/powiatwwl.pl\/index.php?rest_route=%2Fwp%2Fv2%2Fcomments&post=2047"}],"version-history":[{"count":5,"href":"https:\/\/powiatwwl.pl\/index.php?rest_route=\/wp\/v2\/posts\/2047\/revisions"}],"predecessor-version":[{"id":2052,"href":"https:\/\/powiatwwl.pl\/index.php?rest_route=\/wp\/v2\/posts\/2047\/revisions\/2052"}],"wp:featuredmedia":[{"embeddable":true,"href":"https:\/\/powiatwwl.pl\/index.php?rest_route=\/wp\/v2\/media\/2002"}],"wp:attachment":[{"href":"https:\/\/powiatwwl.pl\/index.php?rest_route=%2Fwp%2Fv2%2Fmedia&parent=2047"}],"wp:term":[{"taxonomy":"category","embeddable":true,"href":"https:\/\/powiatwwl.pl\/index.php?rest_route=%2Fwp%2Fv2%2Fcategories&post=2047"},{"taxonomy":"post_tag","embeddable":true,"href":"https:\/\/powiatwwl.pl\/index.php?rest_route=%2Fwp%2Fv2%2Ftags&post=2047"}],"curies":[{"name":"wp","href":"https:\/\/api.w.org\/{rel}","templated":true}]}}