{"id":2063,"date":"2026-03-12T11:56:04","date_gmt":"2026-03-12T10:56:04","guid":{"rendered":"http:\/\/powiatwwl.pl\/?p=2063"},"modified":"2026-03-12T11:56:05","modified_gmt":"2026-03-12T10:56:05","slug":"podstawowa-opieka-zdrowotna-video","status":"publish","type":"post","link":"https:\/\/powiatwwl.pl\/?p=2063","title":{"rendered":"Podstawowa Opieka Zdrowotna \/VIDEO\/"},"content":{"rendered":"<div class=\"wp-block-image\">\n<figure class=\"aligncenter size-full is-resized\"><img loading=\"lazy\" decoding=\"async\" width=\"960\" height=\"527\" src=\"https:\/\/powiatwwl.pl\/wp-content\/uploads\/2026\/03\/649604978_1383236763820194_3717051708952995675_n.jpg\" alt=\"\" class=\"wp-image-2064\" style=\"aspect-ratio:1.8216858896433126;width:582px;height:auto\" srcset=\"https:\/\/powiatwwl.pl\/wp-content\/uploads\/2026\/03\/649604978_1383236763820194_3717051708952995675_n.jpg 960w, https:\/\/powiatwwl.pl\/wp-content\/uploads\/2026\/03\/649604978_1383236763820194_3717051708952995675_n-300x165.jpg 300w, https:\/\/powiatwwl.pl\/wp-content\/uploads\/2026\/03\/649604978_1383236763820194_3717051708952995675_n-768x422.jpg 768w\" sizes=\"auto, (max-width: 960px) 100vw, 960px\" \/><\/figure>\n<\/div>\n\n\n<p>Wype\u0142nij deklaracj\u0119 i korzystaj z wizyt, program\u00f3w profilaktycznych i zaplecza medycznego ca\u0142ego szpitala. Stale zwi\u0119kszamy dost\u0119pno\u015b\u0107 wizyt w Przychodni Rodzinnej. Doro\u015bli i dzieci. Czekasz za d\u0142ugo na wizyt\u0119? Ci\u0119\u017cko si\u0119 dodzwoni\u0107? Trzeba zapisa\u0107 si\u0119 osobi\u015bcie? Dotychczasowy wyb\u00f3r przychodni wymaga zmiany? Sprawd\u017a nas! Jak si\u0119 zapisa\u0107 do nas: <strong>Telefonicznie: 22 76 33 200<\/strong> &#8211; pomo\u017cemy wszystko szybko wype\u0142ni\u0107 (pn-pt, 7-19).<strong> Osobi\u015bcie w rejestracji<\/strong> przychodni \u2013 wype\u0142nimy deklaracj\u0119 z Tob\u0105 i um\u00f3wimy od r\u0119ki pierwsz\u0105 wizyt\u0119.<strong> Przez Internetowe Konto Pacjenta (IKP)<\/strong> \u2013 wybieraj\u0105c Szpital Matki Bo\u017cej Nieustaj\u0105cej Pomocy w Wo\u0142ominie &#8211; instrukcja <img loading=\"lazy\" decoding=\"async\" height=\"16\" width=\"16\" src=\"https:\/\/static.xx.fbcdn.net\/images\/emoji.php\/v9\/t9e\/1\/16\/27a1.png\" alt=\"\u27a1\"><a href=\"https:\/\/l.facebook.com\/l.php?u=https%3A%2F%2Fpacjent.gov.pl%2Faktualnosc%2Fwybor-lekarza-pielegniarki-poloznej-poz%3Ffbclid%3DIwZXh0bgNhZW0CMTAAYnJpZBEwVGl1Y0VaOEZyWnVqTVl3WHNydGMGYXBwX2lkEDIyMjAzOTE3ODgyMDA4OTIAAR4al_JBb06Nhx1wd-r6SvjpJJmjYR837Obt-XzDIRPGb4_Vy9PffN-S_yAJOA_aem_ZelkilQlmViRYulDuso1Ow&amp;h=AT5cfM0h1Au2mcSKtroa24MhNQGk-n6GVHInlsZWa2kUZY645GU-WGCfsR9GU3L9ciAv-hoWmzWd_BUxGuXVfG2DbsVDLyoxAwmieX35s3_MCny7Dm4XMIxBCDA16lbj39VG_8W6fPXcNWIR&amp;__tn__=-UK-R&amp;c[0]=AT6-NQZvTWhDNxE7iCyNAaXfZIncG3Ge74muZ3ylxIuNUbmKnZrLVwGekNaiyPZ_RnzDW35xq23WzhOTgFna_k5RaTH2bRY5eIeSXR5CRmW0MVrOqOBl-qP_vRpDlTChnRLNNpE9UqLW2QTBLqxqTRYS0PSzkP3kLZWCXFUWvV4zI1sJe0nqhjD4Ye4HWIqH_e4C0xc7Si3XC6qBTkFaW4enYe30FHE\" target=\"_blank\" rel=\"noreferrer noopener\">https:\/\/pacjent.gov.pl\/&#8230;\/wybor-lekarza-pielegniarki&#8230;<\/a><\/p>\n\n\n\n<p>Masz pytania? Ch\u0119tnie pomo\u017cemy! 22 76 33 200 (pn &#8211; pt, 7-19)<\/p>\n\n\n\n<p>Co warto wiedzie\u0107?. Nowoczesna infrastruktura Przychodni (wej\u015bcie od ul. Gdy\u0144skiej). Kompleksowo\u015b\u0107 \u2013 lekarz rodzinny, diagnostyka na miejscu, profilaktyka, punkt pobra\u0144. Szybkie terminy \u2013 dzi\u0119ki powi\u0119kszonemu zespo\u0142owi lekarzy:<\/p>\n\n\n\n<p><strong>INTERNI\u015aCI:<\/strong> lek. Monika Zajcher-Badzian  lek. Anna Jasek. <strong>PEDIATRZY:<\/strong>  lek. Katarzyna Krawczyk  lek. Urszula Musielak-Tel\u017cynska  lek. Maria Mikoszewska-\u017bo\u0142\u0119dziowska  lek. Aldona Siekierska  lek. Ewelina Olkowicz .<em><strong>\/Szpital w Wo\u0142ominie\/<\/strong><\/em><\/p>\n\n\n<div class=\"wp-block-image\">\n<figure class=\"alignleft size-full is-resized\"><img loading=\"lazy\" decoding=\"async\" width=\"688\" height=\"688\" src=\"https:\/\/powiatwwl.pl\/wp-content\/uploads\/2026\/02\/Colorful-Live-News-Free-Logo.jpg\" alt=\"\" class=\"wp-image-371\" style=\"width:109px;height:auto\" srcset=\"https:\/\/powiatwwl.pl\/wp-content\/uploads\/2026\/02\/Colorful-Live-News-Free-Logo.jpg 688w, https:\/\/powiatwwl.pl\/wp-content\/uploads\/2026\/02\/Colorful-Live-News-Free-Logo-300x300.jpg 300w, https:\/\/powiatwwl.pl\/wp-content\/uploads\/2026\/02\/Colorful-Live-News-Free-Logo-150x150.jpg 150w, https:\/\/powiatwwl.pl\/wp-content\/uploads\/2026\/02\/Colorful-Live-News-Free-Logo-80x80.jpg 80w, https:\/\/powiatwwl.pl\/wp-content\/uploads\/2026\/02\/Colorful-Live-News-Free-Logo-320x320.jpg 320w\" sizes=\"auto, (max-width: 688px) 100vw, 688px\" \/><\/figure>\n<\/div>\n\n\n<h2 class=\"wp-block-heading\"><strong><a href=\"https:\/\/www.youtube.com\/watch?v=q12v5vOHMiw\">POZ SZPITAL w Wo\u0142ominie<\/a><\/strong><\/h2>\n\n\n\n<hr class=\"wp-block-separator aligncenter has-alpha-channel-opacity\"\/>\n\n\n<div class=\"wp-block-image\">\n<figure class=\"alignleft size-full is-resized\"><img loading=\"lazy\" decoding=\"async\" width=\"986\" height=\"986\" src=\"https:\/\/powiatwwl.pl\/wp-content\/uploads\/2026\/02\/471215420_1097417855172626_438410656441550007_n.jpg\" alt=\"\" class=\"wp-image-306\" style=\"width:116px;height:auto\" srcset=\"https:\/\/powiatwwl.pl\/wp-content\/uploads\/2026\/02\/471215420_1097417855172626_438410656441550007_n.jpg 986w, https:\/\/powiatwwl.pl\/wp-content\/uploads\/2026\/02\/471215420_1097417855172626_438410656441550007_n-300x300.jpg 300w, https:\/\/powiatwwl.pl\/wp-content\/uploads\/2026\/02\/471215420_1097417855172626_438410656441550007_n-150x150.jpg 150w, https:\/\/powiatwwl.pl\/wp-content\/uploads\/2026\/02\/471215420_1097417855172626_438410656441550007_n-768x768.jpg 768w, https:\/\/powiatwwl.pl\/wp-content\/uploads\/2026\/02\/471215420_1097417855172626_438410656441550007_n-80x80.jpg 80w, https:\/\/powiatwwl.pl\/wp-content\/uploads\/2026\/02\/471215420_1097417855172626_438410656441550007_n-320x320.jpg 320w\" sizes=\"auto, (max-width: 986px) 100vw, 986px\" \/><\/figure>\n<\/div>\n\n\n<h2 class=\"wp-block-heading\"><strong><a href=\"https:\/\/www.facebook.com\/szpitalwolomin\">SZPITAL w Wo\u0142ominie<\/a><\/strong><\/h2>\n\n\n\n<p><\/p>\n","protected":false},"excerpt":{"rendered":"<p>Wype\u0142nij deklaracj\u0119 i korzystaj z wizyt, program\u00f3w profilaktycznych i zaplecza medycznego ca\u0142ego szpitala. Stale zwi\u0119kszamy dost\u0119pno\u015b\u0107 wizyt w Przychodni Rodzinnej. Doro\u015bli i dzieci. Czekasz za d\u0142ugo na wizyt\u0119? Ci\u0119\u017cko si\u0119 dodzwoni\u0107? Trzeba zapisa\u0107 si\u0119 osobi\u015bcie? Dotychczasowy wyb\u00f3r przychodni wymaga zmiany? Sprawd\u017a nas! Jak si\u0119 zapisa\u0107 do nas: Telefonicznie: 22 76 33 200 &#8211; pomo\u017cemy wszystko szybko wype\u0142ni\u0107 (pn-pt, 7-19). Osobi\u015bcie w rejestracji przychodni \u2013 wype\u0142nimy deklaracj\u0119 z Tob\u0105 i um\u00f3wimy od r\u0119ki pierwsz\u0105 wizyt\u0119. Przez Internetowe Konto Pacjenta (IKP) \u2013 wybieraj\u0105c Szpital Matki Bo\u017cej Nieustaj\u0105cej Pomocy w Wo\u0142ominie&#8230;<\/p>\n","protected":false},"author":1,"featured_media":2064,"comment_status":"open","ping_status":"open","sticky":false,"template":"","format":"standard","meta":{"footnotes":""},"categories":[1],"tags":[],"class_list":["post-2063","post","type-post","status-publish","format-standard","has-post-thumbnail","hentry","category-aktualnosci"],"_links":{"self":[{"href":"https:\/\/powiatwwl.pl\/index.php?rest_route=\/wp\/v2\/posts\/2063","targetHints":{"allow":["GET"]}}],"collection":[{"href":"https:\/\/powiatwwl.pl\/index.php?rest_route=\/wp\/v2\/posts"}],"about":[{"href":"https:\/\/powiatwwl.pl\/index.php?rest_route=\/wp\/v2\/types\/post"}],"author":[{"embeddable":true,"href":"https:\/\/powiatwwl.pl\/index.php?rest_route=\/wp\/v2\/users\/1"}],"replies":[{"embeddable":true,"href":"https:\/\/powiatwwl.pl\/index.php?rest_route=%2Fwp%2Fv2%2Fcomments&post=2063"}],"version-history":[{"count":1,"href":"https:\/\/powiatwwl.pl\/index.php?rest_route=\/wp\/v2\/posts\/2063\/revisions"}],"predecessor-version":[{"id":2065,"href":"https:\/\/powiatwwl.pl\/index.php?rest_route=\/wp\/v2\/posts\/2063\/revisions\/2065"}],"wp:featuredmedia":[{"embeddable":true,"href":"https:\/\/powiatwwl.pl\/index.php?rest_route=\/wp\/v2\/media\/2064"}],"wp:attachment":[{"href":"https:\/\/powiatwwl.pl\/index.php?rest_route=%2Fwp%2Fv2%2Fmedia&parent=2063"}],"wp:term":[{"taxonomy":"category","embeddable":true,"href":"https:\/\/powiatwwl.pl\/index.php?rest_route=%2Fwp%2Fv2%2Fcategories&post=2063"},{"taxonomy":"post_tag","embeddable":true,"href":"https:\/\/powiatwwl.pl\/index.php?rest_route=%2Fwp%2Fv2%2Ftags&post=2063"}],"curies":[{"name":"wp","href":"https:\/\/api.w.org\/{rel}","templated":true}]}}