{"id":2069,"date":"2026-03-12T15:11:44","date_gmt":"2026-03-12T14:11:44","guid":{"rendered":"http:\/\/powiatwwl.pl\/?p=2069"},"modified":"2026-03-12T15:11:45","modified_gmt":"2026-03-12T14:11:45","slug":"dla-zdrowia-najwazniejsza-jest-profilaktyka","status":"publish","type":"post","link":"https:\/\/powiatwwl.pl\/?p=2069","title":{"rendered":"Dla zdrowia najwa\u017cniejsza jest PROFILAKTYKA !"},"content":{"rendered":"<div class=\"wp-block-image\">\n<figure class=\"aligncenter size-full\"><img loading=\"lazy\" decoding=\"async\" width=\"526\" height=\"526\" src=\"https:\/\/powiatwwl.pl\/wp-content\/uploads\/2026\/03\/650416659_1382633453880525_7311228748795019833_n.jpg\" alt=\"\" class=\"wp-image-2070\" srcset=\"https:\/\/powiatwwl.pl\/wp-content\/uploads\/2026\/03\/650416659_1382633453880525_7311228748795019833_n.jpg 526w, https:\/\/powiatwwl.pl\/wp-content\/uploads\/2026\/03\/650416659_1382633453880525_7311228748795019833_n-300x300.jpg 300w, https:\/\/powiatwwl.pl\/wp-content\/uploads\/2026\/03\/650416659_1382633453880525_7311228748795019833_n-150x150.jpg 150w, https:\/\/powiatwwl.pl\/wp-content\/uploads\/2026\/03\/650416659_1382633453880525_7311228748795019833_n-80x80.jpg 80w, https:\/\/powiatwwl.pl\/wp-content\/uploads\/2026\/03\/650416659_1382633453880525_7311228748795019833_n-320x320.jpg 320w\" sizes=\"auto, (max-width: 526px) 100vw, 526px\" \/><\/figure>\n<\/div>\n\n\n<p>Marzec to Miesi\u0105c \u015awiadomo\u015bci Raka Jelita Grubego. To mo\u017ce by\u0107 dobry moment, aby bez po\u015bpiechu i l\u0119ku zadba\u0107 o to, co najwa\u017cniejsze \u2013 zdrowie i spok\u00f3j.W naszej PRACOWNI ENDOSKOPOWEJ korzystamy z nowoczesnych urz\u0105dze\u0144, kt\u00f3rych zaawansowana optyka pozwala na precyzyjn\u0105 diagnoz\u0119.<\/p>\n\n\n\n<p>Wykonujemy tu: <strong>KOLONOSKOPI\u0118<\/strong> \u2013 s\u0142u\u017c\u0105c\u0105 do oceny jelita grubego. Co wa\u017cne, podczas badania istnieje mo\u017cliwo\u015b\u0107 jednoczesnego usuni\u0119cia drobnych zmian patologicznych, takich jak polipy.<strong> GASTROSKOPI\u0118 <\/strong>\u2013 podczas kt\u00f3rej badamy prze\u0142yk, \u017co\u0142\u0105dek oraz dwunastnic\u0119. Dla Twojego komfortu badania realizujemy r\u00f3wnie\u017c w znieczuleniu og\u00f3lnym (we wsp\u00f3\u0142pracy z anestezjologiem). Po zabiegu zapewniamy opiek\u0119 w specjalistycznej sali wybudze\u0144.<\/p>\n\n\n\n<p>Zapraszamy do kontaktu z nasz\u0105 rejestracj\u0105 \u2013 jeste\u015bmy blisko, by o Ciebie zadba\u0107. <\/p>\n\n\n\n<p><strong>Rejestracja Og\u00f3lna: 22 76 33 200 (od poniedzia\u0142ku do pi\u0105tku, w godzinach 7 &#8211; 19)<\/strong><\/p>\n\n\n\n<p><strong> Rejestracja Pracowni: 22 76 35 943 (od poniedzia\u0142ku do pi\u0105tku, w godzinach 8 &#8211; 15)<\/strong><\/p>\n\n\n\n<hr class=\"wp-block-separator aligncenter has-alpha-channel-opacity\"\/>\n\n\n<div class=\"wp-block-image\">\n<figure class=\"alignleft size-full is-resized\"><img loading=\"lazy\" decoding=\"async\" width=\"986\" height=\"986\" src=\"https:\/\/powiatwwl.pl\/wp-content\/uploads\/2026\/02\/471215420_1097417855172626_438410656441550007_n.jpg\" alt=\"\" class=\"wp-image-306\" style=\"width:108px;height:auto\" srcset=\"https:\/\/powiatwwl.pl\/wp-content\/uploads\/2026\/02\/471215420_1097417855172626_438410656441550007_n.jpg 986w, https:\/\/powiatwwl.pl\/wp-content\/uploads\/2026\/02\/471215420_1097417855172626_438410656441550007_n-300x300.jpg 300w, https:\/\/powiatwwl.pl\/wp-content\/uploads\/2026\/02\/471215420_1097417855172626_438410656441550007_n-150x150.jpg 150w, https:\/\/powiatwwl.pl\/wp-content\/uploads\/2026\/02\/471215420_1097417855172626_438410656441550007_n-768x768.jpg 768w, https:\/\/powiatwwl.pl\/wp-content\/uploads\/2026\/02\/471215420_1097417855172626_438410656441550007_n-80x80.jpg 80w, https:\/\/powiatwwl.pl\/wp-content\/uploads\/2026\/02\/471215420_1097417855172626_438410656441550007_n-320x320.jpg 320w\" sizes=\"auto, (max-width: 986px) 100vw, 986px\" \/><\/figure>\n<\/div>\n\n\n<h2 class=\"wp-block-heading\"><strong><a href=\"https:\/\/www.facebook.com\/szpitalwolomin\">SZPITAL w WO\u0141OMINIE<\/a><\/strong><\/h2>\n\n\n\n<p><\/p>\n","protected":false},"excerpt":{"rendered":"<p>Marzec to Miesi\u0105c \u015awiadomo\u015bci Raka Jelita Grubego. To mo\u017ce by\u0107 dobry moment, aby bez po\u015bpiechu i l\u0119ku zadba\u0107 o to, co najwa\u017cniejsze \u2013 zdrowie i spok\u00f3j.W naszej PRACOWNI ENDOSKOPOWEJ korzystamy z nowoczesnych urz\u0105dze\u0144, kt\u00f3rych zaawansowana optyka pozwala na precyzyjn\u0105 diagnoz\u0119.<\/p>\n<p>Wykonujemy tu: KOLONOSKOPI\u0118 \u2013 s\u0142u\u017c\u0105c\u0105 do oceny jelita grubego. Co wa\u017cne, podczas badania istnieje mo\u017cliwo\u015b\u0107 jednoczesnego usuni\u0119cia drobnych zmian patologicznych, takich jak polipy. GASTROSKOPI\u0118 \u2013 podczas kt\u00f3rej badamy prze\u0142yk, \u017co\u0142\u0105dek oraz dwunastnic\u0119&#8230;<\/p>\n","protected":false},"author":1,"featured_media":2070,"comment_status":"open","ping_status":"open","sticky":false,"template":"","format":"standard","meta":{"footnotes":""},"categories":[1],"tags":[],"class_list":["post-2069","post","type-post","status-publish","format-standard","has-post-thumbnail","hentry","category-aktualnosci"],"_links":{"self":[{"href":"https:\/\/powiatwwl.pl\/index.php?rest_route=\/wp\/v2\/posts\/2069","targetHints":{"allow":["GET"]}}],"collection":[{"href":"https:\/\/powiatwwl.pl\/index.php?rest_route=\/wp\/v2\/posts"}],"about":[{"href":"https:\/\/powiatwwl.pl\/index.php?rest_route=\/wp\/v2\/types\/post"}],"author":[{"embeddable":true,"href":"https:\/\/powiatwwl.pl\/index.php?rest_route=\/wp\/v2\/users\/1"}],"replies":[{"embeddable":true,"href":"https:\/\/powiatwwl.pl\/index.php?rest_route=%2Fwp%2Fv2%2Fcomments&post=2069"}],"version-history":[{"count":1,"href":"https:\/\/powiatwwl.pl\/index.php?rest_route=\/wp\/v2\/posts\/2069\/revisions"}],"predecessor-version":[{"id":2071,"href":"https:\/\/powiatwwl.pl\/index.php?rest_route=\/wp\/v2\/posts\/2069\/revisions\/2071"}],"wp:featuredmedia":[{"embeddable":true,"href":"https:\/\/powiatwwl.pl\/index.php?rest_route=\/wp\/v2\/media\/2070"}],"wp:attachment":[{"href":"https:\/\/powiatwwl.pl\/index.php?rest_route=%2Fwp%2Fv2%2Fmedia&parent=2069"}],"wp:term":[{"taxonomy":"category","embeddable":true,"href":"https:\/\/powiatwwl.pl\/index.php?rest_route=%2Fwp%2Fv2%2Fcategories&post=2069"},{"taxonomy":"post_tag","embeddable":true,"href":"https:\/\/powiatwwl.pl\/index.php?rest_route=%2Fwp%2Fv2%2Ftags&post=2069"}],"curies":[{"name":"wp","href":"https:\/\/api.w.org\/{rel}","templated":true}]}}