{"id":2072,"date":"2026-03-13T08:19:32","date_gmt":"2026-03-13T07:19:32","guid":{"rendered":"http:\/\/powiatwwl.pl\/?p=2072"},"modified":"2026-03-13T08:26:43","modified_gmt":"2026-03-13T07:26:43","slug":"zarzad-powiatu-wolominskiego-informacje-marzec-2026","status":"publish","type":"post","link":"https:\/\/powiatwwl.pl\/?p=2072","title":{"rendered":"Zarz\u0105d Powiatu &#8211; INFORMACJE\/marzec 2026"},"content":{"rendered":"<div class=\"wp-block-image\">\n<figure class=\"aligncenter size-large is-resized\"><img loading=\"lazy\" decoding=\"async\" width=\"1024\" height=\"742\" src=\"https:\/\/powiatwwl.pl\/wp-content\/uploads\/2026\/02\/643891642_1244268657816930_7570077535300204849_n-1024x742.jpg\" alt=\"\" class=\"wp-image-1442\" style=\"aspect-ratio:1.380090974181864;width:680px;height:auto\" srcset=\"https:\/\/powiatwwl.pl\/wp-content\/uploads\/2026\/02\/643891642_1244268657816930_7570077535300204849_n-1024x742.jpg 1024w, https:\/\/powiatwwl.pl\/wp-content\/uploads\/2026\/02\/643891642_1244268657816930_7570077535300204849_n-300x217.jpg 300w, https:\/\/powiatwwl.pl\/wp-content\/uploads\/2026\/02\/643891642_1244268657816930_7570077535300204849_n-768x556.jpg 768w, https:\/\/powiatwwl.pl\/wp-content\/uploads\/2026\/02\/643891642_1244268657816930_7570077535300204849_n-1536x1112.jpg 1536w, https:\/\/powiatwwl.pl\/wp-content\/uploads\/2026\/02\/643891642_1244268657816930_7570077535300204849_n.jpg 2048w\" sizes=\"auto, (max-width: 1024px) 100vw, 1024px\" \/><\/figure>\n<\/div>\n\n\n<p>Info z Zarz\u0105du <a href=\"https:\/\/www.facebook.com\/Powiat.Wolominski?__cft__[0]=AZbzhP2p1DvIlTf-8tVQrxxL7eUc52LsY4rX2Us-wjPwX4mnVo3Dc9D9qyEohMzolBB4ciXMkX4ox0WYVwttfA-wJYqyi9vPpvnqwmp3PxMXr8z5Brv2JqTwdTHbh2xjQbrvsWPtHAXfo41K45yPf_Ct7X2uA4LRPAzHg9_jwK9DoxVV_x14hIfA8563bSP1cZDTXGNvXeGJ1_XPmedd57cs&amp;__tn__=-]K-R\">Powiat Wo\u0142omi\u0144ski<\/a><\/p>\n\n\n\n<p><strong>Zdecydowali\u015bm<\/strong>y o zabezpieczeniu w bud\u017cecie Powiatu (z podzia\u0142em na 2026 r. i 2027 r.) \u015brodk\u00f3w finansowych w wysoko\u015bci 14 mln 690 tys. z\u0142 z przeznaczeniem na realizacj\u0119 inwestycji pn. \u201eRozbudowa kompleksu Szpitalnego wraz z wykonaniem niezb\u0119dnych zada\u0144 inwestycyjnych na rzecz <a href=\"https:\/\/www.facebook.com\/szpitalwolomin?__cft__[0]=AZbzhP2p1DvIlTf-8tVQrxxL7eUc52LsY4rX2Us-wjPwX4mnVo3Dc9D9qyEohMzolBB4ciXMkX4ox0WYVwttfA-wJYqyi9vPpvnqwmp3PxMXr8z5Brv2JqTwdTHbh2xjQbrvsWPtHAXfo41K45yPf_Ct7X2uA4LRPAzHg9_jwK9DoxVV_x14hIfA8563bSP1cZDTXGNvXeGJ1_XPmedd57cs&amp;__tn__=-]K-R\">Szpital Matki Bo\u017cej Nieustaj\u0105cej Pomocy w Wo\u0142ominie<\/a> \u2013 ETAP II\u201d; ww. \u015brodki pozwol\u0105 wyposa\u017cy\u0107 Zak\u0142ad Diagnostyki Obrazowej oraz wykona\u0107 niezb\u0119dne prace instalacyjne i teletechniczne, co pozwoli na zapewnienie pe\u0142nej \u015bcie\u017cki diagnostycznej dla pacjent\u00f3w SORu i znacz\u0105co poprawi warunki oraz czas obs\u0142ugi pacjent\u00f3w<\/p>\n\n\n\n<p>Utworzyli\u015bmy nowe zadania inwestycyjne na 2026 r.:<\/p>\n\n\n\n<p>\u201e<strong>Budowa<\/strong> wyniesionego przej\u015bcia dla pieszych w DP 4370W ul. Tadeusza Ko\u015bciuszki w <a href=\"https:\/\/www.facebook.com\/markiwlaczsie?__cft__[0]=AZbzhP2p1DvIlTf-8tVQrxxL7eUc52LsY4rX2Us-wjPwX4mnVo3Dc9D9qyEohMzolBB4ciXMkX4ox0WYVwttfA-wJYqyi9vPpvnqwmp3PxMXr8z5Brv2JqTwdTHbh2xjQbrvsWPtHAXfo41K45yPf_Ct7X2uA4LRPAzHg9_jwK9DoxVV_x14hIfA8563bSP1cZDTXGNvXeGJ1_XPmedd57cs&amp;__tn__=-]K-R\">Miasto Marki<\/a>\u201d z zabezpieczeniem \u015brodk\u00f3w finansowych w wysoko\u015bci 200 000 z\u0142 (z\u0142o\u017cyli\u015bmy wniosek o dofinansowanie budowy ww. przej\u015bcia w rejonie skrzy\u017cowania ul. Ko\u015bciuszki z ul. Zag\u0142oby w ramach Rz\u0105dowego Programu \u201eRazem bezpieczniej\u201d)<\/p>\n\n\n\n<p>\u201e<strong>Budowa<\/strong> wyniesionego skrzy\u017cowania na drodze powiatowej Nr 4351W w msc. Wola R\u0119czajska, gm. <a href=\"https:\/\/www.facebook.com\/poswietne.gmina?__cft__[0]=AZbzhP2p1DvIlTf-8tVQrxxL7eUc52LsY4rX2Us-wjPwX4mnVo3Dc9D9qyEohMzolBB4ciXMkX4ox0WYVwttfA-wJYqyi9vPpvnqwmp3PxMXr8z5Brv2JqTwdTHbh2xjQbrvsWPtHAXfo41K45yPf_Ct7X2uA4LRPAzHg9_jwK9DoxVV_x14hIfA8563bSP1cZDTXGNvXeGJ1_XPmedd57cs&amp;__tn__=-]K-R\">Gmina Po\u015bwi\u0119tne<\/a>\u201d z zabezpieczeniem \u015brodk\u00f3w finansowych w wysoko\u015bci 10 000 z\u0142 na wynagrodzenie Inspektora Nadzoru Inwestorskiego<\/p>\n\n\n\n<p><strong>Podj\u0119li\u015bmy<\/strong> decyzj\u0119 o wprowadzeniu \u015bredniej podwy\u017cki wynagrodze\u0144 w wysoko\u015bci 6% dla pracownik\u00f3w <a href=\"https:\/\/www.facebook.com\/powurzdpracy?__cft__[0]=AZbzhP2p1DvIlTf-8tVQrxxL7eUc52LsY4rX2Us-wjPwX4mnVo3Dc9D9qyEohMzolBB4ciXMkX4ox0WYVwttfA-wJYqyi9vPpvnqwmp3PxMXr8z5Brv2JqTwdTHbh2xjQbrvsWPtHAXfo41K45yPf_Ct7X2uA4LRPAzHg9_jwK9DoxVV_x14hIfA8563bSP1cZDTXGNvXeGJ1_XPmedd57cs&amp;__tn__=-]K-R\">Powiatowy Urz\u0105d Pracy w Wo\u0142ominie<\/a>, kt\u00f3rych wynagrodzenia odbiega\u0142y od tych w innych jednostkach starostwa. Wysoko\u015b\u0107 podwy\u017cki dla poszczeg\u00f3lnych pracownik\u00f3w jest w gestii dyrektora jednostki<\/p>\n\n\n\n<p><strong>Zwi\u0119kszyli\u015bm<\/strong>y kwot\u0119 przyznanej <a href=\"https:\/\/www.facebook.com\/Zabkimiasto?__cft__[0]=AZbzhP2p1DvIlTf-8tVQrxxL7eUc52LsY4rX2Us-wjPwX4mnVo3Dc9D9qyEohMzolBB4ciXMkX4ox0WYVwttfA-wJYqyi9vPpvnqwmp3PxMXr8z5Brv2JqTwdTHbh2xjQbrvsWPtHAXfo41K45yPf_Ct7X2uA4LRPAzHg9_jwK9DoxVV_x14hIfA8563bSP1cZDTXGNvXeGJ1_XPmedd57cs&amp;__tn__=-]K-R\">Miasto Z\u0105bki<\/a> dotacji o 39 145 z\u0142 na utrzymanie zieleni przydro\u017cnej w pasie drogowym dr\u00f3g powiatowych na terenie Z\u0105bek<\/p>\n\n\n\n<p><strong>Wyrazili\u015bmy<\/strong> zgod\u0119 na wyd\u0142u\u017cenie terminu do po\u0142owy maja realizacji zadania pn. \u201ePoprawa obs\u0142ugi mieszka\u0144c\u00f3w poprzez dostosowanie infrastruktury Starostwa Powiatowego w Wo\u0142ominie\u201d; w trakcie realizacji zadania, polegaj\u0105cego na przebudowie przyziemia budynku Starostwa zasz\u0142a konieczno\u015b\u0107 zlecenia rob\u00f3t dodatkowych i uzupe\u0142niaj\u0105cych. Uci\u0105\u017cliwa zima ogranicza\u0142a r\u00f3wnie\u017c prace zewn\u0119trzne.<\/p>\n\n\n\n<p><strong>Pozytywnie<\/strong> zaopiniowali\u015bmy projekt uchwa\u0142y Rady Powiatu Wo\u0142omi\u0144skiego w sprawie w sprawie udzielenia dotacji dla Parafii Rzymskokatolickiej pw. \u015aw. Stanis\u0142awa Biskupa i M\u0119czennika w Postoliskach na realizacj\u0119 zadania \u2013 I etap prac konserwatorskich nagrobka rodziny Koskowskich (zabytek). Kwota na ten cel to 120 000 z\u0142<\/p>\n\n\n\n<p><strong>Pozytywnie<\/strong> zaopiniowali\u015bmy Sprawozdanie z realizacji Powiatowego programu opieki nad zabytkami powiatu wo\u0142omi\u0144skiego 2022-2025 za lata 2024-2025<\/p>\n\n\n\n<hr class=\"wp-block-separator aligncenter has-alpha-channel-opacity\"\/>\n\n\n<div class=\"wp-block-image\">\n<figure class=\"alignleft size-large is-resized\"><img loading=\"lazy\" decoding=\"async\" width=\"1024\" height=\"1024\" src=\"https:\/\/powiatwwl.pl\/wp-content\/uploads\/2026\/03\/PW-logo12-Zdjecie-profilowe-na-Facebooka-1-1-1024x1024.jpg\" alt=\"\" class=\"wp-image-1847\" style=\"width:111px;height:auto\" srcset=\"https:\/\/powiatwwl.pl\/wp-content\/uploads\/2026\/03\/PW-logo12-Zdjecie-profilowe-na-Facebooka-1-1-1024x1024.jpg 1024w, https:\/\/powiatwwl.pl\/wp-content\/uploads\/2026\/03\/PW-logo12-Zdjecie-profilowe-na-Facebooka-1-1-300x300.jpg 300w, https:\/\/powiatwwl.pl\/wp-content\/uploads\/2026\/03\/PW-logo12-Zdjecie-profilowe-na-Facebooka-1-1-150x150.jpg 150w, https:\/\/powiatwwl.pl\/wp-content\/uploads\/2026\/03\/PW-logo12-Zdjecie-profilowe-na-Facebooka-1-1-768x768.jpg 768w, https:\/\/powiatwwl.pl\/wp-content\/uploads\/2026\/03\/PW-logo12-Zdjecie-profilowe-na-Facebooka-1-1-1536x1536.jpg 1536w, https:\/\/powiatwwl.pl\/wp-content\/uploads\/2026\/03\/PW-logo12-Zdjecie-profilowe-na-Facebooka-1-1-80x80.jpg 80w, https:\/\/powiatwwl.pl\/wp-content\/uploads\/2026\/03\/PW-logo12-Zdjecie-profilowe-na-Facebooka-1-1-320x320.jpg 320w, https:\/\/powiatwwl.pl\/wp-content\/uploads\/2026\/03\/PW-logo12-Zdjecie-profilowe-na-Facebooka-1-1.jpg 2048w\" sizes=\"auto, (max-width: 1024px) 100vw, 1024px\" \/><\/figure>\n<\/div>\n\n\n<h2 class=\"wp-block-heading\"><strong><a href=\"https:\/\/www.facebook.com\/starostaWerelich\">Arkadiusz WERELICH<\/a><\/strong><\/h2>\n\n\n\n<p><\/p>\n","protected":false},"excerpt":{"rendered":"<p>Zdecydowali\u015bmy o zabezpieczeniu w bud\u017cecie Powiatu (z podzia\u0142em na 2026 r. i 2027 r.) \u015brodk\u00f3w finansowych w wysoko\u015bci 14 mln 690 tys. z\u0142 z przeznaczeniem na realizacj\u0119 inwestycji pn. \u201eRozbudowa kompleksu Szpitalnego wraz z wykonaniem niezb\u0119dnych zada\u0144 inwestycyjnych na rzecz Szpital Matki Bo\u017cej Nieustaj\u0105cej Pomocy w Wo\u0142ominie \u2013 ETAP II\u201d; ww. \u015brodki pozwol\u0105 wyposa\u017cy\u0107 Zak\u0142ad Diagnostyki Obrazowej oraz wykona\u0107 niezb\u0119dne prace instalacyjne i teletechniczne, co pozwoli na zapewnienie pe\u0142nej \u015bcie\u017cki diagnostycznej dla pacjent\u00f3w SORu i znacz\u0105co poprawi warunki oraz czas obs\u0142ugi pacjent\u00f3w&#8230;<\/p>\n","protected":false},"author":1,"featured_media":2075,"comment_status":"open","ping_status":"open","sticky":false,"template":"","format":"standard","meta":{"footnotes":""},"categories":[1],"tags":[],"class_list":["post-2072","post","type-post","status-publish","format-standard","has-post-thumbnail","hentry","category-aktualnosci"],"_links":{"self":[{"href":"https:\/\/powiatwwl.pl\/index.php?rest_route=\/wp\/v2\/posts\/2072","targetHints":{"allow":["GET"]}}],"collection":[{"href":"https:\/\/powiatwwl.pl\/index.php?rest_route=\/wp\/v2\/posts"}],"about":[{"href":"https:\/\/powiatwwl.pl\/index.php?rest_route=\/wp\/v2\/types\/post"}],"author":[{"embeddable":true,"href":"https:\/\/powiatwwl.pl\/index.php?rest_route=\/wp\/v2\/users\/1"}],"replies":[{"embeddable":true,"href":"https:\/\/powiatwwl.pl\/index.php?rest_route=%2Fwp%2Fv2%2Fcomments&post=2072"}],"version-history":[{"count":2,"href":"https:\/\/powiatwwl.pl\/index.php?rest_route=\/wp\/v2\/posts\/2072\/revisions"}],"predecessor-version":[{"id":2074,"href":"https:\/\/powiatwwl.pl\/index.php?rest_route=\/wp\/v2\/posts\/2072\/revisions\/2074"}],"wp:featuredmedia":[{"embeddable":true,"href":"https:\/\/powiatwwl.pl\/index.php?rest_route=\/wp\/v2\/media\/2075"}],"wp:attachment":[{"href":"https:\/\/powiatwwl.pl\/index.php?rest_route=%2Fwp%2Fv2%2Fmedia&parent=2072"}],"wp:term":[{"taxonomy":"category","embeddable":true,"href":"https:\/\/powiatwwl.pl\/index.php?rest_route=%2Fwp%2Fv2%2Fcategories&post=2072"},{"taxonomy":"post_tag","embeddable":true,"href":"https:\/\/powiatwwl.pl\/index.php?rest_route=%2Fwp%2Fv2%2Ftags&post=2072"}],"curies":[{"name":"wp","href":"https:\/\/api.w.org\/{rel}","templated":true}]}}