{"id":2076,"date":"2026-03-13T13:40:10","date_gmt":"2026-03-13T12:40:10","guid":{"rendered":"http:\/\/powiatwwl.pl\/?p=2076"},"modified":"2026-03-13T13:45:27","modified_gmt":"2026-03-13T12:45:27","slug":"wiosna-w-pik-fabryczka","status":"publish","type":"post","link":"https:\/\/powiatwwl.pl\/?p=2076","title":{"rendered":"Wiosna w PCK &#8222;Fabryczka&#8221;"},"content":{"rendered":"<div class=\"wp-block-image\">\n<figure class=\"aligncenter size-full\"><img decoding=\"async\" src=\"https:\/\/powiatwwl.pl\/wp-content\/uploads\/2026\/03\/651193232_1632751335085095_6997750373741357969_n.jpg\" alt=\"\" class=\"wp-image-2077\"\/><\/figure>\n<\/div>\n\n\n<p>Przed nami kilka wyj\u0105tkowych wydarze\u0144, na kt\u00f3re ju\u017c dzi\u015b serdecznie Was zapraszamy!. W naszym wiosennym kalendarium znajdziecie m.in. Powiatowy Jarmark Wielkanocny, wernisa\u017c wystaw Roberta O\u0142dakowskiego, recital Bohdana \u0141azuki, karaoke w Fabryczce, stand-up Jakuba Pocz\u0119tego oraz Noc Muze\u00f3w. Cz\u0119\u015b\u0107 wydarze\u0144 jest z wolnym wst\u0119pem, na cz\u0119\u015b\u0107 obowi\u0105zuj\u0105 bilety lub wej\u015bci\u00f3wki. Wi\u0119cej informacji o poszczeg\u00f3lnych wydarzeniach znajdziecie na naszych profilach w mediach spo\u0142eczno\u015bciowych oraz na stronie internetowej. fabryczka.com.pl<\/p>\n\n\n\n<p>Do zobaczenia w Fabryczce! <strong><em>\/Fabryczka\/<\/em><\/strong><\/p>\n\n\n\n<hr class=\"wp-block-separator aligncenter has-alpha-channel-opacity\"\/>\n\n\n<div class=\"wp-block-image\">\n<figure class=\"alignleft size-full is-resized\"><img loading=\"lazy\" decoding=\"async\" width=\"236\" height=\"200\" src=\"https:\/\/powiatwwl.pl\/wp-content\/uploads\/2026\/02\/fabryczka-logo-3.png\" alt=\"\" class=\"wp-image-695\" style=\"aspect-ratio:1.1801062666041569;width:111px;height:auto\"\/><\/figure>\n<\/div>\n\n\n<h2 class=\"wp-block-heading\"><strong><a href=\"https:\/\/www.facebook.com\/fabryczka.wolomin\">FABRYCZKA<\/a><\/strong><\/h2>\n\n\n\n<p><\/p>\n","protected":false},"excerpt":{"rendered":"<p>Przed nami kilka wyj\u0105tkowych wydarze\u0144, na kt\u00f3re ju\u017c dzi\u015b serdecznie Was zapraszamy!. W naszym wiosennym kalendarium znajdziecie m.in. Powiatowy Jarmark Wielkanocny, wernisa\u017c wystaw Roberta O\u0142dakowskiego, recital Bohdana \u0141azuki, karaoke w Fabryczce, stand-up Jakuba Pocz\u0119tego oraz Noc Muze\u00f3w. Cz\u0119\u015b\u0107 wydarze\u0144 jest z wolnym wst\u0119pem, na cz\u0119\u015b\u0107 obowi\u0105zuj\u0105 bilety lub wej\u015bci\u00f3wki. Wi\u0119cej informacji o poszczeg\u00f3lnych wydarzeniach znajdziecie na naszych profilach w mediach spo\u0142eczno\u015bciowych oraz na stronie internetowej. fabryczka.com.pl<\/p>\n","protected":false},"author":1,"featured_media":2081,"comment_status":"open","ping_status":"open","sticky":false,"template":"","format":"standard","meta":{"footnotes":""},"categories":[1],"tags":[],"class_list":["post-2076","post","type-post","status-publish","format-standard","has-post-thumbnail","hentry","category-aktualnosci"],"_links":{"self":[{"href":"https:\/\/powiatwwl.pl\/index.php?rest_route=\/wp\/v2\/posts\/2076","targetHints":{"allow":["GET"]}}],"collection":[{"href":"https:\/\/powiatwwl.pl\/index.php?rest_route=\/wp\/v2\/posts"}],"about":[{"href":"https:\/\/powiatwwl.pl\/index.php?rest_route=\/wp\/v2\/types\/post"}],"author":[{"embeddable":true,"href":"https:\/\/powiatwwl.pl\/index.php?rest_route=\/wp\/v2\/users\/1"}],"replies":[{"embeddable":true,"href":"https:\/\/powiatwwl.pl\/index.php?rest_route=%2Fwp%2Fv2%2Fcomments&post=2076"}],"version-history":[{"count":2,"href":"https:\/\/powiatwwl.pl\/index.php?rest_route=\/wp\/v2\/posts\/2076\/revisions"}],"predecessor-version":[{"id":2079,"href":"https:\/\/powiatwwl.pl\/index.php?rest_route=\/wp\/v2\/posts\/2076\/revisions\/2079"}],"wp:featuredmedia":[{"embeddable":true,"href":"https:\/\/powiatwwl.pl\/index.php?rest_route=\/wp\/v2\/media\/2081"}],"wp:attachment":[{"href":"https:\/\/powiatwwl.pl\/index.php?rest_route=%2Fwp%2Fv2%2Fmedia&parent=2076"}],"wp:term":[{"taxonomy":"category","embeddable":true,"href":"https:\/\/powiatwwl.pl\/index.php?rest_route=%2Fwp%2Fv2%2Fcategories&post=2076"},{"taxonomy":"post_tag","embeddable":true,"href":"https:\/\/powiatwwl.pl\/index.php?rest_route=%2Fwp%2Fv2%2Ftags&post=2076"}],"curies":[{"name":"wp","href":"https:\/\/api.w.org\/{rel}","templated":true}]}}